{"id":40331,"date":"2013-06-07T06:00:28","date_gmt":"2013-06-07T06:00:28","guid":{"rendered":"https:\/\/archiviogioia.lavocedelpaese.info\/?p=40331"},"modified":"2013-06-07T06:00:28","modified_gmt":"2013-06-07T06:00:28","slug":"team-joya-apre-adesioni-al-iv-volley-camp-estivo-2","status":"publish","type":"post","link":"https:\/\/archiviogioia.lavocedelpaese.info\/?p=40331","title":{"rendered":"TEAM J\u00d2YA APRE ADESIONI AL \u201cIV VOLLEY CAMP ESTIVO\u201d"},"content":{"rendered":"<p><img loading=\"lazy\" decoding=\"async\" class=\" size-full wp-image-40327\" style=\"margin-right: 2px; margin-left: 2px;\" alt=\"volley-camp-estivo2013 06 02 7\" src=\"https:\/\/archiviogioia.lavocedelpaese.info\/wp-content\/uploads\/2013\/06\/volley-camp-estivo2013_06_02_7.jpg\" height=\"150\" width=\"320\" srcset=\"https:\/\/archiviogioia.lavocedelpaese.info\/wp-content\/uploads\/2013\/06\/volley-camp-estivo2013_06_02_7.jpg 640w, https:\/\/archiviogioia.lavocedelpaese.info\/wp-content\/uploads\/2013\/06\/volley-camp-estivo2013_06_02_7-300x141.jpg 300w\" sizes=\"auto, (max-width: 320px) 100vw, 320px\" \/><\/p>\n<p><!--more--><\/p>\n<p style=\"text-align: right;\">&nbsp;<\/p>\n<p style=\"text-align: justify;\"><b><img loading=\"lazy\" decoding=\"async\" class=\" alignleft size-full wp-image-40329\" style=\"margin: 4px; float: left;\" alt=\"locandina-camp-2013\" src=\"https:\/\/archiviogioia.lavocedelpaese.info\/wp-content\/uploads\/2013\/06\/locandina-camp-2013.jpg\" height=\"429\" width=\"300\" srcset=\"https:\/\/archiviogioia.lavocedelpaese.info\/wp-content\/uploads\/2013\/06\/locandina-camp-2013.jpg 660w, https:\/\/archiviogioia.lavocedelpaese.info\/wp-content\/uploads\/2013\/06\/locandina-camp-2013-210x300.jpg 210w\" sizes=\"auto, (max-width: 300px) 100vw, 300px\" \/>Conclusa la stagione non si fermano le attivit\u00e0 del Team Volley J\u00f2ya<\/b>, come sempre impegnato anche d\u2019estate assieme a tutti i ragazzi del settore giovanile. <b>L\u2019Academy biancorossa<\/b>, infatti, <b>\u00e8 pronta per inaugurare il IV Volley Camp Estivo<\/b>, che quest\u2019anno si terr\u00e0 presso il PalaCapurso <b>dal 10 giugno al 2 agosto<\/b>. Patrocinato dall\u2019Assessorato allo Sport del Comune di Gioia del Colle, il Camp \u00e8 <b>aperto a tutti i giovani di et\u00e0 compresa tra i 5 e i 18 anni<\/b> che vorranno trascorrere giornate di svago e spensieratezza assieme allo staff biancorosso. Oltre agli immancabili scherzi d\u2019acqua e giochi estivi, <b>i tecnici federali dell\u2019Academy biancorossa allestiranno il palazzetto con reti e campi da minivolley<\/b> proseguendo con l\u2019attivit\u00e0 didattica del volley in modo ludico e divertente. Il Camp si svolger\u00e0 <b>dal luned\u00ec al venerd\u00ec dalle 8.30 alle 12.30 e dalle 16 alle 19<\/b>, chiunque fosse interessato per informazioni e iscrizioni pu\u00f2 <b>contattare la segretaria Mariangela Miccolis<\/b> al 339 7333463.<\/p>\n<p style=\"text-align: justify;\"><b>Non mancheranno anche alcune delle giovanissime ragazze<\/b> <b>di Seconda Divisione<\/b>, le uniche ancora al lavoro. Dopo la sconfitta con Cassano <b>le biancorosse sono attese dall\u2019ultimo atto stagionale, domenica 9 al PalaKouznetsov<\/b> alle 11.30 <b>contro Cellamare<\/b>, per provare a chiudere al meglio la loro stagione di esordio.<\/p>\n<p>(<b>Giuseppe Leronni<\/b> &#8211; Ufficio Stampa Team Volley J\u00f2ya) &nbsp;<\/p>\n","protected":false},"excerpt":{"rendered":"","protected":false},"author":1,"featured_media":40327,"comment_status":"open","ping_status":"closed","sticky":false,"template":"","format":"standard","meta":{"colormag_page_container_layout":"default_layout","colormag_page_sidebar_layout":"default_layout","footnotes":""},"categories":[5],"tags":[],"class_list":["post-40331","post","type-post","status-publish","format-standard","has-post-thumbnail","hentry","category-sport"],"_links":{"self":[{"href":"https:\/\/archiviogioia.lavocedelpaese.info\/index.php?rest_route=\/wp\/v2\/posts\/40331","targetHints":{"allow":["GET"]}}],"collection":[{"href":"https:\/\/archiviogioia.lavocedelpaese.info\/index.php?rest_route=\/wp\/v2\/posts"}],"about":[{"href":"https:\/\/archiviogioia.lavocedelpaese.info\/index.php?rest_route=\/wp\/v2\/types\/post"}],"author":[{"embeddable":true,"href":"https:\/\/archiviogioia.lavocedelpaese.info\/index.php?rest_route=\/wp\/v2\/users\/1"}],"replies":[{"embeddable":true,"href":"https:\/\/archiviogioia.lavocedelpaese.info\/index.php?rest_route=%2Fwp%2Fv2%2Fcomments&post=40331"}],"version-history":[{"count":0,"href":"https:\/\/archiviogioia.lavocedelpaese.info\/index.php?rest_route=\/wp\/v2\/posts\/40331\/revisions"}],"wp:featuredmedia":[{"embeddable":true,"href":"https:\/\/archiviogioia.lavocedelpaese.info\/index.php?rest_route=\/wp\/v2\/media\/40327"}],"wp:attachment":[{"href":"https:\/\/archiviogioia.lavocedelpaese.info\/index.php?rest_route=%2Fwp%2Fv2%2Fmedia&parent=40331"}],"wp:term":[{"taxonomy":"category","embeddable":true,"href":"https:\/\/archiviogioia.lavocedelpaese.info\/index.php?rest_route=%2Fwp%2Fv2%2Fcategories&post=40331"},{"taxonomy":"post_tag","embeddable":true,"href":"https:\/\/archiviogioia.lavocedelpaese.info\/index.php?rest_route=%2Fwp%2Fv2%2Ftags&post=40331"}],"curies":[{"name":"wp","href":"https:\/\/api.w.org\/{rel}","templated":true}]}}