{"id":40535,"date":"2013-06-12T20:17:04","date_gmt":"2013-06-12T20:17:04","guid":{"rendered":"https:\/\/archiviogioia.lavocedelpaese.info\/?p=40535"},"modified":"2013-06-12T20:17:04","modified_gmt":"2013-06-12T20:17:04","slug":"arresti-bene-comune-si-al-consiglio-in-luogo-capiente","status":"publish","type":"post","link":"https:\/\/archiviogioia.lavocedelpaese.info\/?p=40535","title":{"rendered":"ARRESTI. BENE COMUNE: S\u00cd AL CONSIGLIO IN LUOGO \u201cCAPIENTE\u201d"},"content":{"rendered":"<p><img loading=\"lazy\" decoding=\"async\" class=\" size-full wp-image-4933\" style=\"margin-right: 2px; margin-left: 2px;\" alt=\"municipio-di-notte-pp\" src=\"https:\/\/archiviogioia.lavocedelpaese.info\/wp-content\/uploads\/2010\/10\/municipio-di-notte-pp.jpg\" height=\"150\" width=\"320\" srcset=\"https:\/\/archiviogioia.lavocedelpaese.info\/wp-content\/uploads\/2010\/10\/municipio-di-notte-pp.jpg 640w, https:\/\/archiviogioia.lavocedelpaese.info\/wp-content\/uploads\/2010\/10\/municipio-di-notte-pp-300x141.jpg 300w\" sizes=\"auto, (max-width: 320px) 100vw, 320px\" \/><\/p>\n<p>\n<!--more--><br \/>\n<strong><\/strong><\/p>\n<p><strong>Riceviamo e pubblichiamo<\/strong>.<\/p>\n<p style=\"text-align: center;\">&#8212;&#8212;&#8212;&#8212;&#8212;&#8212;&#8212;&#8212;&#8212;&#8212;&#8212;&#8212;&#8212;-<\/p>\n<p style=\"text-align: center;\"><strong>COMUNICATO STAMPA<\/strong><\/p>\n<p style=\"text-align: justify;\">&nbsp;<\/p>\n<p style=\"margin-bottom: 0.0001pt; text-align: justify;\">&#8220;La Coalizione \u201cPer il Bene Comune\u201d aderisce alla richiesta formulata da alcuni consiglieri comunali e chiede con forza che al pi\u00f9 presto sia convocato il Consiglio Comunale per decidere, in quanto unico organo deputato a farlo, il futuro di questa amministrazione.<\/p>\n<p style=\"margin-bottom: 0.0001pt; text-align: justify;\">Ricordiamo che la Giunta del sindaco Povia \u00e8 privata della figura di vicesindaco che \u00e8 un organo istituzionale previsto dalla Legge.<\/p>\n<p style=\"margin-bottom: 0.0001pt; text-align: justify;\">I cittadini non possono rimanere nel disorientamento istituzionale a lungo e devono tornare a credere nelle prerogative proprie del Consiglio Comunale e non, invece, vedere affissi manifesti su cui il Sindaco reclama per s\u00e9 il diritto di stabilire dove \u00e8 la giustizia e dove non lo \u00e8.<\/p>\n<p style=\"margin-bottom: 0.0001pt; text-align: justify;\">A testa alta si. Il sindaco deve dimostrare di averne le capacit\u00e0 affrontando l\u2019argomento degli arresti in seno alla sua maggioranza davanti ai rappresentanti della citt\u00e0 nel Consiglio Comunale.<\/p>\n<p style=\"margin-bottom: 0.0001pt; text-align: justify;\">La Coalizione \u201cPer il Bene Comune\u201d ritiene che il Consiglio debba tenersi in luogo capace di contenere il maggior numero di cittadini che intendono conoscere quale sar\u00e0 il proprio futuro guardando negli occhi i propri rappresentanti&#8221;.<\/p>\n<p style=\"margin-bottom: 0.0001pt; text-align: justify;\">&nbsp;&nbsp;&nbsp;&nbsp;&nbsp;&nbsp;&nbsp;&nbsp;&nbsp;&nbsp;&nbsp;&nbsp;&nbsp;&nbsp;&nbsp;&nbsp;&nbsp;&nbsp;&nbsp;&nbsp;&nbsp;&nbsp;&nbsp;&nbsp;&nbsp;&nbsp;&nbsp;&nbsp;&nbsp;&nbsp;&nbsp;&nbsp;&nbsp;&nbsp;&nbsp;&nbsp;&nbsp;&nbsp;&nbsp;&nbsp;&nbsp;&nbsp;&nbsp;&nbsp;&nbsp;&nbsp;&nbsp;&nbsp;&nbsp;&nbsp;&nbsp;&nbsp;&nbsp;&nbsp;&nbsp;&nbsp;&nbsp;&nbsp;&nbsp;&nbsp;&nbsp;&nbsp;&nbsp;&nbsp;&nbsp;&nbsp;&nbsp;&nbsp;&nbsp;&nbsp; La Coalizione \u201cPer il Bene Comune\u201d<\/p>\n<p>&nbsp;<\/p>\n<p>&nbsp;<\/p>\n","protected":false},"excerpt":{"rendered":"","protected":false},"author":1,"featured_media":4933,"comment_status":"open","ping_status":"closed","sticky":false,"template":"","format":"standard","meta":{"colormag_page_container_layout":"default_layout","colormag_page_sidebar_layout":"default_layout","footnotes":""},"categories":[4],"tags":[],"class_list":["post-40535","post","type-post","status-publish","format-standard","has-post-thumbnail","hentry","category-politica"],"_links":{"self":[{"href":"https:\/\/archiviogioia.lavocedelpaese.info\/index.php?rest_route=\/wp\/v2\/posts\/40535","targetHints":{"allow":["GET"]}}],"collection":[{"href":"https:\/\/archiviogioia.lavocedelpaese.info\/index.php?rest_route=\/wp\/v2\/posts"}],"about":[{"href":"https:\/\/archiviogioia.lavocedelpaese.info\/index.php?rest_route=\/wp\/v2\/types\/post"}],"author":[{"embeddable":true,"href":"https:\/\/archiviogioia.lavocedelpaese.info\/index.php?rest_route=\/wp\/v2\/users\/1"}],"replies":[{"embeddable":true,"href":"https:\/\/archiviogioia.lavocedelpaese.info\/index.php?rest_route=%2Fwp%2Fv2%2Fcomments&post=40535"}],"version-history":[{"count":0,"href":"https:\/\/archiviogioia.lavocedelpaese.info\/index.php?rest_route=\/wp\/v2\/posts\/40535\/revisions"}],"wp:featuredmedia":[{"embeddable":true,"href":"https:\/\/archiviogioia.lavocedelpaese.info\/index.php?rest_route=\/wp\/v2\/media\/4933"}],"wp:attachment":[{"href":"https:\/\/archiviogioia.lavocedelpaese.info\/index.php?rest_route=%2Fwp%2Fv2%2Fmedia&parent=40535"}],"wp:term":[{"taxonomy":"category","embeddable":true,"href":"https:\/\/archiviogioia.lavocedelpaese.info\/index.php?rest_route=%2Fwp%2Fv2%2Fcategories&post=40535"},{"taxonomy":"post_tag","embeddable":true,"href":"https:\/\/archiviogioia.lavocedelpaese.info\/index.php?rest_route=%2Fwp%2Fv2%2Ftags&post=40535"}],"curies":[{"name":"wp","href":"https:\/\/api.w.org\/{rel}","templated":true}]}}