{"id":40623,"date":"2013-06-16T06:48:50","date_gmt":"2013-06-16T06:48:50","guid":{"rendered":"https:\/\/archiviogioia.lavocedelpaese.info\/?p=40623"},"modified":"2013-06-16T06:48:50","modified_gmt":"2013-06-16T06:48:50","slug":"piazza-pinto-panico-per-la-presenza-di-un-serpente-2","status":"publish","type":"post","link":"https:\/\/archiviogioia.lavocedelpaese.info\/?p=40623","title":{"rendered":"PIAZZA PINTO. PANICO PER LA PRESENZA DI UN SERPENTE"},"content":{"rendered":"<p><img loading=\"lazy\" decoding=\"async\" class=\" size-full wp-image-40617\" style=\"margin-right: 2px; margin-left: 2px;\" alt=\"serpente-piazza-pinto\" src=\"https:\/\/archiviogioia.lavocedelpaese.info\/wp-content\/uploads\/2013\/06\/serpente-piazza-pinto.png\" height=\"150\" width=\"320\" srcset=\"https:\/\/archiviogioia.lavocedelpaese.info\/wp-content\/uploads\/2013\/06\/serpente-piazza-pinto.png 640w, https:\/\/archiviogioia.lavocedelpaese.info\/wp-content\/uploads\/2013\/06\/serpente-piazza-pinto-300x141.png 300w\" sizes=\"auto, (max-width: 320px) 100vw, 320px\" \/><\/p>\n<p><!--more--><\/p>\n<p style=\"text-align: justify;\"><img loading=\"lazy\" decoding=\"async\" class=\" alignleft size-full wp-image-40619\" style=\"margin: 4px; float: left;\" alt=\"serpente catturato7443 n\" src=\"https:\/\/archiviogioia.lavocedelpaese.info\/wp-content\/uploads\/2013\/06\/5555_10201381300079718_1567167443_n.jpg\" height=\"400\" width=\"300\" srcset=\"https:\/\/archiviogioia.lavocedelpaese.info\/wp-content\/uploads\/2013\/06\/5555_10201381300079718_1567167443_n.jpg 720w, https:\/\/archiviogioia.lavocedelpaese.info\/wp-content\/uploads\/2013\/06\/5555_10201381300079718_1567167443_n-225x300.jpg 225w\" sizes=\"auto, (max-width: 300px) 100vw, 300px\" \/>Nel pomeriggio di ieri nei giardini di <b>Piazza Pinto<\/b>, <b>panico per la presenza di un serpente<\/b>. <b>Il rettile<\/b>, lungo oltre un metro, avvistato da alcuni dei presenti, <b>\u00e8 stato catturato con mezzi di fortuna<\/b> e presumibilmente ucciso. <b>La vista di un serpente<\/b>, per quanto possa essere innocuo, dato non sempre evidente a bambini e genitori o gente comune, <b>\u00e8 sempre oggetto di atavica e ancestrale paura<\/b>.<\/p>\n<p style=\"text-align: justify;\"><b>Ritrovare un rettile in un giardino<\/b> del proprio paese e non in campagna, come logica vorrebbe, <b>rende questa esperienza ancora pi\u00f9 traumatica<\/b>.<\/p>\n<p style=\"text-align: justify;\"><b>Cosa fare in questi casi?<\/b><\/p>\n<p style=\"text-align: justify;\">Per prima cosa <b>tenersi a distanza di sicurezza<\/b>, evitare di cedere al panico e <b>allertare le autorit\u00e0<\/b>.<\/p>\n<p style=\"text-align: justify;\"><b>Dino D\u2019Ippolito<\/b>, presidente del WWF Gioia del Colle &#8211; Acquaviva, interpellato in proposito, <b>suggerisce di contattare il Corpo Forestale dello Stato<\/b> (<span class=\"value\">080 3441055) <b>e i vigili urbani<\/b> (<span class=\"value\">080 3484014).<\/span><\/span><\/p>\n<p style=\"text-align: justify;\"><b>\u201cIl rettile nella foto non \u00e8 assolutamente una vipera<\/b>, non parrebbe una specie autoctona e probabilmente \u00e8 fuggito da un terrario.\u201d<\/p>\n<p style=\"text-align: justify;\">\u201cLe dimensioni consentono di rassicurare: <b>non appartiene a una specie velenosa<\/b>. <b>Mi auguro non sia stato ucciso, azione che \u00e8 per altro un reato penale<\/b>\u201d.<\/p>\n<p style=\"text-align: justify;\"><b>Anche nel caso di rinvenimenti di piccoli falchi <\/b>o rondini in cattivit\u00e0, magari sfrattati dal nido, <b>occorre contattare forestali e vigili urbani<\/b> affinch\u00e9 portino i volatili selvatici nel centro faunistico pi\u00f9 vicino, quello di Bitetto.<img loading=\"lazy\" decoding=\"async\" class=\" alignright size-full wp-image-40621\" style=\"margin: 4px; float: right;\" alt=\"serpenteIMG 4596\" src=\"https:\/\/archiviogioia.lavocedelpaese.info\/wp-content\/uploads\/2013\/06\/IMG_4596.jpg\" height=\"248\" width=\"340\" srcset=\"https:\/\/archiviogioia.lavocedelpaese.info\/wp-content\/uploads\/2013\/06\/IMG_4596.jpg 794w, https:\/\/archiviogioia.lavocedelpaese.info\/wp-content\/uploads\/2013\/06\/IMG_4596-300x219.jpg 300w, https:\/\/archiviogioia.lavocedelpaese.info\/wp-content\/uploads\/2013\/06\/IMG_4596-768x561.jpg 768w\" sizes=\"auto, (max-width: 340px) 100vw, 340px\" \/><\/p>\n<p style=\"text-align: justify;\">Sull\u2019utilit\u00e0 dei rettili in natura nessun dubbio, <b>su come \u201ctrattarli\u201d trovandoseli tra i piedi<\/b>, magari nel giardino di casa o in giardinetti pubblici, <b>alcune istruzioni<\/b>.<\/p>\n<p style=\"text-align: justify;\">Per prima cosa <b>occorre prendere un bastone o un oggetto lungo a portata di mano e<\/b><b> distrarre il serpente con il bastone<\/b>, quindi <b>afferrare con forza la coda e sollevarlo verso l\u2019alto lasciando la parte anteriore del corpo del serpente appoggiata al suolo<\/b>, tenendo le gambe e il corpo il pi\u00f9 lontano possibile, quindi <b>appoggiare l\u2019estremit\u00e0 del bastone sotto la parte anteriore del serpente alzandola dal suolo<\/b>. In questo modo rester\u00e0 pi\u00f9 calmo che se preso per la testa e si potr\u00e0 controllare la posizione del serpente pi\u00f9 facilmente. Passo successivo: <b>liberare il serpente in un\u2019area con molti posti in cui possa nascondersi<\/b>, ad esempio un muro di pietra o dei cespugli e lasciarlo libero senza pi\u00f9 tenerlo per la coda. <b>Il serpente cercher\u00e0 immediatamente rifugio per scappare dal \u201cpredatore\u201d che lo aveva catturato<\/b>.<\/p>\n<p style=\"text-align: justify;\"><b>Se l\u2019incontro ravvicinato avviene nei paraggi di casa, prendere scopa e secchio<\/b>, con la prima spingere il rettile nel secchio, <b>richiuderlo e portarlo lontano dall\u2019abitazione, in piena campagna<\/b>.<\/p>\n<p><object width=\"640\" height=\"360\" data=\"http:\/\/www.youtube.com\/v\/sdhdVAvbpLM?hl=it_IT&amp;version=3&amp;rel=0\" type=\"application\/x-shockwave-flash\"><param name=\"movie\" value=\"http:\/\/www.youtube.com\/v\/sdhdVAvbpLM?hl=it_IT&amp;version=3&amp;rel=0\" \/><param name=\"allowFullScreen\" value=\"true\" \/><param name=\"allowscriptaccess\" value=\"always\" \/><\/object><\/p>\n","protected":false},"excerpt":{"rendered":"","protected":false},"author":1,"featured_media":40617,"comment_status":"open","ping_status":"closed","sticky":false,"template":"","format":"standard","meta":{"colormag_page_container_layout":"default_layout","colormag_page_sidebar_layout":"default_layout","footnotes":""},"categories":[8],"tags":[],"class_list":["post-40623","post","type-post","status-publish","format-standard","has-post-thumbnail","hentry","category-cronaca"],"_links":{"self":[{"href":"https:\/\/archiviogioia.lavocedelpaese.info\/index.php?rest_route=\/wp\/v2\/posts\/40623","targetHints":{"allow":["GET"]}}],"collection":[{"href":"https:\/\/archiviogioia.lavocedelpaese.info\/index.php?rest_route=\/wp\/v2\/posts"}],"about":[{"href":"https:\/\/archiviogioia.lavocedelpaese.info\/index.php?rest_route=\/wp\/v2\/types\/post"}],"author":[{"embeddable":true,"href":"https:\/\/archiviogioia.lavocedelpaese.info\/index.php?rest_route=\/wp\/v2\/users\/1"}],"replies":[{"embeddable":true,"href":"https:\/\/archiviogioia.lavocedelpaese.info\/index.php?rest_route=%2Fwp%2Fv2%2Fcomments&post=40623"}],"version-history":[{"count":0,"href":"https:\/\/archiviogioia.lavocedelpaese.info\/index.php?rest_route=\/wp\/v2\/posts\/40623\/revisions"}],"wp:featuredmedia":[{"embeddable":true,"href":"https:\/\/archiviogioia.lavocedelpaese.info\/index.php?rest_route=\/wp\/v2\/media\/40617"}],"wp:attachment":[{"href":"https:\/\/archiviogioia.lavocedelpaese.info\/index.php?rest_route=%2Fwp%2Fv2%2Fmedia&parent=40623"}],"wp:term":[{"taxonomy":"category","embeddable":true,"href":"https:\/\/archiviogioia.lavocedelpaese.info\/index.php?rest_route=%2Fwp%2Fv2%2Fcategories&post=40623"},{"taxonomy":"post_tag","embeddable":true,"href":"https:\/\/archiviogioia.lavocedelpaese.info\/index.php?rest_route=%2Fwp%2Fv2%2Ftags&post=40623"}],"curies":[{"name":"wp","href":"https:\/\/api.w.org\/{rel}","templated":true}]}}