{"id":40671,"date":"2013-06-17T05:09:05","date_gmt":"2013-06-17T05:09:05","guid":{"rendered":"https:\/\/archiviogioia.lavocedelpaese.info\/?p=40671"},"modified":"2013-06-17T05:09:05","modified_gmt":"2013-06-17T05:09:05","slug":"piccoli-attori-resextensa-applauditi-spettacoli-foto-2","status":"publish","type":"post","link":"https:\/\/archiviogioia.lavocedelpaese.info\/?p=40671","title":{"rendered":"PICCOLI ATTORI RESEXTENSA. APPLAUDITI SPETTACOLI-foto"},"content":{"rendered":"<p><img loading=\"lazy\" decoding=\"async\" class=\" size-full wp-image-40667\" style=\"margin-right: 2px; margin-left: 2px;\" alt=\"piccoli-attori-resextensa4-pp\" src=\"https:\/\/archiviogioia.lavocedelpaese.info\/wp-content\/uploads\/2013\/06\/piccoli-attori-resextensa4-pp.png\" height=\"150\" width=\"320\" srcset=\"https:\/\/archiviogioia.lavocedelpaese.info\/wp-content\/uploads\/2013\/06\/piccoli-attori-resextensa4-pp.png 640w, https:\/\/archiviogioia.lavocedelpaese.info\/wp-content\/uploads\/2013\/06\/piccoli-attori-resextensa4-pp-300x141.png 300w\" sizes=\"auto, (max-width: 320px) 100vw, 320px\" \/><\/p>\n<p><!--more--><\/p>\n<p style=\"margin-bottom: 0.0001pt; text-align: justify; line-height: normal;\"><img loading=\"lazy\" decoding=\"async\" class=\" alignleft size-full wp-image-40668\" style=\"margin: 4px; float: left;\" alt=\"piccoli-attori-resextensa5\" src=\"https:\/\/archiviogioia.lavocedelpaese.info\/wp-content\/uploads\/2013\/06\/piccoli-attori-resextensa5.jpg\" height=\"255\" width=\"340\" srcset=\"https:\/\/archiviogioia.lavocedelpaese.info\/wp-content\/uploads\/2013\/06\/piccoli-attori-resextensa5.jpg 640w, https:\/\/archiviogioia.lavocedelpaese.info\/wp-content\/uploads\/2013\/06\/piccoli-attori-resextensa5-300x225.jpg 300w\" sizes=\"auto, (max-width: 340px) 100vw, 340px\" \/>\u201c<b>Non \u00e8 un teatro per vecchi<\/b>\u201d <b>la rappresentazione teatrale portata in scena dai piccoli attori<\/b> nel pomeriggio di domenica 9 giugno <b>presso il teatro comunale Rossini<\/b>.<\/p>\n<p style=\"margin-bottom: 0.0001pt; text-align: justify; line-height: normal;\"><b>Il laboratorio dei piccoli attori<\/b>, curato dalla compagnia <b>Resextensa<\/b> di <b>Elisa Barucchieri e Nicola Eboli <\/b>in collaborazione con <b>Maccabe<\/b> teatro di <b>Enzo Toma e Francesco Ocelli<\/b> e l\u2019associazione culturale <b>Le Ombre<\/b> con <b>Marica Girardi<\/b> e <b>Rosanna Ventura<\/b>, ha visto protagonisti i pi\u00f9 piccini che con impegno e tanto divertimento hanno dato vita alla storia del \u201c<b>Pifferaio magico di Hamelin<\/b>\u201d e alla commedia di Plauto \u201c<b>Anfitrione<\/b>\u201d.<\/p>\n<p style=\"margin-bottom: 0.0001pt; text-align: justify; line-height: normal;\">A prender la parola prima dell\u2019inizio dello spettacolo \u00e8 <b>Elisa Barucchieri<\/b> che con la grazia e la raffinatezza che la contraddistingue <b>presenta l\u2019esperienza fatta dai bambini<\/b> all\u2019interno del teatro in questi termini: \u201c<b>il teatro \u00e8 l\u2019unico luogo dove possiamo condividere le emozioni e la fragilit\u00e0<\/b>, la purezza che i bambini ci danno \u00e8 unica, loro hanno voglia di raccontare quello che hanno imparato in questo anno. <b>Grazie anche a voi genitori, parenti, amici per essere qui stasera<\/b>, senza di voi il nostro lavoro non avrebbe senso e grazie a voi che si compie la magia\u201d.<img loading=\"lazy\" decoding=\"async\" class=\" alignright size-full wp-image-40669\" style=\"margin: 4px; float: right;\" alt=\"piccoli attori resextensa\" src=\"https:\/\/archiviogioia.lavocedelpaese.info\/wp-content\/uploads\/2013\/06\/piccoli_attori_resextensa.jpg\" height=\"228\" width=\"340\" srcset=\"https:\/\/archiviogioia.lavocedelpaese.info\/wp-content\/uploads\/2013\/06\/piccoli_attori_resextensa.jpg 720w, https:\/\/archiviogioia.lavocedelpaese.info\/wp-content\/uploads\/2013\/06\/piccoli_attori_resextensa-300x201.jpg 300w\" sizes=\"auto, (max-width: 340px) 100vw, 340px\" \/><\/p>\n<p style=\"margin-bottom: 0.0001pt; text-align: justify; line-height: normal;\"><b>Entusiasmo e commozione anche nelle parole di Marica Girardi<\/b>: \u201cSiamo al quarto anno di laboratorio e ci siamo ritrovati a dare ai pi\u00f9 piccoli una formazione pi\u00f9 ampia che comportava anche mettersi a confronto con una compagnia pi\u00f9 grande \u201c<b>e Rosanna Ventura<\/b>: \u201cFinalit\u00e0 del laboratorio non \u00e8 stata quella di creare degli attori, ma di far sviluppare uno spirito critico verso le rappresentazioni teatrali e di solidariet\u00e0 verso gli altri\u201d.<\/p>\n<p style=\"margin-bottom: 0.0001pt; text-align: justify; line-height: normal;\"><b>Ciascun bambino interpretava il personaggio che pi\u00f9 gli si addiceva<\/b>, colorandolo con tratti della propria personalit\u00e0 e con una buona dose di timidezza per alcuni, spigliatezza per altri e umorismo.<\/p>\n<p style=\"margin-bottom: 0.0001pt; text-align: justify; line-height: normal;\"><b>Emozione, lapsus, paure, ansia e tante risate <\/b>hanno condito i due spettacoli in cui <b>i piccoli<\/b><b> protagonisti hanno messo a nudo la loro anima<\/b> sperimentando una nuova forma di comunicazione <b>attraverso l\u2019arte del recitare<\/b> e hanno saputo <b>entusiasmare il pubblico presente<\/b> che non ha esitato ad applaudire e ad apprezzare la fatica di un lungo e piacevole percorso compiuto dai piccini.<\/p>\n<p><object type=\"application\/x-shockwave-flash\" width=\"660\" height=\"660\" flashvars=\"host=picasaweb.google.com&amp;hl=it&amp;feat=flashalbum&amp;RGB=0x000000&amp;feed=https:\/\/picasaweb.google.com\/data\/feed\/api\/user\/104626251937098962566\/albumid\/5890268044771381761?alt=rss&amp;kind=photo&amp;hl=it\" pluginspage=\"http:\/\/www.macromedia.com\/go\/getflashplayer\" data=\"https:\/\/static.googleusercontent.com\/external_content\/picasaweb.googleusercontent.com\/slideshow.swf\"><param name=\"movie\" value=\"https:\/\/static.googleusercontent.com\/external_content\/picasaweb.googleusercontent.com\/slideshow.swf\" \/><\/object><\/p>\n","protected":false},"excerpt":{"rendered":"","protected":false},"author":1,"featured_media":40667,"comment_status":"open","ping_status":"closed","sticky":false,"template":"","format":"standard","meta":{"colormag_page_container_layout":"default_layout","colormag_page_sidebar_layout":"default_layout","footnotes":""},"categories":[7],"tags":[],"class_list":["post-40671","post","type-post","status-publish","format-standard","has-post-thumbnail","hentry","category-attualita"],"_links":{"self":[{"href":"https:\/\/archiviogioia.lavocedelpaese.info\/index.php?rest_route=\/wp\/v2\/posts\/40671","targetHints":{"allow":["GET"]}}],"collection":[{"href":"https:\/\/archiviogioia.lavocedelpaese.info\/index.php?rest_route=\/wp\/v2\/posts"}],"about":[{"href":"https:\/\/archiviogioia.lavocedelpaese.info\/index.php?rest_route=\/wp\/v2\/types\/post"}],"author":[{"embeddable":true,"href":"https:\/\/archiviogioia.lavocedelpaese.info\/index.php?rest_route=\/wp\/v2\/users\/1"}],"replies":[{"embeddable":true,"href":"https:\/\/archiviogioia.lavocedelpaese.info\/index.php?rest_route=%2Fwp%2Fv2%2Fcomments&post=40671"}],"version-history":[{"count":0,"href":"https:\/\/archiviogioia.lavocedelpaese.info\/index.php?rest_route=\/wp\/v2\/posts\/40671\/revisions"}],"wp:featuredmedia":[{"embeddable":true,"href":"https:\/\/archiviogioia.lavocedelpaese.info\/index.php?rest_route=\/wp\/v2\/media\/40667"}],"wp:attachment":[{"href":"https:\/\/archiviogioia.lavocedelpaese.info\/index.php?rest_route=%2Fwp%2Fv2%2Fmedia&parent=40671"}],"wp:term":[{"taxonomy":"category","embeddable":true,"href":"https:\/\/archiviogioia.lavocedelpaese.info\/index.php?rest_route=%2Fwp%2Fv2%2Fcategories&post=40671"},{"taxonomy":"post_tag","embeddable":true,"href":"https:\/\/archiviogioia.lavocedelpaese.info\/index.php?rest_route=%2Fwp%2Fv2%2Ftags&post=40671"}],"curies":[{"name":"wp","href":"https:\/\/api.w.org\/{rel}","templated":true}]}}