{"id":40726,"date":"2013-06-18T06:57:56","date_gmt":"2013-06-18T06:57:56","guid":{"rendered":"https:\/\/archiviogioia.lavocedelpaese.info\/?p=40726"},"modified":"2013-06-18T06:57:56","modified_gmt":"2013-06-18T06:57:56","slug":"oltre-lorizzonte-una-storia-vera-che-emoziona-2","status":"publish","type":"post","link":"https:\/\/archiviogioia.lavocedelpaese.info\/?p=40726","title":{"rendered":"OLTRE L\u2019ORIZZONTE \u201cUNA STORIA VERA\u201d CHE EMOZIONA"},"content":{"rendered":"<p><img loading=\"lazy\" decoding=\"async\" class=\" size-full wp-image-40718\" style=\"margin-right: 2px; margin-left: 2px;\" alt=\"favia-libro-associazione-pp\" src=\"https:\/\/archiviogioia.lavocedelpaese.info\/wp-content\/uploads\/2013\/06\/favia-libro-associazione-pp.jpg\" height=\"150\" width=\"320\" srcset=\"https:\/\/archiviogioia.lavocedelpaese.info\/wp-content\/uploads\/2013\/06\/favia-libro-associazione-pp.jpg 640w, https:\/\/archiviogioia.lavocedelpaese.info\/wp-content\/uploads\/2013\/06\/favia-libro-associazione-pp-300x141.jpg 300w\" sizes=\"auto, (max-width: 320px) 100vw, 320px\" \/><\/p>\n<p><!--more--><\/p>\n<p style=\"text-align: justify;\"><b><img loading=\"lazy\" decoding=\"async\" class=\" alignleft size-full wp-image-40719\" style=\"margin: 4px; float: left;\" alt=\"favia-libro-associazione\" src=\"https:\/\/archiviogioia.lavocedelpaese.info\/wp-content\/uploads\/2013\/06\/favia-libro-associazione.jpg\" height=\"255\" width=\"340\" srcset=\"https:\/\/archiviogioia.lavocedelpaese.info\/wp-content\/uploads\/2013\/06\/favia-libro-associazione.jpg 640w, https:\/\/archiviogioia.lavocedelpaese.info\/wp-content\/uploads\/2013\/06\/favia-libro-associazione-300x225.jpg 300w\" sizes=\"auto, (max-width: 340px) 100vw, 340px\" \/>Venerd\u00ec<\/b>, 14 giugno, presso l\u2019Associazione Nazionale dei Carabinieri, in occasione della <b>presentazione del romanzo autobiografico di Vito Favia<\/b>, la colonna sonora dell\u2019evento avrebbe potuto essere \u201cUno su mille ce la fa\u201d. <b>Vito ce l\u2019ha fatta a realizzare il suo sogno<\/b>! E lo racconta in una bella storia che vede protagonista il giovane capitano del suo romanzo &#8211; biografia. <b>La storia di un\u2019anima alla ricerca di se stessa<\/b>, e della realizzazione dei propri sogni. In un momento storico di sconfitte, ansie e delusioni di molti giovani, <b>la storia &nbsp;di Vito Favia da\u2019 un po\u2019 di gioia e di speranza per il futuro<\/b>.<\/p>\n<p style=\"text-align: justify;\"><b>Tutti ce la possono fare<\/b>, basta avere coraggio, perseveranza e seriet\u00e0 d\u2019impegno.<\/p>\n<p style=\"text-align: justify;\">Nella graziosa saletta convegni della associazione, <b>le numerose persone presenti hanno seguito con interesse e, in alcuni momenti, commozione, la presentazione del libro<\/b>, definito dalla dottoressa Letizia Salvatorelli Guida &#8211; invitata a presentare l\u2019opera e coordinare l\u2019incontro &#8211; <img loading=\"lazy\" decoding=\"async\" class=\" alignright size-full wp-image-40720\" style=\"margin: 4px; float: right;\" alt=\"favia-libro-associazione2\" src=\"https:\/\/archiviogioia.lavocedelpaese.info\/wp-content\/uploads\/2013\/06\/favia-libro-associazione2.jpg\" height=\"255\" width=\"340\" srcset=\"https:\/\/archiviogioia.lavocedelpaese.info\/wp-content\/uploads\/2013\/06\/favia-libro-associazione2.jpg 640w, https:\/\/archiviogioia.lavocedelpaese.info\/wp-content\/uploads\/2013\/06\/favia-libro-associazione2-300x225.jpg 300w\" sizes=\"auto, (max-width: 340px) 100vw, 340px\" \/>\u201cl\u2019educazione sentimentale di un giovane\u201d.<\/p>\n<p style=\"text-align: justify;\"><b>Al tavolo della presidenza oltre l\u2019autore<\/b>, Vito Favia, il presidente del circolo, maresciallo <b>Pasquale Cantore<\/b>, la signora <b>Angela Colombo<\/b> &#8211; presidente dell\u2019associazione Benemerite &#8211; e l\u2019attrice <b>Cinzia Clemente<\/b>, dell\u2019Accademia \u201cObiettivo successo\u201d, reduce da una recente fiction con Gerardo Placido, che ha letto con particolare pathos alcuni brani del romanzo.<\/p>\n<p style=\"text-align: justify;\"><b>L\u2019autore narra di un giovane del Sud che con coraggio<\/b>, superando la timidezza e le incertezze insite naturalmente in tutti gli adolescenti seriamente impegnati, <b>riesce con ambizione e tenacia a realizzare il sogno della sua vita, quello di vestire con onore la divisa di Carabiniere<\/b>.<\/p>\n<p style=\"text-align: justify;\"><b>Quel primo periodo<\/b> vissuto nell\u2019Arma accanto a persone speciali, <b>segner\u00e0 tutto il resto della sua v<\/b><img loading=\"lazy\" decoding=\"async\" class=\" alignleft size-full wp-image-40721\" style=\"margin: 4px; float: left;\" alt=\"favia-libro-associazione5\" src=\"https:\/\/archiviogioia.lavocedelpaese.info\/wp-content\/uploads\/2013\/06\/favia-libro-associazione5.JPG\" height=\"255\" width=\"340\" srcset=\"https:\/\/archiviogioia.lavocedelpaese.info\/wp-content\/uploads\/2013\/06\/favia-libro-associazione5.JPG 640w, https:\/\/archiviogioia.lavocedelpaese.info\/wp-content\/uploads\/2013\/06\/favia-libro-associazione5-300x225.jpg 300w\" sizes=\"auto, (max-width: 340px) 100vw, 340px\" \/><b>ita<\/b>.<\/p>\n<p style=\"text-align: justify;\">Infatti, anche se dopo quell\u2019anno meraviglioso trascorso a Satriano, piccolo paese della Basilicata, rifiuter\u00e0 la rafferma per completare gli studi di Giurisprudenza, forse per una sfida con se stesso, forse per un dono alla famiglia <b>in attesa di pi\u00f9 alte mete per lui, l\u2019antico sogno, torner\u00e0 a ripresentarsi un po\u2019 per caso, ma in realt\u00e0 per scelta<\/b>.<\/p>\n<p style=\"text-align: justify;\"><b>La laurea, la pratica forense. Una nuova inquietudine, nuovi ripensamenti<\/b>. Trenta mesi da ufficiale, e poi tutto sarebbe tornato come prima.<\/p>\n<p style=\"text-align: justify;\"><b>Ma rispondendo ad una esigenza inalienabile<\/b>, maturata nel tempo attraverso l\u2019incontro con una persona speciale &#8211; il suo primo superiore, il maresciallo Gerardo Sausto -, che ha accompagnato ed accompagner\u00e0 per sempre la sua vita, come la figura di un secondo padre, <b>partecipa al concorso per Ufficiali in servizio permanente<\/b>! <b>Conquista i gradi di <img loading=\"lazy\" decoding=\"async\" class=\" alignright size-full wp-image-40722\" style=\"margin: 4px; float: right;\" alt=\"favia-libro-associazione3\" src=\"https:\/\/archiviogioia.lavocedelpaese.info\/wp-content\/uploads\/2013\/06\/favia-libro-associazione3.jpg\" height=\"255\" width=\"340\" srcset=\"https:\/\/archiviogioia.lavocedelpaese.info\/wp-content\/uploads\/2013\/06\/favia-libro-associazione3.jpg 640w, https:\/\/archiviogioia.lavocedelpaese.info\/wp-content\/uploads\/2013\/06\/favia-libro-associazione3-300x225.jpg 300w\" sizes=\"auto, (max-width: 340px) 100vw, 340px\" \/>Capitano<\/b> e lo sar\u00e0 per sempre.<\/p>\n<p style=\"text-align: justify;\"><b>Questa, in breve, la storia narrata, ma in realt\u00e0 molto ricca di aneddoti<\/b>, profonde riflessioni, emozioni e sentimenti. I luoghi dell\u2019anima, nei quali matura la sua visione della vita. &nbsp;<\/p>\n<p style=\"text-align: justify;\"><b>I personaggi maggiori e minori che in questi anni intersecano il suo cammino, determineranno mutamenti profondi<\/b> nel suo relazionarsi e rapportarsi al prossimo, ogni incontro lascer\u00e0 il suo \u201csegno\u201d nell\u2019uomo e sulla divisa che indossa, come il filo dei pantaloni stirato alla perfezione tanto da competere con la lama di una sciabola o il cappello \u201cportafortuna\u201d.<\/p>\n<p style=\"text-align: justify;\"><b>Un incidente di servizio<\/b>, a cui segue un periodo d\u2019immobilit\u00e0, <b>lo porta a riflettere<\/b> sulla opportunit\u00e0 di \u201c collettivizzare le emozioni\u201d, <b>quindi a raccontare, a raccontarsi<\/b>, consapevole che il racconto di una vita pu\u00f2 <img loading=\"lazy\" decoding=\"async\" class=\" alignleft size-full wp-image-40723\" style=\"margin: 4px; float: left;\" alt=\"favia-libro-associazione6\" src=\"https:\/\/archiviogioia.lavocedelpaese.info\/wp-content\/uploads\/2013\/06\/favia-libro-associazione6.JPG\" height=\"255\" width=\"340\" srcset=\"https:\/\/archiviogioia.lavocedelpaese.info\/wp-content\/uploads\/2013\/06\/favia-libro-associazione6.JPG 640w, https:\/\/archiviogioia.lavocedelpaese.info\/wp-content\/uploads\/2013\/06\/favia-libro-associazione6-300x225.jpg 300w\" sizes=\"auto, (max-width: 340px) 100vw, 340px\" \/>essere di esempio a chi ancora cerca la sua strada.<\/p>\n<p style=\"text-align: justify;\"><b>Una serata molto interessante, qualificata dall\u2019accurata e suadente presentazione della dottoressa Salvatorelli Guida<\/b>, dalla appassionata lettura dell\u2019attrice&nbsp; Cinzia Clemente e dalla presenza commossa e silenziosa dell\u2019autore!<\/p>\n<p style=\"text-align: justify;\"><b>Un\u2019opera che acquista ancor maggior valore e pregio in quanto legata a finalit\u00e0 benefiche<\/b>.<\/p>\n<p style=\"text-align: justify;\">A fine presentazione \u00e8 intervenuta la dottoressa <b>Marisa Favia<\/b> &#8211; sorella dell\u2019autore -, la quale <b>ha spiegato che parte del ricavato<\/b> delle vendite del libro <b>sar\u00e0 devoluto<\/b> a favore di tre associazioni onlus, la prima \u00e8 \u201c<b>a casa di giacinto<\/b>\u201d &#8211; sorta nel 2010, in ricordo dell\u2019avvocato Giacinto Calfapietro, per diffondere e promuovere sul territorio il valore della cultura <img loading=\"lazy\" decoding=\"async\" class=\" alignright size-full wp-image-40724\" style=\"margin: 4px; float: right;\" alt=\"favia-libro-associazione7\" src=\"https:\/\/archiviogioia.lavocedelpaese.info\/wp-content\/uploads\/2013\/06\/favia-libro-associazione7.JPG\" height=\"255\" width=\"340\" srcset=\"https:\/\/archiviogioia.lavocedelpaese.info\/wp-content\/uploads\/2013\/06\/favia-libro-associazione7.JPG 640w, https:\/\/archiviogioia.lavocedelpaese.info\/wp-content\/uploads\/2013\/06\/favia-libro-associazione7-300x225.jpg 300w\" sizes=\"auto, (max-width: 340px) 100vw, 340px\" \/>in tutte le sue forme e valorizzare l\u2019essere umano.<\/p>\n<p style=\"text-align: justify;\">Seconda associazione di respiro nazionale la \u201c<b>Lega del filo d\u2019oro<\/b>\u201d, che si occupa di bambini, giovani ed adulti con gravi disabilit\u00e0 uditive e visive, aiutandoli ad affrontare la vita nel modo pi\u00f9 confortevole e soddisfacente, tenendo conto della disabilit\u00e0.<\/p>\n<p style=\"text-align: justify;\">Infine la <b>Fondazione onlus Gino Bartali<\/b>. Da sportivo e appassionato di ciclismo, Vito Favia ha, infatti, voluto dare il suo contributo alla promozione dello sport che pi\u00f9 ama, nonch\u00e8 potente mezzo educativo al servizio delle comunit\u00e0 ferite dal terremoto per la ricostruzione dell\u2019asilo di Mirabella (FE).<\/p>\n<p style=\"text-align: justify;\"><b>Una serata intensa per emozioni e contenuti<\/b> che &#8211; personalmente e emotivamente &#8211; mi ha coinvolta in quanto figlia&nbsp;di un maresciallo che amava molto la sua divisa e ci\u00f2 che essa rappresentava.<\/p>\n<p><object type=\"application\/x-shockwave-flash\" width=\"660\" height=\"660\" flashvars=\"host=picasaweb.google.com&amp;hl=it&amp;feat=flashalbum&amp;RGB=0x000000&amp;feed=https:\/\/picasaweb.google.com\/data\/feed\/api\/user\/104626251937098962566\/albumid\/5890786477956736721?alt=rss&amp;kind=photo&amp;hl=it\" pluginspage=\"http:\/\/www.macromedia.com\/go\/getflashplayer\" data=\"https:\/\/static.googleusercontent.com\/external_content\/picasaweb.googleusercontent.com\/slideshow.swf\"><param name=\"movie\" value=\"https:\/\/static.googleusercontent.com\/external_content\/picasaweb.googleusercontent.com\/slideshow.swf\" \/><\/object><\/p>\n","protected":false},"excerpt":{"rendered":"","protected":false},"author":1,"featured_media":40718,"comment_status":"open","ping_status":"closed","sticky":false,"template":"","format":"standard","meta":{"colormag_page_container_layout":"default_layout","colormag_page_sidebar_layout":"default_layout","footnotes":""},"categories":[7],"tags":[],"class_list":["post-40726","post","type-post","status-publish","format-standard","has-post-thumbnail","hentry","category-attualita"],"_links":{"self":[{"href":"https:\/\/archiviogioia.lavocedelpaese.info\/index.php?rest_route=\/wp\/v2\/posts\/40726","targetHints":{"allow":["GET"]}}],"collection":[{"href":"https:\/\/archiviogioia.lavocedelpaese.info\/index.php?rest_route=\/wp\/v2\/posts"}],"about":[{"href":"https:\/\/archiviogioia.lavocedelpaese.info\/index.php?rest_route=\/wp\/v2\/types\/post"}],"author":[{"embeddable":true,"href":"https:\/\/archiviogioia.lavocedelpaese.info\/index.php?rest_route=\/wp\/v2\/users\/1"}],"replies":[{"embeddable":true,"href":"https:\/\/archiviogioia.lavocedelpaese.info\/index.php?rest_route=%2Fwp%2Fv2%2Fcomments&post=40726"}],"version-history":[{"count":0,"href":"https:\/\/archiviogioia.lavocedelpaese.info\/index.php?rest_route=\/wp\/v2\/posts\/40726\/revisions"}],"wp:featuredmedia":[{"embeddable":true,"href":"https:\/\/archiviogioia.lavocedelpaese.info\/index.php?rest_route=\/wp\/v2\/media\/40718"}],"wp:attachment":[{"href":"https:\/\/archiviogioia.lavocedelpaese.info\/index.php?rest_route=%2Fwp%2Fv2%2Fmedia&parent=40726"}],"wp:term":[{"taxonomy":"category","embeddable":true,"href":"https:\/\/archiviogioia.lavocedelpaese.info\/index.php?rest_route=%2Fwp%2Fv2%2Fcategories&post=40726"},{"taxonomy":"post_tag","embeddable":true,"href":"https:\/\/archiviogioia.lavocedelpaese.info\/index.php?rest_route=%2Fwp%2Fv2%2Ftags&post=40726"}],"curies":[{"name":"wp","href":"https:\/\/api.w.org\/{rel}","templated":true}]}}