{"id":40916,"date":"2013-06-24T05:03:11","date_gmt":"2013-06-24T05:03:11","guid":{"rendered":"https:\/\/archiviogioia.lavocedelpaese.info\/?p=40916"},"modified":"2013-06-24T05:03:11","modified_gmt":"2013-06-24T05:03:11","slug":"rassegna-teatrale-dedicata-ai-quattro-elementi-2","status":"publish","type":"post","link":"https:\/\/archiviogioia.lavocedelpaese.info\/?p=40916","title":{"rendered":"RASSEGNA TEATRALE DEDICATA AI QUATTRO \u201ceLeMenti\u201d"},"content":{"rendered":"<p><img loading=\"lazy\" decoding=\"async\" class=\" size-full wp-image-40909\" style=\"margin-right: 2px; margin-left: 2px;\" alt=\"teatro-elementi-pp\" src=\"https:\/\/archiviogioia.lavocedelpaese.info\/wp-content\/uploads\/2013\/06\/teatro-elementi-pp.png\" height=\"150\" width=\"320\" srcset=\"https:\/\/archiviogioia.lavocedelpaese.info\/wp-content\/uploads\/2013\/06\/teatro-elementi-pp.png 640w, https:\/\/archiviogioia.lavocedelpaese.info\/wp-content\/uploads\/2013\/06\/teatro-elementi-pp-300x141.png 300w\" sizes=\"auto, (max-width: 320px) 100vw, 320px\" \/><\/p>\n<p><!--more--><\/p>\n<p style=\"text-align: justify;\"><b><img loading=\"lazy\" decoding=\"async\" class=\" alignright size-full wp-image-40911\" style=\"margin: 4px; float: right;\" alt=\"LOCANDINA ELEMENTI\" src=\"https:\/\/archiviogioia.lavocedelpaese.info\/wp-content\/uploads\/2013\/06\/LOCANDINA_ELEMENTI.jpg\" height=\"481\" width=\"340\" srcset=\"https:\/\/archiviogioia.lavocedelpaese.info\/wp-content\/uploads\/2013\/06\/LOCANDINA_ELEMENTI.jpg 1654w, https:\/\/archiviogioia.lavocedelpaese.info\/wp-content\/uploads\/2013\/06\/LOCANDINA_ELEMENTI-212x300.jpg 212w, https:\/\/archiviogioia.lavocedelpaese.info\/wp-content\/uploads\/2013\/06\/LOCANDINA_ELEMENTI-724x1024.jpg 724w, https:\/\/archiviogioia.lavocedelpaese.info\/wp-content\/uploads\/2013\/06\/LOCANDINA_ELEMENTI-768x1086.jpg 768w, https:\/\/archiviogioia.lavocedelpaese.info\/wp-content\/uploads\/2013\/06\/LOCANDINA_ELEMENTI-1086x1536.jpg 1086w, https:\/\/archiviogioia.lavocedelpaese.info\/wp-content\/uploads\/2013\/06\/LOCANDINA_ELEMENTI-1448x2048.jpg 1448w\" sizes=\"auto, (max-width: 340px) 100vw, 340px\" \/>Da gioved\u00ec 27 giugno fino a domenica 28 luglio 2013<\/b>, si svolger\u00e0 ad Altamura con cadenza quasi settimanale, una <b>rassegna teatrale dedicata agli &#8220;eLeMenti&#8221;<\/b> della natura: <b>Terra, Aria, Acqua e Fuoco<\/b>. Ogni spettacolo \u00e8 collegato direttamente ad una matrice elementale, o per il copione, o per le musiche usate o per quello che potrebbe essere il significato in toto.<\/p>\n<ul style=\"text-align: justify;\">\n<li><b>Gioved\u00ec 27 giugno<\/b> &#8211; Per l&#8217;elemento <b>TERRA<\/b>, avremo uno spettacolo di Corrado Taranto, che ovviamente, parler\u00e0 di quelle che sono le sue radici, sia familiari che artistiche, raccontandoci chi erano, chi sono e chi saranno Nino e Carlo Taranto. Lo spettacolo si intitola &#8220;<b>Zio pap\u00e0, pap\u00e0 z\u00ec zio<\/b>&#8220;. Ascolteremo alcune delle pi\u00f9 famose interpretazioni di &#8220;Zio Nino&#8221; attraverso la voce di Corrado Taranto e degli attori-cantanti della sua compagnia. Rivivremo attraverso storie di vita, aneddoti, la vita dell&#8217;uomo e dell&#8217;artista. Saranno inoltre presentati due inediti, due provini discografici incisi da Nino e Carlo, entrambi registrati durante una tourn\u00e8e tenuta negli Stati Uniti. Lo spettacolo si avvarr\u00e0 del supporto di immagini video tratte da film, commedie e momenti di vita.<\/li>\n<li><b>Gioved\u00ec 4 luglio<\/b> &#8211; Per l&#8217;elemento <b>ARIA<\/b>, si parla di Canto e di aspirazioni, quindi tutto ci\u00f2 che \u00e8 legato ai sogni e le aspirazioni! E chi, meglio de Il volto e la maschera, con &#8220;<b>Cercasi tenore<\/b>&#8221; potrebbe incarnare meglio questo spirito? La trama: In occasione del decimo anniversario della Compagnia dell&#8217;Opera Bares, il consiglio di amministrazione decide di organizzare uno spettacolo lirico di richiamo internazionale: &#8220;Otello&#8221;, interpretato da Tio Moreno, tenore di fama mondiale conosciuto come &#8220;il Magnifico&#8221;. Riuscir\u00e0 Filippo, giovane tenore di belle speranze, relegato al ruolo di factotum, a relaizzare il proprio sogno trovando un ruolo nello spettacolo?<\/li>\n<li><b>Gioved\u00ec 11 luglio<\/b> &#8211; Per l&#8217;elemento <b>ACQUA<\/b>, ci siamo ispirati al fluire delle cose, del tempo, dei ricordi, delle immagini&#8230; e quindi Ferula <img loading=\"lazy\" decoding=\"async\" class=\" alignright size-full wp-image-40912\" style=\"margin: 4px; float: right;\" alt=\"1044202 395133993941335 863905315 n\" src=\"https:\/\/archiviogioia.lavocedelpaese.info\/wp-content\/uploads\/2013\/06\/1044202_395133993941335_863905315_n.jpg\" height=\"481\" width=\"340\" srcset=\"https:\/\/archiviogioia.lavocedelpaese.info\/wp-content\/uploads\/2013\/06\/1044202_395133993941335_863905315_n.jpg 679w, https:\/\/archiviogioia.lavocedelpaese.info\/wp-content\/uploads\/2013\/06\/1044202_395133993941335_863905315_n-212x300.jpg 212w\" sizes=\"auto, (max-width: 340px) 100vw, 340px\" \/>Ferita porter\u00e0 in scena &#8220;<b>Overdose 4<\/b>&#8220;.<br \/> Uno dei temi centrali di Overdose \u00e8 la tossicodipendenza cos\u00ec come i rifiuti con il dramma del loro riciclo. Filo conduttore la narrazione della vita del protagonista, Donato Emar Laborante. Un percorso che rappresenta lo spunto per riflettere sul cambiamento dei valori nel passaggio da un contesto socio- culturale basato sui valori della civilt\u00e0 contadina ad una societ\u00e0 in cui diventa ingestibile il rifiuto, il surplus. Nel 1977 Pier Paolo Pasolini, in Lettere Luterane scrisse \u201cFinch\u00e9 in Italia non ci sar\u00e0 un processo per abbruttimento paesaggistico del territorio, non ci sar\u00e0 democrazia\u201d. Sono passati trent\u2019anni e siamo fermi allo stesso punto. Un teatro che \u00e8 riflessione, formazione e informazione.<\/li>\n<li><b>Venerd\u00ec 26 e domenica 28 luglio<\/b> &#8211; Per l&#8217;elemento <b>FUOCO<\/b>, si parla di amore, passione e ideali rivoluzionari. Lo spettacolo che fra i tanti, incarna meglio questo carattere c&#8217;\u00e8 sicuramente il <b>musical Moulin Rouge<\/b>. Portato in scena dall&#8217;Accademia <b>Obiettivo Successo<\/b>, con i suoi giovani protagonisti, si far\u00e0 un salto indietro nella Parigi del 1900, dove bohemiennes e poeti di ideali sognati e auspicati, prosperavano. Ed in questo contesto da sogno non poteva non nascere la storia d&#8217;amore pi\u00f9 bella di tutti i tempi. Per gli amanti del Musical in Film, ricordiamo che la versione teatrale \u00e8 decisamente diversa, conservando per\u00f2 le musiche, le canzoni e la trama. La regista ha aggiunto alcuni personaggi e scene per rendere pi\u00f9 fluida tutta la storia.<\/li>\n<li><b>Gioved\u00ec 18 luglio<\/b> &#8211; Un <b>fuori programma<\/b> sar\u00e0 il <b>cabaret di Manuel e Alfredo<\/b>. Chi non ricorda una delle coppie storiche del cabaret made in Bari? Manuel De Nicol\u00f2 ed Alfredo Navarra, dopo diversi anni sotto l&#8217;egida del nome &#8220;<b>Duo Manuel<\/b>&#8221; e aver vissuto esperienze parallele, sempre in ambito teatrale, cinematografico e televisivo, dopo i successi di &#8220;<b>Benvenuti al Centro<\/b>&#8220;, si ripropongono in una <img loading=\"lazy\" decoding=\"async\" class=\" alignleft size-full wp-image-40913\" style=\"margin: 4px; float: left;\" alt=\"996731 394605830660818 828724255 n\" src=\"https:\/\/archiviogioia.lavocedelpaese.info\/wp-content\/uploads\/2013\/06\/996731_394605830660818_828724255_n.jpg\" height=\"142\" width=\"369\" srcset=\"https:\/\/archiviogioia.lavocedelpaese.info\/wp-content\/uploads\/2013\/06\/996731_394605830660818_828724255_n.jpg 960w, https:\/\/archiviogioia.lavocedelpaese.info\/wp-content\/uploads\/2013\/06\/996731_394605830660818_828724255_n-300x116.jpg 300w, https:\/\/archiviogioia.lavocedelpaese.info\/wp-content\/uploads\/2013\/06\/996731_394605830660818_828724255_n-768x297.jpg 768w\" sizes=\"auto, (max-width: 369px) 100vw, 369px\" \/>reunion tanto auspicata, al pubblico di Altamura.<\/li>\n<\/ul>\n<p style=\"text-align: justify;\"><b>Abbonamento<\/b> a 4 spettacoli &#8211; prezzo unico \u20ac 35,00<\/p>\n<p style=\"text-align: justify;\"><b>Biglietto<\/b>: per singolo spettacolo &#8211; prezzo unico \u20ac 12,00 &#8211; per spettacolo Fuori Abbonamento &#8211; prezzo unico \u20ac 15,00.<\/p>\n<p style=\"text-align: justify;\"><b>Per info e prenotazioni<\/b> &#8211; 327 99 79 265 &#8211; oppure Dis-cord s.r.l. Via Vittorio Veneto, 78 \u2013 Altamura.<\/p>\n<p>&nbsp;<\/p>\n","protected":false},"excerpt":{"rendered":"","protected":false},"author":1,"featured_media":40909,"comment_status":"open","ping_status":"closed","sticky":false,"template":"","format":"standard","meta":{"colormag_page_container_layout":"default_layout","colormag_page_sidebar_layout":"default_layout","footnotes":""},"categories":[7],"tags":[],"class_list":["post-40916","post","type-post","status-publish","format-standard","has-post-thumbnail","hentry","category-attualita"],"_links":{"self":[{"href":"https:\/\/archiviogioia.lavocedelpaese.info\/index.php?rest_route=\/wp\/v2\/posts\/40916","targetHints":{"allow":["GET"]}}],"collection":[{"href":"https:\/\/archiviogioia.lavocedelpaese.info\/index.php?rest_route=\/wp\/v2\/posts"}],"about":[{"href":"https:\/\/archiviogioia.lavocedelpaese.info\/index.php?rest_route=\/wp\/v2\/types\/post"}],"author":[{"embeddable":true,"href":"https:\/\/archiviogioia.lavocedelpaese.info\/index.php?rest_route=\/wp\/v2\/users\/1"}],"replies":[{"embeddable":true,"href":"https:\/\/archiviogioia.lavocedelpaese.info\/index.php?rest_route=%2Fwp%2Fv2%2Fcomments&post=40916"}],"version-history":[{"count":0,"href":"https:\/\/archiviogioia.lavocedelpaese.info\/index.php?rest_route=\/wp\/v2\/posts\/40916\/revisions"}],"wp:featuredmedia":[{"embeddable":true,"href":"https:\/\/archiviogioia.lavocedelpaese.info\/index.php?rest_route=\/wp\/v2\/media\/40909"}],"wp:attachment":[{"href":"https:\/\/archiviogioia.lavocedelpaese.info\/index.php?rest_route=%2Fwp%2Fv2%2Fmedia&parent=40916"}],"wp:term":[{"taxonomy":"category","embeddable":true,"href":"https:\/\/archiviogioia.lavocedelpaese.info\/index.php?rest_route=%2Fwp%2Fv2%2Fcategories&post=40916"},{"taxonomy":"post_tag","embeddable":true,"href":"https:\/\/archiviogioia.lavocedelpaese.info\/index.php?rest_route=%2Fwp%2Fv2%2Ftags&post=40916"}],"curies":[{"name":"wp","href":"https:\/\/api.w.org\/{rel}","templated":true}]}}