{"id":41015,"date":"2013-06-25T07:19:47","date_gmt":"2013-06-25T07:19:47","guid":{"rendered":"https:\/\/archiviogioia.lavocedelpaese.info\/?p=41015"},"modified":"2013-06-25T07:19:47","modified_gmt":"2013-06-25T07:19:47","slug":"scuola-sf-neri-quante-note-dautore-al-rossini-foto-2","status":"publish","type":"post","link":"https:\/\/archiviogioia.lavocedelpaese.info\/?p=41015","title":{"rendered":"SCUOLA S.F. NERI. QUANTE \u201cNOTE D\u2019AUTORE\u201d AL ROSSINI-foto"},"content":{"rendered":"<p><img loading=\"lazy\" decoding=\"async\" class=\" size-full wp-image-41008\" style=\"margin-right: 2px; margin-left: 2px;\" alt=\"note-dautore-coro1-pp\" src=\"https:\/\/archiviogioia.lavocedelpaese.info\/wp-content\/uploads\/2013\/06\/note-dautore-coro1-pp.png\" height=\"150\" width=\"320\" srcset=\"https:\/\/archiviogioia.lavocedelpaese.info\/wp-content\/uploads\/2013\/06\/note-dautore-coro1-pp.png 640w, https:\/\/archiviogioia.lavocedelpaese.info\/wp-content\/uploads\/2013\/06\/note-dautore-coro1-pp-300x141.png 300w\" sizes=\"auto, (max-width: 320px) 100vw, 320px\" \/><\/p>\n<p><!--more--><\/p>\n<p style=\"text-align: justify;\"><b><img loading=\"lazy\" decoding=\"async\" class=\" alignleft size-full wp-image-41009\" style=\"margin: 4px; float: left;\" alt=\"note dautore ingresso rossini\" src=\"https:\/\/archiviogioia.lavocedelpaese.info\/wp-content\/uploads\/2013\/06\/note_dautore_ingresso_rossini.JPG\" height=\"255\" width=\"340\" srcset=\"https:\/\/archiviogioia.lavocedelpaese.info\/wp-content\/uploads\/2013\/06\/note_dautore_ingresso_rossini.JPG 640w, https:\/\/archiviogioia.lavocedelpaese.info\/wp-content\/uploads\/2013\/06\/note_dautore_ingresso_rossini-300x225.jpg 300w\" sizes=\"auto, (max-width: 340px) 100vw, 340px\" \/>Grande movimento venerd\u00ec 7 giugno nelle strade e nella piazzetta davanti al nostro teatro Rossini<\/b>.<\/p>\n<p style=\"text-align: justify;\"><b>Chi non sapeva dell\u2019evento se ne sar\u00e0 chiesto il perch\u00e9<\/b> presupponendo certamente che non si trattasse di una delle solite rappresentazioni.<\/p>\n<p style=\"text-align: justify;\">Infatti <b>erano di scena i bambini e, si sa, i bambini, quando sono di scena, riempiono i teatri<\/b>, infatti il teatro era stracolmo, come mai accade in altre occasioni, anche perch\u00e9 ogni bambino, nella norma, \u201csviluppa\u201d due genitori, quattro nonni, e poi fratelli, zii, cugini, conoscenti, simpatizzanti.<\/p>\n<p style=\"text-align: justify;\"><b>C\u2019\u00e8 voluta non poca pazienza da parte degli&nbsp; addetti comunali al teatro<\/b> per far capire che buona parte delle file della platea erano riservate ai bambini in attesa di esibirsi. Qualcuno si \u00e8 anche arrabbiato, ma, in breve, tutto \u00e8 ritornato tranquillo, tranne la difficolt\u00e0 logistica di trovare un posto per tutti.<b><img loading=\"lazy\" decoding=\"async\" class=\" alignright size-full wp-image-41010\" style=\"margin: 4px; float: right;\" alt=\"note dautore coro presentazione\" src=\"https:\/\/archiviogioia.lavocedelpaese.info\/wp-content\/uploads\/2013\/06\/note_dautore_coro_presentazione.JPG\" height=\"227\" width=\"340\" srcset=\"https:\/\/archiviogioia.lavocedelpaese.info\/wp-content\/uploads\/2013\/06\/note_dautore_coro_presentazione.JPG 720w, https:\/\/archiviogioia.lavocedelpaese.info\/wp-content\/uploads\/2013\/06\/note_dautore_coro_presentazione-300x200.jpg 300w\" sizes=\"auto, (max-width: 340px) 100vw, 340px\" \/><\/b><\/p>\n<p style=\"text-align: justify;\"><b>Il concerto \u201cNote d\u2019 autore\u201d coinvolgeva pi\u00f9 classi dell\u2019Istituto Comprensivo \u201c Losapio &#8211; S. Filippo Neri\u201d e rappresentava il momento conclusivo del progetto<\/b> ministeriale per la diffusione della pratica musicale nella Scuola Primaria. La scuola S. Filippo Neri ha partecipato per tre anni consecutivi a questo progetto con gioia ed entusiasmo. Il saggio di fine anno ha evidenziato tutta la gioia di chi crede nella importanza educativa della musica e del canto.<\/p>\n<p style=\"text-align: justify;\"><b>Il grande patrimonio e la vasta eredit\u00e0 della cultura musicale italiana hanno fatto da canovaccio<\/b> all\u2019intero spettacolo dei piccoli attori e cantanti.<\/p>\n<p style=\"text-align: justify;\"><img loading=\"lazy\" decoding=\"async\" class=\" alignleft size-full wp-image-41011\" style=\"margin: 4px; float: left;\" alt=\"note dautore coro2\" src=\"https:\/\/archiviogioia.lavocedelpaese.info\/wp-content\/uploads\/2013\/06\/note_dautore_coro2.JPG\" height=\"227\" width=\"340\" srcset=\"https:\/\/archiviogioia.lavocedelpaese.info\/wp-content\/uploads\/2013\/06\/note_dautore_coro2.JPG 720w, https:\/\/archiviogioia.lavocedelpaese.info\/wp-content\/uploads\/2013\/06\/note_dautore_coro2-300x200.jpg 300w\" sizes=\"auto, (max-width: 340px) 100vw, 340px\" \/>Le <b>classi interessate<\/b> allo spettacolo della prima e seconda sessione erano <b>la IA, la IB, la IF, la IIA, con le rispettive insegnanti<\/b>: <b>Giuseppina Eramo, Caterina Liuzzi, Giuseppina Merenda e Sara Nico<\/b>. <b>Dopo la breve introduzione di Pina Merenda<\/b> che ha parlato del progetto ministeriale, ed <b>il saluto della Dirigente scolastica, professoressa Anna Grazia De Marzo<\/b>, lo spettacolo \u00e8 iniziato con l\u2019esibizione della <b>Corale Polifonica<\/b> su temi di favole! In questa prima fase sono state messe in scena le favole pi\u00f9 antiche e i loro personaggi:&nbsp; la lumaca, la cicala e la formica, il topino di campagna, il lupo ed il cacciatore. Tutti racconti edificanti, che i bambini hanno recitato e cantato, con gioiosa allegria, sotto la guida della professoressa <b>Antonella Gisotti<\/b> e con l&#8217;accompagnamento al flauto traverso della professoressa <strong>Titti Dell&#8217;Orco<\/strong>.<\/p>\n<p style=\"text-align: justify;\"><b>La seconda sessione<\/b> ha visto protagonisti gli alunni delle classi IA, IB, IF, <img loading=\"lazy\" decoding=\"async\" class=\" alignright size-full wp-image-41012\" style=\"margin: 4px; float: right;\" alt=\"note dautore coro3\" src=\"https:\/\/archiviogioia.lavocedelpaese.info\/wp-content\/uploads\/2013\/06\/note_dautore_coro3.JPG\" height=\"227\" width=\"340\" srcset=\"https:\/\/archiviogioia.lavocedelpaese.info\/wp-content\/uploads\/2013\/06\/note_dautore_coro3.JPG 720w, https:\/\/archiviogioia.lavocedelpaese.info\/wp-content\/uploads\/2013\/06\/note_dautore_coro3-300x200.jpg 300w\" sizes=\"auto, (max-width: 340px) 100vw, 340px\" \/>e IIA sotto la direzione delle insegnanti <b>Margherita Lerario e Giuseppina Merenda<\/b>. L\u2019argomento della loro interpretazione erano le vicende di personaggi famosi di varie fiabe, raccontate da alberi. Fra questi bimbi <b>c\u2019era anche il mio nipotino Manuel vestito da pappagallo<\/b>.<\/p>\n<p style=\"text-align: justify;\"><b>Bellissimi gli abiti di questi giovanissimi ballerini<\/b>, cos\u00ec come lo erano quelli delle sezioni precedenti che rappresentavano fiori, piante ed animali. Apprezzabile l\u2019impegno delle mamme che si sono adoperate al meglio per la gioia dei loro figli, ricercando le soluzioni pi\u00f9 adatte per i personaggi da rappresentare.<\/p>\n<p style=\"text-align: justify;\"><b>Quindi una grande festa della scuola e della musica<\/b>, un tripudio di colori, di voci bianche sapientemente educate, con tempo sottratto ad altre attivit\u00e0. Una pazienza certosina volta a realizzare qualcosa in cui tutti <img loading=\"lazy\" decoding=\"async\" class=\" alignleft size-full wp-image-41013\" style=\"margin: 4px; float: left;\" alt=\"note dautore saluti finali\" src=\"https:\/\/archiviogioia.lavocedelpaese.info\/wp-content\/uploads\/2013\/06\/note_dautore_saluti_finali.JPG\" height=\"227\" width=\"340\" srcset=\"https:\/\/archiviogioia.lavocedelpaese.info\/wp-content\/uploads\/2013\/06\/note_dautore_saluti_finali.JPG 720w, https:\/\/archiviogioia.lavocedelpaese.info\/wp-content\/uploads\/2013\/06\/note_dautore_saluti_finali-300x200.jpg 300w\" sizes=\"auto, (max-width: 340px) 100vw, 340px\" \/>potessero sentirsi protagonisti, nonostante le stonature, le cadenze dialettali, la timidezza. <b>Questi sono i miracoli della scuola primaria che lavora con abnegazione<\/b> cercando di dare giusti messaggi a piccole persone in crescita. Messaggi che in molti continueranno a dare buoni frutti, in altri si perderanno nel tempo, sotto la pressione di diversi interessi.<\/p>\n<p style=\"text-align: justify;\"><b>Molti gli sponsor della manifestazione<\/b> che, con il loro contributo hanno reso pi\u00f9 bella e pi\u00f9 ricca questa festa della scuola.<\/p>\n<p style=\"text-align: justify;\">Si pu\u00f2 aggiungere che, come auspica la giovane signora che ha gestito l\u2019ultima teatrale &nbsp;Elisa Barucchieri, <b>in questa occasione il teatro \u00e8 stato ABITATO<\/b>.<\/p>\n<p style=\"text-align: justify;\"><b>I piccoli ospiti erano orgogliosi ed intimiditi<\/b> contemporaneamente di trovarsi, forse per la prima volta, nel bellissimo tempio dell\u2019arte della nostra citt\u00e0. <b>L\u2019amore per la musica e per l\u2019arte non pu\u00f2 che dare buoni frutti<\/b>. (<a href=\"attualita\/4896-la-s-f-neri-racconta-la-storia-delle-note-foto-e-video.html\"><span style=\"text-decoration: none;\">LA S. F. NERI RACCONTA \u201cLA STORIA DELLE NOTE\u201d-foto e video<\/span><\/a>)&nbsp;<\/p>\n<p><object type=\"application\/x-shockwave-flash\" width=\"660\" height=\"660\" flashvars=\"host=picasaweb.google.com&amp;hl=it&amp;feat=flashalbum&amp;RGB=0x000000&amp;feed=https:\/\/picasaweb.google.com\/data\/feed\/api\/user\/104626251937098962566\/albumid\/5893398864153009889?alt=rss&amp;kind=photo&amp;hl=it\" pluginspage=\"http:\/\/www.macromedia.com\/go\/getflashplayer\" data=\"https:\/\/static.googleusercontent.com\/external_content\/picasaweb.googleusercontent.com\/slideshow.swf\"><param name=\"movie\" value=\"https:\/\/static.googleusercontent.com\/external_content\/picasaweb.googleusercontent.com\/slideshow.swf\" \/><\/object><\/p>\n","protected":false},"excerpt":{"rendered":"","protected":false},"author":1,"featured_media":41008,"comment_status":"open","ping_status":"closed","sticky":false,"template":"","format":"standard","meta":{"colormag_page_container_layout":"default_layout","colormag_page_sidebar_layout":"default_layout","footnotes":""},"categories":[7],"tags":[],"class_list":["post-41015","post","type-post","status-publish","format-standard","has-post-thumbnail","hentry","category-attualita"],"_links":{"self":[{"href":"https:\/\/archiviogioia.lavocedelpaese.info\/index.php?rest_route=\/wp\/v2\/posts\/41015","targetHints":{"allow":["GET"]}}],"collection":[{"href":"https:\/\/archiviogioia.lavocedelpaese.info\/index.php?rest_route=\/wp\/v2\/posts"}],"about":[{"href":"https:\/\/archiviogioia.lavocedelpaese.info\/index.php?rest_route=\/wp\/v2\/types\/post"}],"author":[{"embeddable":true,"href":"https:\/\/archiviogioia.lavocedelpaese.info\/index.php?rest_route=\/wp\/v2\/users\/1"}],"replies":[{"embeddable":true,"href":"https:\/\/archiviogioia.lavocedelpaese.info\/index.php?rest_route=%2Fwp%2Fv2%2Fcomments&post=41015"}],"version-history":[{"count":0,"href":"https:\/\/archiviogioia.lavocedelpaese.info\/index.php?rest_route=\/wp\/v2\/posts\/41015\/revisions"}],"wp:featuredmedia":[{"embeddable":true,"href":"https:\/\/archiviogioia.lavocedelpaese.info\/index.php?rest_route=\/wp\/v2\/media\/41008"}],"wp:attachment":[{"href":"https:\/\/archiviogioia.lavocedelpaese.info\/index.php?rest_route=%2Fwp%2Fv2%2Fmedia&parent=41015"}],"wp:term":[{"taxonomy":"category","embeddable":true,"href":"https:\/\/archiviogioia.lavocedelpaese.info\/index.php?rest_route=%2Fwp%2Fv2%2Fcategories&post=41015"},{"taxonomy":"post_tag","embeddable":true,"href":"https:\/\/archiviogioia.lavocedelpaese.info\/index.php?rest_route=%2Fwp%2Fv2%2Ftags&post=41015"}],"curies":[{"name":"wp","href":"https:\/\/api.w.org\/{rel}","templated":true}]}}