{"id":41120,"date":"2013-06-28T09:35:18","date_gmt":"2013-06-28T09:35:18","guid":{"rendered":"https:\/\/archiviogioia.lavocedelpaese.info\/?p=41120"},"modified":"2013-06-28T09:35:18","modified_gmt":"2013-06-28T09:35:18","slug":"del-racconto-il-film-riflettori-su-pietro-ingrao-2","status":"publish","type":"post","link":"https:\/\/archiviogioia.lavocedelpaese.info\/?p=41120","title":{"rendered":"\u201cDEL RACCONTO IL FILM\u201d. RIFLETTORI SU PIETRO INGRAO"},"content":{"rendered":"<p><img loading=\"lazy\" decoding=\"async\" class=\" size-full wp-image-41115\" style=\"margin-right: 2px; margin-left: 2px;\" alt=\"festival-del-racconto-il-film-pp\" src=\"https:\/\/archiviogioia.lavocedelpaese.info\/wp-content\/uploads\/2013\/06\/festival-del-racconto-il-film-pp.jpg\" height=\"150\" width=\"320\" srcset=\"https:\/\/archiviogioia.lavocedelpaese.info\/wp-content\/uploads\/2013\/06\/festival-del-racconto-il-film-pp.jpg 640w, https:\/\/archiviogioia.lavocedelpaese.info\/wp-content\/uploads\/2013\/06\/festival-del-racconto-il-film-pp-300x141.jpg 300w\" sizes=\"auto, (max-width: 320px) 100vw, 320px\" \/><\/p>\n<p><!--more--><\/p>\n<p style=\"margin-bottom: 0.0001pt; text-align: justify; line-height: normal;\"><img loading=\"lazy\" decoding=\"async\" class=\" alignleft size-full wp-image-41116\" style=\"margin: 4px; float: left;\" alt=\"festival-del-racconto-il-film4\" src=\"https:\/\/archiviogioia.lavocedelpaese.info\/wp-content\/uploads\/2013\/06\/festival-del-racconto-il-film4.jpg\" height=\"227\" width=\"340\" srcset=\"https:\/\/archiviogioia.lavocedelpaese.info\/wp-content\/uploads\/2013\/06\/festival-del-racconto-il-film4.jpg 960w, https:\/\/archiviogioia.lavocedelpaese.info\/wp-content\/uploads\/2013\/06\/festival-del-racconto-il-film4-300x200.jpg 300w, https:\/\/archiviogioia.lavocedelpaese.info\/wp-content\/uploads\/2013\/06\/festival-del-racconto-il-film4-768x512.jpg 768w\" sizes=\"auto, (max-width: 340px) 100vw, 340px\" \/>Il filo rosso, per l\u2019interessante festival \u2018<b>Del racconto, il film<\/b>\u2019, <b>alla sua quarta edizione<\/b>, \u00e8 la tematica dell\u2019esistenza. Ed \u00e8 sull\u2019esistenza che si sofferma il nostro assessore alla cultura, <b>Piera De Giorgi<\/b>: \u201c<b>Sono molto contenta che in Puglia ci siano espressioni artistiche che portano il pubblico a riflettere sui grandi temi<\/b>. Abbiamo bisogno, soprattutto in questo momento storico particolarmente difficile, di mettere al centro della nostra esistenza la parola \u2026 una parola che non sia priva di senso, ma che riesca ad approfondire pi\u00f9 tematiche\u201d. Piera De Giorgi, che <b>ha fortemente voluto che la manifestazione in questione avesse luogo anche a Gioia del Colle<\/b>, sottolinea, nel suo discorso iniziale, l\u2019importanza del riflettere e del comunicare: \u201c<b>\u00c8 importante ritrovare il piacere di parlare<\/b>. Un parlare <b>che riesca ad ampliare gli orizzonti e che ci faccia aprire a nuovi amici<\/b> [\u2026]\u201d.<\/p>\n<p style=\"margin-bottom: 0.0001pt; text-align: justify; line-height: normal;\"><b>Un festival itinerante<\/b>, \u2018Del racconto, il <img loading=\"lazy\" decoding=\"async\" class=\" alignright size-full wp-image-41117\" style=\"margin: 4px; float: right;\" alt=\"festival-del-racconto-il-film2\" src=\"https:\/\/archiviogioia.lavocedelpaese.info\/wp-content\/uploads\/2013\/06\/festival-del-racconto-il-film2.jpg\" height=\"280\" width=\"250\" srcset=\"https:\/\/archiviogioia.lavocedelpaese.info\/wp-content\/uploads\/2013\/06\/festival-del-racconto-il-film2.jpg 800w, https:\/\/archiviogioia.lavocedelpaese.info\/wp-content\/uploads\/2013\/06\/festival-del-racconto-il-film2-268x300.jpg 268w, https:\/\/archiviogioia.lavocedelpaese.info\/wp-content\/uploads\/2013\/06\/festival-del-racconto-il-film2-768x861.jpg 768w\" sizes=\"auto, (max-width: 250px) 100vw, 250px\" \/>film\u2019, <b>avente il prestigio dell\u2019Alto Patronato della presidenza della Repubblica<\/b>, e che vede protagonisti alcuni dei castelli pugliesi, tra i quali, da quest\u2019anno, anche il nostro. Un festival, <b>a cura della Cooperativa Sociale \u2018I bambini di Truffaut\u2019<\/b>, diretto da <b>Giancarlo Visitilli<\/b>, e che riesce a legare il cinema e la forza delle immagini alla letteratura e al sociale.<\/p>\n<p style=\"margin-bottom: 0.0001pt; text-align: justify; line-height: normal;\"><b>Si parla di Pietro Ingrao, nella serata di luned\u00ec 24 giugno<\/b>, e se ne parla <b>tramite la proiezione del film documentario \u2018Non mi avete convinto\u2019<\/b>, dato dalla regia di Filippo Vendemmiati, e presentato a Venezia nel corso dell\u2019ultima Biennale.<\/p>\n<p style=\"margin-bottom: 0.0001pt; text-align: justify; line-height: normal;\">\u201c<b>Parlare di Ingrao \u00e8 come dover parlare di un\u2019altra epoca<\/b>, ma c\u2019\u00e8 anche da dire che <b>ebbe il grande pregio di capire come la politica stava gi\u00e0 iniziando a cambiare<\/b>\u201d, in questi termini <b>si esprime il professor Liguori, durante il dibattito<\/b> che ha preceduto la visione del film. Storico esponente dell\u2019ala sinistra del Partito Comunista Italiano, fu, quindi, un personaggio politico capace di camminare sul tempo. <b>Un precursore \u2026 un uomo con delle idee<\/b>, e in proposito il professor Liguori aggiunge: \u201c<b>L\u2019idea di democrazia che aveva lui era molto pi\u00f9 ampia rispetto a quella dei suoi contemporanei<\/b>, perch\u00e9 vedeva la partecipazione come elemento fondante\u201d.<\/p>\n<p style=\"margin-bottom: 0.0001pt; text-align: justify; line-height: normal;\"><b>Sulla figura di Ingrao politico si sof<\/b><b>ferma anche l\u2019assessore regionale Silvia Godelli<\/b>: \u201cAssume un <b>ruolo importante nel P<\/b><img loading=\"lazy\" decoding=\"async\" class=\" alignleft size-full wp-image-41118\" style=\"margin: 4px; float: left;\" alt=\"festival-del-racconto-il-film3\" src=\"https:\/\/archiviogioia.lavocedelpaese.info\/wp-content\/uploads\/2013\/06\/festival-del-racconto-il-film3.jpg\" height=\"294\" width=\"285\" srcset=\"https:\/\/archiviogioia.lavocedelpaese.info\/wp-content\/uploads\/2013\/06\/festival-del-racconto-il-film3.jpg 800w, https:\/\/archiviogioia.lavocedelpaese.info\/wp-content\/uploads\/2013\/06\/festival-del-racconto-il-film3-291x300.jpg 291w, https:\/\/archiviogioia.lavocedelpaese.info\/wp-content\/uploads\/2013\/06\/festival-del-racconto-il-film3-768x793.jpg 768w\" sizes=\"auto, (max-width: 285px) 100vw, 285px\" \/><b>CI negli \u201970<\/b>, quando la linea gramsciana allontana il PCI dalla dimensione russa\u201d. <b>Ingrao politico, ma anche e soprattutto uomo<\/b>: un lettore onnivoro che accettava qualsiasi spunto gli venisse dalla storia, dalla filosofia, dalla letteratura, dalla scienza.<\/p>\n<p style=\"margin-bottom: 0.0001pt; text-align: justify; line-height: normal;\"><b>Era un uomo capace di ragionamento, e per sua stessa ammissione s\u2019intendeva pi\u00f9 di cinema che di politica<\/b>: \u201cnon ho mai visto alcun altro strumento cos\u00ec penetrante e affascinante [\u2026]\u201d, cos\u00ec Ingrao stesso sostiene ad un certo punto del lodevole documentario.<\/p>\n<p style=\"margin-bottom: 0.0001pt; text-align: justify; line-height: normal;\"><b>Vendemmiati descrive la grande umanit\u00e0 di Ingrao e dichiara<\/b>: \u201cSono riuscito a creare un rapporto umano straordinario. Ho amato la curiosit\u00e0, la vivacit\u00e0 che questo giovane di 98 anni continua ad avere\u201d. <b>\u00c8 colpito, Vendemmiati, dalle discussioni politiche che ogni volta nascono attorno al suo docufilm<\/b>.<\/p>\n<p style=\"margin-bottom: 0.0001pt; text-align: justify; line-height: normal;\"><b>Sottolinea, per\u00f2, che \u00e8 stato pi\u00f9 affascinato dalla vicenda personale che politica<\/b>, \u201c[\u2026] d\u2019altronde il suo pensiero \u00e8 stato fin troppo contradditorio, fin troppo complesso per poterlo comprendere appieno. <b>Ho preferito volgere il mio sguardo <\/b><b>sulla passione<\/b> \u2026 <b>su un uomo che non ha mai smesso n\u00e9 di sognare, n\u00e9 di immaginare e n\u00e9 di sperare in un mondo migliore<\/b>\u201d.<\/p>\n<p>&nbsp;<\/p>\n","protected":false},"excerpt":{"rendered":"","protected":false},"author":1,"featured_media":41115,"comment_status":"open","ping_status":"closed","sticky":false,"template":"","format":"standard","meta":{"colormag_page_container_layout":"default_layout","colormag_page_sidebar_layout":"default_layout","footnotes":""},"categories":[6],"tags":[],"class_list":["post-41120","post","type-post","status-publish","format-standard","has-post-thumbnail","hentry","category-cultura"],"_links":{"self":[{"href":"https:\/\/archiviogioia.lavocedelpaese.info\/index.php?rest_route=\/wp\/v2\/posts\/41120","targetHints":{"allow":["GET"]}}],"collection":[{"href":"https:\/\/archiviogioia.lavocedelpaese.info\/index.php?rest_route=\/wp\/v2\/posts"}],"about":[{"href":"https:\/\/archiviogioia.lavocedelpaese.info\/index.php?rest_route=\/wp\/v2\/types\/post"}],"author":[{"embeddable":true,"href":"https:\/\/archiviogioia.lavocedelpaese.info\/index.php?rest_route=\/wp\/v2\/users\/1"}],"replies":[{"embeddable":true,"href":"https:\/\/archiviogioia.lavocedelpaese.info\/index.php?rest_route=%2Fwp%2Fv2%2Fcomments&post=41120"}],"version-history":[{"count":0,"href":"https:\/\/archiviogioia.lavocedelpaese.info\/index.php?rest_route=\/wp\/v2\/posts\/41120\/revisions"}],"wp:featuredmedia":[{"embeddable":true,"href":"https:\/\/archiviogioia.lavocedelpaese.info\/index.php?rest_route=\/wp\/v2\/media\/41115"}],"wp:attachment":[{"href":"https:\/\/archiviogioia.lavocedelpaese.info\/index.php?rest_route=%2Fwp%2Fv2%2Fmedia&parent=41120"}],"wp:term":[{"taxonomy":"category","embeddable":true,"href":"https:\/\/archiviogioia.lavocedelpaese.info\/index.php?rest_route=%2Fwp%2Fv2%2Fcategories&post=41120"},{"taxonomy":"post_tag","embeddable":true,"href":"https:\/\/archiviogioia.lavocedelpaese.info\/index.php?rest_route=%2Fwp%2Fv2%2Ftags&post=41120"}],"curies":[{"name":"wp","href":"https:\/\/api.w.org\/{rel}","templated":true}]}}