{"id":41182,"date":"2013-06-29T09:56:49","date_gmt":"2013-06-29T09:56:49","guid":{"rendered":"https:\/\/archiviogioia.lavocedelpaese.info\/?p=41182"},"modified":"2013-06-29T09:56:49","modified_gmt":"2013-06-29T09:56:49","slug":"ad-antonio-masi-passaggio-martelletto-rotary-club-foto","status":"publish","type":"post","link":"https:\/\/archiviogioia.lavocedelpaese.info\/?p=41182","title":{"rendered":"AD ANTONIO MASI PASSAGGIO MARTELLETTO ROTARY CLUB-foto"},"content":{"rendered":"<p><img loading=\"lazy\" decoding=\"async\" class=\" size-full wp-image-41171\" style=\"margin-right: 2px; margin-left: 2px;\" height=\"150\" alt=\"rotary-passaggio-del-martelletto3-pp\" src=\"https:\/\/archiviogioia.lavocedelpaese.info\/wp-content\/uploads\/2013\/06\/rotary-passaggio-del-martelletto3-pp.png\" width=\"320\" srcset=\"https:\/\/archiviogioia.lavocedelpaese.info\/wp-content\/uploads\/2013\/06\/rotary-passaggio-del-martelletto3-pp.png 640w, https:\/\/archiviogioia.lavocedelpaese.info\/wp-content\/uploads\/2013\/06\/rotary-passaggio-del-martelletto3-pp-300x141.png 300w\" sizes=\"auto, (max-width: 320px) 100vw, 320px\" \/><\/p>\n<p><!--more--><\/p>\n<p style=\"text-align: justify;\"><img loading=\"lazy\" decoding=\"async\" class=\" alignleft size-full wp-image-41173\" style=\"margin: 4px; float: left;\" height=\"227\" alt=\"rotary passaggio del martelletto\" src=\"https:\/\/archiviogioia.lavocedelpaese.info\/wp-content\/uploads\/2013\/06\/rotary_passaggio_del_martelletto.JPG\" width=\"340\" srcset=\"https:\/\/archiviogioia.lavocedelpaese.info\/wp-content\/uploads\/2013\/06\/rotary_passaggio_del_martelletto.JPG 720w, https:\/\/archiviogioia.lavocedelpaese.info\/wp-content\/uploads\/2013\/06\/rotary_passaggio_del_martelletto-300x200.jpg 300w\" sizes=\"auto, (max-width: 340px) 100vw, 340px\" \/>Venerd\u00ec 21 giugno, presso l\u2019Hotel Svevo di Gioia del Colle \u00e8 avvenuto il \u201c<b>Passaggio del martelletto<\/b>\u201d <strong>del Club Rotariano Acquaviva delle Fonti &#8211; Gioia del Colle<\/strong>.<\/p>\n<p style=\"text-align: justify;\">I soci e gli invitati hanno <b>salutato il presidente uscente Aldo Losito<\/b>, ed il <b>nuovo presidente<\/b> per l\u2019anno 2013\/ 2014, <b>Antonio Masi<\/b>. <b>Numerosi i presenti, tra cui giovani e bambini<\/b>. <b>Aldo Losito, ha dato inizio alla cerimonia salutando gli intervenuti, tra cui Maria Pia Asti<\/b>, assistente del Governatore del Distretto <b>e Renato Cervini<\/b>, al tavolo della presidenza.<\/p>\n<p style=\"text-align: justify;\">Mentre proseguiva con il saluto e gli auguri dei presidenti assenti del club di Monopoli, Rutigliano, e Casamassima, <b>sul grande schermo scorrevano le bandiere d\u2019Italia, d\u2019Europa e il logo del Rotary sulle note dell\u2019inno d\u2019Italia<\/b>, creando un momento di estrema suggestione.<\/p>\n<p style=\"text-align: justify;\"><b><img loading=\"lazy\" decoding=\"async\" class=\" alignright size-full wp-image-41174\" style=\"margin: 4px; float: right;\" height=\"227\" alt=\"rotary passaggio del martelletto8\" src=\"https:\/\/archiviogioia.lavocedelpaese.info\/wp-content\/uploads\/2013\/06\/rotary_passaggio_del_martelletto8.JPG\" width=\"340\" srcset=\"https:\/\/archiviogioia.lavocedelpaese.info\/wp-content\/uploads\/2013\/06\/rotary_passaggio_del_martelletto8.JPG 720w, https:\/\/archiviogioia.lavocedelpaese.info\/wp-content\/uploads\/2013\/06\/rotary_passaggio_del_martelletto8-300x200.jpg 300w\" sizes=\"auto, (max-width: 340px) 100vw, 340px\" \/>Il Past President ha poi passato brevemente in rassegna<\/b>, ma con la giusta coloritura, <b>l\u2019attivit\u00e0 del Club durante il suo mandato<\/b>, mettendo in evidenza come lo stesso sia stato un anno importante, non solo perch\u00e9 ricco di attivit\u00e0 portate felicemente a compimento, ma anche perch\u00e9 si \u00e8 trattato del 50\u00b0 anno di vita del Club. Evento che \u00e8 stato festeggiato al Castello Svevo di Gioia.<\/p>\n<p style=\"text-align: justify;\">Ma il vero orgoglio della gestione 2012\/2013 consiste nell\u2019aver <b>portato a termine i due services programmati<\/b>: <b>l\u2019arredamento del centro diurno per minori presso la parrocchia di S. Vito<\/b> e <b>l\u2019allestimento della Biblioteca del Carcere di Turi<\/b>. Inoltre la gestione 2012\/2013 vanta altre attivit\u00e0: vari incontri, rappresentazioni teatrali, viaggio a Roma\u2026 Tutte realizzazione rese possibili dalla compattezza organizzativa dell\u2019intero staff. Staff che il presidente uscente ha ringraziato nominando singolarmente ogni suo componente<img loading=\"lazy\" decoding=\"async\" class=\" alignleft size-full wp-image-41175\" style=\"margin: 4px; float: left;\" height=\"227\" alt=\"rotary passaggio del martelletto4\" src=\"https:\/\/archiviogioia.lavocedelpaese.info\/wp-content\/uploads\/2013\/06\/rotary_passaggio_del_martelletto4.JPG\" width=\"340\" srcset=\"https:\/\/archiviogioia.lavocedelpaese.info\/wp-content\/uploads\/2013\/06\/rotary_passaggio_del_martelletto4.JPG 720w, https:\/\/archiviogioia.lavocedelpaese.info\/wp-content\/uploads\/2013\/06\/rotary_passaggio_del_martelletto4-300x200.jpg 300w\" sizes=\"auto, (max-width: 340px) 100vw, 340px\" \/>!<\/p>\n<p style=\"text-align: justify;\">A questa prima parte della serata <b>\u00e8 seguita<\/b>, come intermezzo<b>, l\u2019esibizione di due giovani &nbsp;musicisti, Eliana de Candia e Dario Palmisano<\/b> che dai loro violini hanno tratto musiche intonate all\u2019importanza dell\u2019evento, ma, ancora di pi\u00f9, alle dolcissime &nbsp;parole della\u201dPreghiera del rotariano\u201d, letta con intensa partecipazione dalla <b>Valentina Masi<\/b>.<\/p>\n<p style=\"text-align: justify;\">A questo punto la vera e propria <b>cerimonia di passaggio. Un momento di vera commozione<\/b>, subito superato dall\u2019urgenza del fare, che caratterizza l\u2019impegno dei rotariani.<\/p>\n<p style=\"text-align: justify;\"><b>Il nuovo Presidente<\/b>, con il piglio del vero organizzatore, <b>saluta i presenti, e chiede una menzione particolare per il socio Martino Carnevale<\/b> che nel club<b><img loading=\"lazy\" decoding=\"async\" class=\" alignright size-full wp-image-41176\" style=\"margin: 4px; float: right;\" height=\"227\" alt=\"rotary passaggio del martelletto2\" src=\"https:\/\/archiviogioia.lavocedelpaese.info\/wp-content\/uploads\/2013\/06\/rotary_passaggio_del_martelletto2.JPG\" width=\"340\" srcset=\"https:\/\/archiviogioia.lavocedelpaese.info\/wp-content\/uploads\/2013\/06\/rotary_passaggio_del_martelletto2.JPG 720w, https:\/\/archiviogioia.lavocedelpaese.info\/wp-content\/uploads\/2013\/06\/rotary_passaggio_del_martelletto2-300x200.jpg 300w\" sizes=\"auto, (max-width: 340px) 100vw, 340px\" \/><\/b> rappresenta <b>il passato<\/b> e per la piccola <b>Favilla Benagiano<\/b> (figlia del socio Andrea Benagiano) che ne rappresenta <b>il futuro<\/b>. &nbsp;<\/p>\n<p style=\"text-align: justify;\"><b>Saluta doverosamente anche le sue nipotine, le piccole Doria e Giulia<\/b>.<\/p>\n<p style=\"text-align: justify;\"><b>Ringrazia tutti i Rotariani per averlo voluto presidente<\/b>, e tutti i presidenti precedenti per aver tramandato un CLUB in buona salute. Per aver reso, con services &nbsp;di qualit\u00e0, il Club prestigioso.<\/p>\n<p style=\"text-align: justify;\"><b>Il neo presidente dichiara di vivere il suo incarico con gioia esaltante<\/b>, pur comprendendone le difficolt\u00e0. La scelta di accettare \u00e8 stata dettata da due considerazioni: in primis un rotariano chiamato al servizio non pu\u00f2 rifiutarsi, inoltre &#8211; con le parole di un grande regista-maestro scolpite nella sua mente afferma con convinzione che \u201c\u2026<b>ora bisogna rimboccarsi le maniche per un mon<\/b><b><img loading=\"lazy\" decoding=\"async\" class=\" alignleft size-full wp-image-41177\" style=\"margin: 4px; float: left;\" height=\"227\" alt=\"rotary passaggio del martelletto musicisti\" src=\"https:\/\/archiviogioia.lavocedelpaese.info\/wp-content\/uploads\/2013\/06\/rotary_passaggio_del_martelletto_musicisti.JPG\" width=\"340\" srcset=\"https:\/\/archiviogioia.lavocedelpaese.info\/wp-content\/uploads\/2013\/06\/rotary_passaggio_del_martelletto_musicisti.JPG 720w, https:\/\/archiviogioia.lavocedelpaese.info\/wp-content\/uploads\/2013\/06\/rotary_passaggio_del_martelletto_musicisti-300x200.jpg 300w\" sizes=\"auto, (max-width: 340px) 100vw, 340px\" \/><\/b><b>do che chiede aiuto<\/b>\u201d.<\/p>\n<p style=\"text-align: justify;\">\u201c<b>I rotariani vogliono fare molto per gli altri &#8211; dichiara Masi<\/b> citando le parole del fondatore -, rotariani sono pi\u00f9 pronti ad agire che a parlare\u201d.<\/p>\n<p style=\"text-align: justify;\"><b>Il loro maggiore impegno \u00e8 stato diretto nella lotta contro le malattie infantili<\/b> (debellando la Poliomielite nei paesi del terzo mondo), contro la fame nel mondo e dotando i paesi pi\u00f9 poveri di acqua, cibo, medicine. <b>Molto si \u00e8 anche operato a tutela della pace<\/b>, in questi paesi dilaniati da guerre spesso fratricide. <b>Il nuovo presidente raccoglie intorno a s\u00e9 la sua squadra<\/b>, molto numerosa in verit\u00e0, e con tutte le caratteristiche di uno staff vincente.<\/p>\n<p style=\"text-align: justify;\">Prima di passare all\u2019illustrazione dettagliata del programma 2013\/2014, <b>saluta il sindaco di Cassano Murge e quello di Gioia del Colle<\/b>, i quali, prendendo la parola, oltre a <b><img loading=\"lazy\" decoding=\"async\" class=\" alignright size-full wp-image-41178\" style=\"margin: 4px; float: right;\" height=\"227\" alt=\"rotary passaggio del martelletto5\" src=\"https:\/\/archiviogioia.lavocedelpaese.info\/wp-content\/uploads\/2013\/06\/rotary_passaggio_del_martelletto5.JPG\" width=\"340\" srcset=\"https:\/\/archiviogioia.lavocedelpaese.info\/wp-content\/uploads\/2013\/06\/rotary_passaggio_del_martelletto5.JPG 720w, https:\/\/archiviogioia.lavocedelpaese.info\/wp-content\/uploads\/2013\/06\/rotary_passaggio_del_martelletto5-300x200.jpg 300w\" sizes=\"auto, (max-width: 340px) 100vw, 340px\" \/><\/b>complimentarsi con tutto il club per i traguardi raggiunti e per la validit\u00e0 del programma del nuovo anno, ringraziano per quanto \u00e8 stato fatto e si far\u00e0 per le comunit\u00e0 governate.<\/p>\n<p style=\"text-align: justify;\">Con piglio da manager, il nuovo presidente, aiutandosi con le immagini proiettate sullo schermo gigante, illustra il programma 2013\/ 2014. <b>Le principali linee d\u2019azione del programma 2013\/ 2014 sono riassunte in due pensieri<\/b>: fare qualcosa di buono per gli altri e valorizzare il piacere di stare insieme nella condivisione dei valori rotariani.<\/p>\n<p style=\"text-align: justify;\"><b>Le linee programmatiche<\/b> per la realizzazione di questi postulati si svilupperanno intorno a due centri d\u2019interesse: \u201c<b>I giovani al centro del nostro futuro\u201d e \u201cIl Rotary in cucina\u201d<\/b>. Gli interventi destinati ai giovani, partiranno da <b>iniziative per gli adolescenti<\/b>, con lo scopo evidente di catturare il loro interesse e indirizzarlo ai valori della solidariet\u00e0 e della partecipazione. <b>La creativit\u00e0 dei g<\/b><img loading=\"lazy\" decoding=\"async\" class=\" alignleft size-full wp-image-41179\" style=\"margin: 4px; float: left;\" height=\"227\" alt=\"rotary passaggio del martelletto6\" src=\"https:\/\/archiviogioia.lavocedelpaese.info\/wp-content\/uploads\/2013\/06\/rotary_passaggio_del_martelletto6.JPG\" width=\"340\" srcset=\"https:\/\/archiviogioia.lavocedelpaese.info\/wp-content\/uploads\/2013\/06\/rotary_passaggio_del_martelletto6.JPG 720w, https:\/\/archiviogioia.lavocedelpaese.info\/wp-content\/uploads\/2013\/06\/rotary_passaggio_del_martelletto6-300x200.jpg 300w\" sizes=\"auto, (max-width: 340px) 100vw, 340px\" \/><b>iovani, quindi, al servizio dei bambini meno fortunati<\/b>.<\/p>\n<p style=\"text-align: justify;\"><b>Per i pi\u00f9 grandi il Rotary ha pensato alla valorizzazione delle capacit\u00e0 e peculiarit\u00e0 personali con concorsi<\/b> su scienza e tecnologia, concorsi musicali \u201cGiovani talenti\u201d, su progetti come \u201cGiovani e futuro &#8211; la forza delle idee\u201d, &nbsp;<b>che premier\u00e0 la spiccata perseveranza di chi dimostrer\u00e0 di aver saputo avere degli obiettivi e essersi impegnato per raggiungerli<\/b>.<\/p>\n<p style=\"text-align: justify;\">\u201c<b>Ma che cos\u2019\u00e8 il Rotary in cucina?<\/b> &#8211; risponde il presidente &#8211; innanzi tutto un mezzo per sostenerci economicamente\u201d. E poi, non \u00e8 certamente l\u2019aspetto meno importante, \u201c\u2026\u00e8 la <b>sperimentazione di un nuovo modo di stare insieme<\/b>, valorizzando l\u2019unione amichevole che lega i soci\u201d. <b>L\u2019essere uniti, giover\u00e0 certamente a tutto il progetto rotariano<\/b>, perch\u00e9 solo insieme si vince. Bellissime idee, leggibili chiaramente sul volto aperto, <img loading=\"lazy\" decoding=\"async\" class=\" alignright size-full wp-image-41181\" style=\"margin: 4px; float: right;\" height=\"227\" alt=\"rotary passaggio del martelletto7\" src=\"https:\/\/archiviogioia.lavocedelpaese.info\/wp-content\/uploads\/2013\/06\/rotary_passaggio_del_martelletto7.JPG\" width=\"340\" srcset=\"https:\/\/archiviogioia.lavocedelpaese.info\/wp-content\/uploads\/2013\/06\/rotary_passaggio_del_martelletto7.JPG 720w, https:\/\/archiviogioia.lavocedelpaese.info\/wp-content\/uploads\/2013\/06\/rotary_passaggio_del_martelletto7-300x200.jpg 300w\" sizes=\"auto, (max-width: 340px) 100vw, 340px\" \/>cordiale del nuovo presidente.<\/p>\n<p style=\"text-align: justify;\"><b>La serata si \u00e8 conclusa con un gradito finale musicale<\/b>. Ha concluso piacevolmente la serata, <b>un gradevole aperitivo nel giardino dell\u2019Hotel<\/b> <b>a cui ha fatto seguito la cena<\/b>.<\/p>\n<p style=\"text-align: justify;\"><b>Al Presidente Antonio Masi e al suo direttivo gli auguri di un felice anno rotariano<\/b>, all\u2019insegna della solidariet\u00e0 e del servizio, nella certezza che la comunit\u00e0 non star\u00e0 solo a guardare ma parteciper\u00e0 e condivider\u00e0 la loro mission.<\/p>\n<p style=\"text-align: justify;\">Un grazie a <b>Paolo De Luca<\/b> per l\u2019indispensabile contributo fotografico.<\/p>\n<p><object type=\"application\/x-shockwave-flash\" width=\"660\" height=\"660\" flashvars=\"host=picasaweb.google.com&amp;hl=it&amp;feat=flashalbum&amp;RGB=0x000000&amp;feed=https:\/\/picasaweb.google.com\/data\/feed\/api\/user\/104626251937098962566\/albumid\/5894891044818835249?alt=rss&amp;kind=photo&amp;hl=it\" pluginspage=\"http:\/\/www.macromedia.com\/go\/getflashplayer\" data=\"https:\/\/static.googleusercontent.com\/external_content\/picasaweb.googleusercontent.com\/slideshow.swf\"><param name=\"movie\" value=\"https:\/\/static.googleusercontent.com\/external_content\/picasaweb.googleusercontent.com\/slideshow.swf\" \/><\/object><\/p>\n","protected":false},"excerpt":{"rendered":"","protected":false},"author":1,"featured_media":41172,"comment_status":"open","ping_status":"closed","sticky":false,"template":"","format":"standard","meta":{"colormag_page_container_layout":"default_layout","colormag_page_sidebar_layout":"default_layout","footnotes":""},"categories":[7],"tags":[],"class_list":["post-41182","post","type-post","status-publish","format-standard","has-post-thumbnail","hentry","category-attualita"],"_links":{"self":[{"href":"https:\/\/archiviogioia.lavocedelpaese.info\/index.php?rest_route=\/wp\/v2\/posts\/41182","targetHints":{"allow":["GET"]}}],"collection":[{"href":"https:\/\/archiviogioia.lavocedelpaese.info\/index.php?rest_route=\/wp\/v2\/posts"}],"about":[{"href":"https:\/\/archiviogioia.lavocedelpaese.info\/index.php?rest_route=\/wp\/v2\/types\/post"}],"author":[{"embeddable":true,"href":"https:\/\/archiviogioia.lavocedelpaese.info\/index.php?rest_route=\/wp\/v2\/users\/1"}],"replies":[{"embeddable":true,"href":"https:\/\/archiviogioia.lavocedelpaese.info\/index.php?rest_route=%2Fwp%2Fv2%2Fcomments&post=41182"}],"version-history":[{"count":0,"href":"https:\/\/archiviogioia.lavocedelpaese.info\/index.php?rest_route=\/wp\/v2\/posts\/41182\/revisions"}],"wp:featuredmedia":[{"embeddable":true,"href":"https:\/\/archiviogioia.lavocedelpaese.info\/index.php?rest_route=\/wp\/v2\/media\/41172"}],"wp:attachment":[{"href":"https:\/\/archiviogioia.lavocedelpaese.info\/index.php?rest_route=%2Fwp%2Fv2%2Fmedia&parent=41182"}],"wp:term":[{"taxonomy":"category","embeddable":true,"href":"https:\/\/archiviogioia.lavocedelpaese.info\/index.php?rest_route=%2Fwp%2Fv2%2Fcategories&post=41182"},{"taxonomy":"post_tag","embeddable":true,"href":"https:\/\/archiviogioia.lavocedelpaese.info\/index.php?rest_route=%2Fwp%2Fv2%2Ftags&post=41182"}],"curies":[{"name":"wp","href":"https:\/\/api.w.org\/{rel}","templated":true}]}}