{"id":41446,"date":"2013-07-05T04:00:47","date_gmt":"2013-07-05T04:00:47","guid":{"rendered":"https:\/\/archiviogioia.lavocedelpaese.info\/?p=41446"},"modified":"2013-07-05T04:00:47","modified_gmt":"2013-07-05T04:00:47","slug":"formazione-irccs-chiude-con-le-malattie-intestinali-2","status":"publish","type":"post","link":"https:\/\/archiviogioia.lavocedelpaese.info\/?p=41446","title":{"rendered":"FORMAZIONE IRCCS CHIUDE CON LE MALATTIE INTESTINALI"},"content":{"rendered":"<p><img loading=\"lazy\" decoding=\"async\" class=\" size-full wp-image-41440\" style=\"margin-right: 2px; margin-left: 2px;\" alt=\"Intestino irritabile-pp\" src=\"https:\/\/archiviogioia.lavocedelpaese.info\/wp-content\/uploads\/2013\/07\/Intestino_irritabile-pp.jpg\" height=\"150\" width=\"320\" srcset=\"https:\/\/archiviogioia.lavocedelpaese.info\/wp-content\/uploads\/2013\/07\/Intestino_irritabile-pp.jpg 320w, https:\/\/archiviogioia.lavocedelpaese.info\/wp-content\/uploads\/2013\/07\/Intestino_irritabile-pp-300x141.jpg 300w\" sizes=\"auto, (max-width: 320px) 100vw, 320px\" \/><\/p>\n<p><!--more--><\/p>\n<p style=\"text-align: justify;\"><img loading=\"lazy\" decoding=\"async\" class=\" alignleft size-full wp-image-41442\" style=\"margin: 4px; float: left;\" alt=\"MICI1\" src=\"https:\/\/archiviogioia.lavocedelpaese.info\/wp-content\/uploads\/2013\/07\/MICI1.jpg\" height=\"371\" width=\"270\" srcset=\"https:\/\/archiviogioia.lavocedelpaese.info\/wp-content\/uploads\/2013\/07\/MICI1.jpg 607w, https:\/\/archiviogioia.lavocedelpaese.info\/wp-content\/uploads\/2013\/07\/MICI1-218x300.jpg 218w\" sizes=\"auto, (max-width: 270px) 100vw, 270px\" \/>Aule della formazione nuovamente gremite all&#8217;<b>Istituto di Ricovero e Cura a Carattere Scientifico &#8220;Saverio de Bellis&#8221; <\/b>di Castellana Grotte. Nell&#8217;ambito del programma <b>&#8220;Incontri di gastroenterologia clinica e sperimentale&#8221; <\/b>si \u00e8 tenuto, mercoled\u00ec 3 luglio, un importante convegno su cause e terapie della malattie infiammatorie croniche intestinali. Il tredicesimo incontro del piano di formazione ha cos\u00ec affrontato il complesso argomento dal tema &#8220;Eziopatogenesi e terapie delle MICI\u201d. Relatore di giornata \u00e8 stato <b>Francesco Pallone<\/b>, direttore dell&#8217;UOC dell&#8217;Unit\u00e0 Operativa di Gastroenterologia presso il Policlinico dell&#8217;Universit\u00e0 degli Studi di Roma Tor Vergata. L&#8217;argomento \u00e8 stato introdotto dal direttore scientifico dell&#8217;Irccs &#8220;de Bellis&#8221; <b>Antonio Francavilla<\/b>.<\/p>\n<p style=\"text-align: justify;\"><b>Pallone in apertura del suo intervento ha cos\u00ec esordito<\/b>: <i>\u201cPurtroppo oggi non sono ancora ben note le cause che portano a sviluppare le malattie infiammatorie croniche intestinali quali ad esempio il morbo di Crohn. Un&#8217;ipotesi piuttosto suggestiva supportata da alcune ricerche ne individua una potenziale causa nell&#8217;eccesso di igiene. Queste malattie, infatti, si riscontrano soprattutto nelle classi sociali pi\u00f9 agiate e nelle zone del mondo con maggiori standard di benessere. Comunque se non sono ancora ben note le cause, di certo sono molto ben studiati i meccanismi con i quali queste malattie si sviluppano\u201d<\/i>.&nbsp;&nbsp;&nbsp;&nbsp;&nbsp;<\/p>\n<p style=\"text-align: justify;\">Dopo la pausa estiva, <b>il programma della formazione si concluder\u00e0 mercoled\u00ec 11 settembre<\/b> con un incontro curato da <b>Graziano Pesole dal titolo \u201cMicrobioma intestinale. Una nuova frontiera dell<\/b><img loading=\"lazy\" decoding=\"async\" class=\" alignright size-full wp-image-41443\" style=\"margin: 4px; float: right;\" alt=\"pallone irccs\" src=\"https:\/\/archiviogioia.lavocedelpaese.info\/wp-content\/uploads\/2013\/07\/pallone_irccs.jpg\" height=\"191\" width=\"340\" srcset=\"https:\/\/archiviogioia.lavocedelpaese.info\/wp-content\/uploads\/2013\/07\/pallone_irccs.jpg 2362w, https:\/\/archiviogioia.lavocedelpaese.info\/wp-content\/uploads\/2013\/07\/pallone_irccs-300x169.jpg 300w, https:\/\/archiviogioia.lavocedelpaese.info\/wp-content\/uploads\/2013\/07\/pallone_irccs-1024x576.jpg 1024w, https:\/\/archiviogioia.lavocedelpaese.info\/wp-content\/uploads\/2013\/07\/pallone_irccs-768x432.jpg 768w, https:\/\/archiviogioia.lavocedelpaese.info\/wp-content\/uploads\/2013\/07\/pallone_irccs-1536x864.jpg 1536w, https:\/\/archiviogioia.lavocedelpaese.info\/wp-content\/uploads\/2013\/07\/pallone_irccs-2048x1152.jpg 2048w\" sizes=\"auto, (max-width: 340px) 100vw, 340px\" \/><b>e ricerca?\u201d<\/b>. Invece <b>rinviato a data da destinarsi<\/b> <b>il recupero dell&#8217;appuntamento<\/b>, saltato lo scorso 16 giugno, <b>con Luca Elli su \u201cCelichia e gluten sensivity. Facciamo chiarezza\u201d<\/b>.<\/p>\n<p style=\"text-align: justify;\"><b>Il calendario<\/b>, <b>predisposto<\/b> dal direttore scientifico dell&#8217;Irccs &#8220;de Bellis&#8221; <b>Antonio Francavilla<\/b>, \u00e8 coordinato dall\u2019ufficio formazione, nella figura del responsabile <b>Giuseppe Riezzo<\/b>, <b>riservato a medici, biologi e farmacisti<\/b>, e aperto ad uditori sia interni che esterni. <b>Corso accredito Ecm con 31 <\/b><b>crediti<\/b>. L\u2019attestato sar\u00e0 rilasciato solo ed esclusivamente ai partecipanti che avranno raggiunto la soglia minima pari al 90% del totale delle ore.<\/p>\n<p style=\"text-align: justify;\"><b>Ulteriori informazioni<\/b> sul programma presso la <b>segreteria<\/b> organizzativa: Irccs de Bellis Ufficio Formazione &#8211; <b>mail<\/b> <a href=\"mailto:&lt;a href=\" mailto:formazione=\"\" irccsdebellis=\"\" it=\"\">formazione@irccsdebellis.it<\/a> <span>&#8211; <b>telefono<\/b> 0804994348 &#8211; fax 0804994320.<\/span><\/p>\n<p>&nbsp;<\/p>\n","protected":false},"excerpt":{"rendered":"","protected":false},"author":1,"featured_media":41440,"comment_status":"open","ping_status":"closed","sticky":false,"template":"","format":"standard","meta":{"colormag_page_container_layout":"default_layout","colormag_page_sidebar_layout":"default_layout","footnotes":""},"categories":[7],"tags":[],"class_list":["post-41446","post","type-post","status-publish","format-standard","has-post-thumbnail","hentry","category-attualita"],"_links":{"self":[{"href":"https:\/\/archiviogioia.lavocedelpaese.info\/index.php?rest_route=\/wp\/v2\/posts\/41446","targetHints":{"allow":["GET"]}}],"collection":[{"href":"https:\/\/archiviogioia.lavocedelpaese.info\/index.php?rest_route=\/wp\/v2\/posts"}],"about":[{"href":"https:\/\/archiviogioia.lavocedelpaese.info\/index.php?rest_route=\/wp\/v2\/types\/post"}],"author":[{"embeddable":true,"href":"https:\/\/archiviogioia.lavocedelpaese.info\/index.php?rest_route=\/wp\/v2\/users\/1"}],"replies":[{"embeddable":true,"href":"https:\/\/archiviogioia.lavocedelpaese.info\/index.php?rest_route=%2Fwp%2Fv2%2Fcomments&post=41446"}],"version-history":[{"count":0,"href":"https:\/\/archiviogioia.lavocedelpaese.info\/index.php?rest_route=\/wp\/v2\/posts\/41446\/revisions"}],"wp:featuredmedia":[{"embeddable":true,"href":"https:\/\/archiviogioia.lavocedelpaese.info\/index.php?rest_route=\/wp\/v2\/media\/41440"}],"wp:attachment":[{"href":"https:\/\/archiviogioia.lavocedelpaese.info\/index.php?rest_route=%2Fwp%2Fv2%2Fmedia&parent=41446"}],"wp:term":[{"taxonomy":"category","embeddable":true,"href":"https:\/\/archiviogioia.lavocedelpaese.info\/index.php?rest_route=%2Fwp%2Fv2%2Fcategories&post=41446"},{"taxonomy":"post_tag","embeddable":true,"href":"https:\/\/archiviogioia.lavocedelpaese.info\/index.php?rest_route=%2Fwp%2Fv2%2Ftags&post=41446"}],"curies":[{"name":"wp","href":"https:\/\/api.w.org\/{rel}","templated":true}]}}