{"id":41502,"date":"2013-07-06T10:19:47","date_gmt":"2013-07-06T10:19:47","guid":{"rendered":"https:\/\/archiviogioia.lavocedelpaese.info\/?p=41502"},"modified":"2013-07-06T10:19:47","modified_gmt":"2013-07-06T10:19:47","slug":"vito-osvaldo-angelillo-un-grande-incompreso-videofoto-2","status":"publish","type":"post","link":"https:\/\/archiviogioia.lavocedelpaese.info\/?p=41502","title":{"rendered":"VITO OSVALDO ANGELILLO, UN GRANDE, INCOMPRESO-video\/foto"},"content":{"rendered":"<p><img loading=\"lazy\" decoding=\"async\" class=\" size-full wp-image-41488\" style=\"margin-right: 2px; margin-left: 2px;\" height=\"150\" alt=\"vito-osvaldo-angelillo-pp\" src=\"https:\/\/archiviogioia.lavocedelpaese.info\/wp-content\/uploads\/2013\/07\/vito-osvaldo-angelillo-pp.png\" width=\"320\" srcset=\"https:\/\/archiviogioia.lavocedelpaese.info\/wp-content\/uploads\/2013\/07\/vito-osvaldo-angelillo-pp.png 640w, https:\/\/archiviogioia.lavocedelpaese.info\/wp-content\/uploads\/2013\/07\/vito-osvaldo-angelillo-pp-300x141.png 300w\" sizes=\"auto, (max-width: 320px) 100vw, 320px\" \/><\/p>\n<p><!--more--><\/p>\n<p style=\"text-align: justify;\"><img loading=\"lazy\" decoding=\"async\" class=\" alignleft size-full wp-image-41490\" style=\"margin: 4px; float: left;\" height=\"270\" alt=\"osvaldo6\" src=\"https:\/\/archiviogioia.lavocedelpaese.info\/wp-content\/uploads\/2013\/07\/osvaldo6.jpg\" width=\"270\" srcset=\"https:\/\/archiviogioia.lavocedelpaese.info\/wp-content\/uploads\/2013\/07\/osvaldo6.jpg 404w, https:\/\/archiviogioia.lavocedelpaese.info\/wp-content\/uploads\/2013\/07\/osvaldo6-300x300.jpg 300w, https:\/\/archiviogioia.lavocedelpaese.info\/wp-content\/uploads\/2013\/07\/osvaldo6-150x150.jpg 150w\" sizes=\"auto, (max-width: 270px) 100vw, 270px\" \/>\u201c<b>Nulla accade per caso<\/b>\u201d nella vita, ma quando sguscia via a tradimento, nulla pi\u00f9 accade. E\u2019 persa e con lei progetti, sogni, ricordi\u2026<\/p>\n<p style=\"text-align: justify;\"><b>Vito Osvaldo Angelillo<\/b>, fino all\u2019una e trenta del 5 luglio, <b>ha recitato sul palco della vita<\/b>, sua la regia fino all\u2019ultimo istante.<\/p>\n<p style=\"text-align: justify;\"><b>I suoi occhi socchiusi brillano, osservano, inseguono<\/b>, \u00e8 impossibile distogliere lo sguardo. <b>Un\u2019ultima, surreale scintilla di vita, imprigionata nel gelo dell\u2019eternit\u00e0<\/b>, rende irreale la realt\u00e0, inaccettabile l\u2019assenza, dolorosissimo il distacco.<\/p>\n<p style=\"text-align: justify;\"><b>Un cuore grande, ma non tanto da poter contenere e resistere all\u2019irrefrenabile voglia di vivere<\/b>, di progettare, creare di un grande artista, attore, regista, fotografo, grafico\u2026 questa la parte \u201cin luce\u201d di Osvaldo nel suo caravaggesco \u201cweb autoritratto\u201d. Nell\u2019ombra, nell\u2019area \u201criservata\u201d, <b>poeta, scrittore, musicista e compositore, raffinato letterato, affettuosissimo e tenero com<\/b><b><img loading=\"lazy\" decoding=\"async\" class=\" alignright size-full wp-image-41492\" style=\"margin: 4px; float: right;\" height=\"333\" alt=\"osvaldo5\" src=\"https:\/\/archiviogioia.lavocedelpaese.info\/wp-content\/uploads\/2013\/07\/osvaldo5.jpg\" width=\"270\" srcset=\"https:\/\/archiviogioia.lavocedelpaese.info\/wp-content\/uploads\/2013\/07\/osvaldo5.jpg 415w, https:\/\/archiviogioia.lavocedelpaese.info\/wp-content\/uploads\/2013\/07\/osvaldo5-243x300.jpg 243w\" sizes=\"auto, (max-width: 270px) 100vw, 270px\" \/><\/b><b>pagno di vita<\/b>.<\/p>\n<p style=\"text-align: justify;\"><b>Un\u2019infanzia trascorsa leopardianamente nello \u201cst<\/b><b>udio, matto e disperato\u201d<\/b>, tra letture e scritture che lo rendono <b>un adolescente \u201cstrano\u201d agli occhi dei suoi compagni<\/b> di liceo, introverso, genialmente attratto da altro, da universi poetici nei quali si immerge, placenta del suo talento.<\/p>\n<p style=\"text-align: justify;\"><b>Una vita per alcuni mesi tragicamente \u201csospesa\u201d dal destino ai confini della vita stessa<\/b>. Il miracolo del \u201critorno\u201d impone un diverso ritmo. <b>Vito Osvaldo coltiva interessi e passioni<\/b> nel suo \u201cbozzolo\u201d, <b>dalla crisalide nasce DiversaMente<\/b>, compagnia teatrale amatoriale nella quale il regista sperimenta le sue idee, condivide competenze, riversa talento e genialit\u00e0, impegno e rigore. <b>Cura in prima persona ogni dettaglio, dalle scenografie alle luci<\/b>, dai video proiettati sullo sfondo ai costumi. <b>E\u2019 esigente con s\u00e9 stesso e con gli altri<\/b>, pensa \u201cin grande\u201d e trascina tutti nel vortice della sua creativit\u00e0.<\/p>\n<p style=\"text-align: justify;\">E\u2019 alla continua e spasmodica ricerca della perfezione del gesto, del tono, della scena, dello spazio, delle luci\u2026 non prende pace, <b>non d\u00e0 pace ed impone i suoi ritmi, gli stessi che hanno logorato a soli 48 anni il suo cuore<\/b>, a tutti coloro che gli sono intorno. <b>Rielabora di continuo ma<\/b><b><img loading=\"lazy\" decoding=\"async\" class=\" alignleft size-full wp-image-41493\" style=\"margin: 4px; float: left;\" height=\"240\" alt=\"osvaldo3\" src=\"https:\/\/archiviogioia.lavocedelpaese.info\/wp-content\/uploads\/2013\/07\/osvaldo3.jpg\" width=\"320\" srcset=\"https:\/\/archiviogioia.lavocedelpaese.info\/wp-content\/uploads\/2013\/07\/osvaldo3.jpg 640w, https:\/\/archiviogioia.lavocedelpaese.info\/wp-content\/uploads\/2013\/07\/osvaldo3-300x225.jpg 300w\" sizes=\"auto, (max-width: 320px) 100vw, 320px\" \/><\/b><b>nifesti e locandine<\/b>, quando sembra sia tutto perfetto, un\u2019altra visione gli suggerisce diversi colori, altre immagini e fino a pochi minuti dall\u2019entrata in scena, compone, scompone e modifica testi, \u201cripensa\u201d la regia\u2026 un tourbillon di creativit\u00e0 esplosiva da tagliare il respiro agli attori, giunti sulla scena cos\u00ec temprati da essere perfetti. <b>Le emozioni sono a nudo, ma sono quelle dei personaggi<\/b>\u2026 Di loro tutto \u00e8 rarefatto, domina il dramma, <b>la recitazione non \u00e8 interpretazione, \u00e8 vita<\/b>.<\/p>\n<p style=\"text-align: justify;\"><b>Il maestro plasma le loro anime e sul palco giungono professionisti preparatissimi<\/b>, pronti a dar vita ad opere originali, mai scontate, pronti a piangere, ridere, impazzire, amare in attesa di quell\u2019applauso finale che pone fine all\u2019impegno di mesi e mesi. Tornano tra il pubblico con lo sguardo di naufraghi che ritrovano la terra dopo un lungo viaggio, e mentre il respiro, pian piano torna normale, scoprono di aver condiviso<b><img loading=\"lazy\" decoding=\"async\" class=\" alignright size-full wp-image-41494\" style=\"margin: 4px; float: right;\" height=\"357\" alt=\"osvaldo7\" src=\"https:\/\/archiviogioia.lavocedelpaese.info\/wp-content\/uploads\/2013\/07\/osvaldo7.jpg\" width=\"250\" srcset=\"https:\/\/archiviogioia.lavocedelpaese.info\/wp-content\/uploads\/2013\/07\/osvaldo7.jpg 358w, https:\/\/archiviogioia.lavocedelpaese.info\/wp-content\/uploads\/2013\/07\/osvaldo7-210x300.jpg 210w\" sizes=\"auto, (max-width: 250px) 100vw, 250px\" \/><\/b> le stesse emozioni.<\/p>\n<p style=\"text-align: justify;\">&#8220;&#8230;<b>E come il vento odo stormir tra queste piante, io quello infinito silenzio a questa voce vo comparando<\/b>&#8220;. Io, la tua voce, non la dimenticher\u00f2 mai. E neanche i tuoi gesti &#8211; scrive <b>Laura Colaninno, attrice della compagnia, indimenticabile Lorelai e Amleto<\/b> -, n\u00e9 il tuo sguardo attento con quegli occhialini calati sul naso quando leggevi ci\u00f2 che poi rendevi un capolavoro. E non dimenticher\u00f2 neanche i tuoi affettuosi rimproveri, n\u00e9 le interminabili giornate fatte di lavoro, di risate, di gioie ma anche di dolori condivisi. <b>Non dimenticher<\/b><b>\u00f2 la tua grafia incomprensibile n\u00e9 i tuoi appunti sparsi qua e l\u00e0<\/b> che non trovavi mai ma che poi, misteriosamente, ricomponevi. E quell&#8217;obiettivo comune, collante della nostra immensa aspirazione, la pi\u00f9 grande che abbia mai potuto unire individui cos\u00ec diversi eppur cos\u00ec amabilmente simili\u201d.<\/p>\n<p style=\"text-align: justify;\"><b>Osvaldo ha un grande sogno: portare le sue rappresentazioni nei teatri d\u2019Europa<\/b>. Il sostegno ai suoi progetti da parte delle istituzioni, delle stesse realt\u00e0 consociative di cui fa parte, \u00e8 minimo se non inesistente. <b>Da anni insegue il progetto di un festival del teatro amatoriale<\/b>, <b>eppur quest\u2019anno non ha portato, per la prima volta, nulla in scena<\/b>. Da bravo attore, nasconde sotto la maschera di ironico ed amabile uomo di spettacolo, <b>la frustrazione di poter dare tanto ed essere costretto ad investire di proprio<\/b> quel poco che ha <b>per promuovere<\/b><b><img loading=\"lazy\" decoding=\"async\" class=\" alignleft size-full wp-image-41495\" style=\"margin: 4px; float: left;\" height=\"333\" alt=\"osvaldo2\" src=\"https:\/\/archiviogioia.lavocedelpaese.info\/wp-content\/uploads\/2013\/07\/osvaldo2.jpg\" width=\"250\" srcset=\"https:\/\/archiviogioia.lavocedelpaese.info\/wp-content\/uploads\/2013\/07\/osvaldo2.jpg 384w, https:\/\/archiviogioia.lavocedelpaese.info\/wp-content\/uploads\/2013\/07\/osvaldo2-225x300.jpg 225w\" sizes=\"auto, (max-width: 250px) 100vw, 250px\" \/><\/b><b> un progetto che potrebbe dar lustro all\u2019intera citt\u00e0<\/b>.<\/p>\n<p style=\"text-align: justify;\"><b>Sofia, il suo \u201cpneuma\u201d gli \u00e8 se<\/b><b>mpre accanto, ma non basta per spiccare il volo<\/b>.<\/p>\n<p style=\"text-align: justify;\"><b>Tenta l\u2019avventura in politica<\/b>, lo fa con il trasporto di sempre, scegliendo di appoggiare il SEL, <b>sul \u201csantino\u201d un\u2019immagine tratta dalla sua ultima eroica impresa<\/b>: uno splendido lungometraggio, \u201c<b>Garibaldi reloaded<\/b>\u201d dedicato al 150\u00b0 anniversario dell\u2019Unit\u00e0 e al Comitato di cui fa parte, realizzato con mezzi di fortuna in oltre duemila ore di lavoro. <b>Un capolavoro!<\/b> (<a href=\"attualita\/3905-garibaldi-le-confidenze-di-vito-osvaldo-sul-film.html\">GARIBALDI: LE \u201cCONFIDENZE\u201d DI VITO OSVALDO SUL FILM<\/a>)<\/p>\n<p style=\"text-align: justify;\"><b>Con la sua compagnia \u201cDiversaMente\u201d vince concorsi nazionali<\/b>, conquistando prestigiose e lusinghiere recensioni anche quando \u00e8 secondo o terzo, il suo sogno sembra pi\u00f9 vicino\u2026.<\/p>\n<p><b>Laura Colaninno torna a parlarne<\/b>.<\/p>\n<p style=\"text-align: justify;\">\u201c\u2026anche quei punti di vista, a volte cos\u00ec antagonisti ma che conciliavamo con uno spirito di gruppo che raramente si pu\u00f2 vivere se non motivati ed intensa<img loading=\"lazy\" decoding=\"async\" class=\" alignright size-full wp-image-41496\" style=\"margin: 4px; float: right;\" height=\"300\" alt=\"osvaldo4\" src=\"https:\/\/archiviogioia.lavocedelpaese.info\/wp-content\/uploads\/2013\/07\/osvaldo4.jpg\" width=\"200\" \/>mente proiettati verso un sogno che tu, solo <b>tu Osv&#8230; hai saputo rendere tangibile, se<\/b><b>bbene tanto utopico per noi<\/b>&#8230; <b>Osv&#8230;Perch\u00e9 noi ti chiamavamo cos\u00ec&#8230;Ricordi?<\/b> Anche i nostri copioni erano segnati da tenere abbreviazioni: Gi\u00f2, Fi\u00f2, Lyu, Lau&#8230; <b>Tu hai<\/b> <b>lasci<\/b><b>ato un segno profondo nel solco tracciato in quel lontano aprile 2007<\/b>: Madelaine e Lorelai da cui hai creato tu, Osv, anche il mio indirizzo di posta elettronica&#8230; <b>Quante vite ci hai fatto vivere attraverso le tue creazioni artistiche?<\/b> Quanti orizzonti hai dischiuso ai nostri occhi attraverso la tua insaziabile sete di conoscenza? Innumerevoli. Nessuno potr\u00e0 eguagliarti, nessuno potr\u00e0 mai prendere il tuo posto: <b>un genio raramente ha eredi di egual spessore. Ma noi ti faremo rivivere e tu ci assisterai<\/b>: apparr\u00e0 forse strano ma sappiamo bene che \u2018le cose strane stanno bene al loro posto\u2019 \u201c.<\/p>\n<p style=\"text-align: justify;\"><b>Con Laura anche Fiorella Cardilli<\/b>, <b>Giovanna Carelli<\/b>, <b>Lyuba Centrone<\/b>, <b>Alessandro Dionisio<\/b> ed ancor prima <b>Elisabetta Addabbo<\/b> e <b>Anna Niceforo<\/b>.<\/p>\n<p style=\"text-align: justify;\">Tra i suoi amici di sempre <b>Augusto Angelillo<\/b> e <b>Giacomo Leronni<\/b>. Con il primo condivide l\u2019amore e la passione per il teatro, sono insieme nella Uilt rivestendo rispettivamente i ruoli di presidente e di direttore del Centro Studi. <b>Con Gia<\/b><img loading=\"lazy\" decoding=\"async\" class=\" alignleft size-full wp-image-41497\" style=\"margin: 4px; float: left;\" height=\"225\" alt=\"ute\" src=\"https:\/\/archiviogioia.lavocedelpaese.info\/wp-content\/uploads\/2013\/07\/ute.jpg\" width=\"340\" srcset=\"https:\/\/archiviogioia.lavocedelpaese.info\/wp-content\/uploads\/2013\/07\/ute.jpg 960w, https:\/\/archiviogioia.lavocedelpaese.info\/wp-content\/uploads\/2013\/07\/ute-300x199.jpg 300w, https:\/\/archiviogioia.lavocedelpaese.info\/wp-content\/uploads\/2013\/07\/ute-768x509.jpg 768w\" sizes=\"auto, (max-width: 340px) 100vw, 340px\" \/><b>como vive l\u2019avventura del <\/b><b>salotto letterario, della musica e della poesia<\/b>.<\/p>\n<p style=\"text-align: justify;\"><b>Sul suo profilo di facebook, in qu<\/b><b>este ore, gli amici gli dedicano pensieri e silenzi<\/b>\u2026.<\/p>\n<p style=\"text-align: justify;\">\u201cInquieto, irrequieto, utopico, teso verso l&#8217;alto, <b>sensibile e profondo come pochi<\/b>\u2026\u201d [<b>Anna Rita Fersini<\/b>].<b><img loading=\"lazy\" decoding=\"async\" class=\" alignright size-full wp-image-41498\" style=\"margin-right: 2px; margin-left: 2px; margin-top: 4px; float: right;\" height=\"380\" alt=\"osvaldo11\" src=\"https:\/\/archiviogioia.lavocedelpaese.info\/wp-content\/uploads\/2013\/07\/osvaldo11.jpg\" width=\"269\" \/><\/b><\/p>\n<p style=\"text-align: justify;\">\u201c<b>Un animo gentile e di rara bellez<\/b><b>za poetica<\/b>, <b>un talento<\/b>, una voce capace di raggiungere e toccare le trame pi\u00f9 nascoste dell&#8217;intimo.\u201d [<b>Cinzia Eramo<\/b>]<\/p>\n<p style=\"text-align: justify;\"><b>Cesare Pasimeni lo saluta con queste parole<\/b>: \u201c&#8230; I really miss you, I really miss your mind &#8230; E se \u00e8 vero, come dice Macbeth, che \u201ctutti i nostri ieri hanno illuminato a degli stolti la via che conduce alla morte polverosa\u201d, ti ringrazio per aver illuminato per un tratto anche la mia strada. <b>Ti lascio con un virile abbraccio, come dicevi sempre<\/b>\u201d.<\/p>\n<p style=\"text-align: justify;\">&#8220;Osvaldo, vivi la nuova vita, ora che il battito consueto si \u00e8 fermato, ora che la tua voce imperiosa \u00e8 silente, ora che il filo \u00e8 reciso e le corde del canto pi\u00f9 non vibrano, nell&#8217;attesa dell&#8217;incontro ti consoli il silenzio dell&#8217;eternit\u00e0.&#8221; [<strong>Fortunato Buttiglione<\/strong>]&nbsp;<\/p>\n<p style=\"text-align: justify;\"><b>Osvaldo il 27 luglio avrebbe portato alla Librellula una sua \u201ccreazione\u201d<\/b> in parole e musica in occasione della Festa Federiciana. Oggi, <b>alle 16.30 nella parrocchia di San Vito, l\u2019ultimo saluto<\/b>.<\/p>\n<h2 style=\"text-align: justify;\"><b>Cenni biografici<\/b><\/h2>\n<p style=\"text-align: justify;\">Vito Osvaldo Angelillo nasce a Gioia del Colle il 12 febbraio del 1965 &#8211; acquario e sole giallo \u201cauto esistente\u201d -, appassionato di <i>tai chi<\/i> e profondo conoscitore delle filosofie orientali.<\/p>\n<p style=\"text-align: justify;\">Inizia gli studi ginnasiali, \u00e8 <img loading=\"lazy\" decoding=\"async\" class=\" alignleft size-full wp-image-41499\" style=\"margin: 4px; float: left;\" height=\"385\" alt=\"osvaldo8\" src=\"https:\/\/archiviogioia.lavocedelpaese.info\/wp-content\/uploads\/2013\/07\/osvaldo8.jpg\" width=\"271\" srcset=\"https:\/\/archiviogioia.lavocedelpaese.info\/wp-content\/uploads\/2013\/07\/osvaldo8.jpg 360w, https:\/\/archiviogioia.lavocedelpaese.info\/wp-content\/uploads\/2013\/07\/osvaldo8-211x300.jpg 211w\" sizes=\"auto, (max-width: 271px) 100vw, 271px\" \/>un ragazzo coltissimo, apparentemente introverso, ama scrivere e leggere classici, a sedici anni compone su un quadernone la sua prima opera.<\/p>\n<p style=\"text-align: justify;\">Si trasferisce al liceo scientifico statale \u201cR. Canudo\u201d, dove consegue la maturit\u00e0, quindi studia fotografia e grafica presso l\u2019IPS \u201cLentini\u201d di Mottola, e diviene grafico pubblicitario. Appassionato di fotografia, vince concorsi e partecipa a mostre prestigiose, per un periodo esercita questa professione. Affascinato dalle scritture teatrali, da lui rivisitate e create, si dedicher\u00e0 al teatro sia in qualit\u00e0 di regista che di autore e light designer, interpreter\u00e0 anche ruoli attoriali e si dedicher\u00e0 alla drammaturgia con la scrittura di pi\u00e9ce originali. Seguir\u00e0 corsi e seminari con i massimi esponenti del teatro sperimentale, \u00e8 il caso di Eugenio Barba, Julia Varley, Catie Marchand. Partecipa a numerosi festival di regia teatrale internazionale, ottenendo spesso buoni piazzamenti come il 3\u00b0 posto nazionale al XIII festival internazionale Fantasio 2010. La sua prima regia cinematografica \u00e8 del 2011 con \u201cGaribaldi Reloaded\u201d, un lungometraggio di genere fantastico realizzato con la propria compagnia teatrale in occasione del 150\u00b0 anniversario dell\u2019Unit\u00e0 d\u2019Italia. Docente molto apprezzato di corsi di dizione tenutisi al Rossini e di Storia della Letteratura Teatrale presso l\u2019U.T.E.<\/p>\n<p style=\"text-align: justify;\">Questi alcuni scritti pubblicati su GioiaNet, altri sui suoi spettacoli sono consultabili negli annali del bimestrale \u201cla Piazza\u201d, dove Osvaldo aveva una sua rubrica: \u201cLa bocca del teatro\u201d.<a href=\"cultura\/3290-a-noi-il-baccana-a-cassano-lyuba-e-osvaldo-in-garibaldi-foto-.html\"><img loading=\"lazy\" decoding=\"async\" class=\" alignright size-full wp-image-41500\" style=\"margin: 4px; float: right;\" height=\"354\" alt=\"osvaldo9\" src=\"https:\/\/archiviogioia.lavocedelpaese.info\/wp-content\/uploads\/2013\/07\/osvaldo9.jpg\" width=\"250\" srcset=\"https:\/\/archiviogioia.lavocedelpaese.info\/wp-content\/uploads\/2013\/07\/osvaldo9.jpg 362w, https:\/\/archiviogioia.lavocedelpaese.info\/wp-content\/uploads\/2013\/07\/osvaldo9-212x300.jpg 212w\" sizes=\"auto, (max-width: 250px) 100vw, 250px\" \/><\/a><\/p>\n<div><a href=\"cultura\/3290-a-noi-il-baccana-a-cassano-lyuba-e-osvaldo-in-garibaldi-foto-.html\">A NOI IL \u201cBACCAN\u00c1\u201d, A CASSANO LYUBA E OSVALDO -foto-<\/a><\/div>\n<div><a href=\"cultura\/1969-vito-osvaldo-angelillo-conquista-premio-miglior-regista.html\">VITO OSVALDO CONQUISTA IL PREMIO DI \u201cMIGLIOR REGISTA\u201d<\/a><\/div>\n<div><a href=\"cultura\/3125-osvaldo-angelillo-alla-conquista-del-salento-foto-.html\">OSVALDO ANGELILLO ALLA CONQUISTA DEL SALENTO -foto-<\/a><\/div>\n<div><a href=\"http:\/\/www.cassanoweb.it\/cultura\/21477-tra-arte-e-storia-il-garibaldi-di-fratti.html\">TRA ARTE E STORIA, IL \u201cGARIBALDI\u201d DI FRATTI<\/a><\/div>\n<div><a href=\"politica\/5003-cultura-osvaldo-angelillo-propone-lassessore-.html\">CULTURA: OSVALDO ANGELILLO PROPONE, L\u2019ASSESSORE\u2026.? <\/a><\/div>\n<div><a href=\"attualita\/6773-onorina-savino-e-osvaldo-conquistano-spazio-unotre-foto.html\">ONORINA SAVINO E OSVALDO, PROTAGONISTI ALL&#8217;UNOTRE-foto<\/a><\/div>\n<div><a href=\"attualita\/6142-leros-di-osvaldo-e-giovanna-verso-il-mare-che-tace.html\">L\u2019EROS DI OSVALDO E GIOVANNA \u201cVERSO IL MARE CHE TACE\u201d<\/a><\/div>\n<div><a href=\"attualita\/4819-intervista-a-vito-osvaldo-angelillo-attore-e-regista-gioiese.html\">INTERVISTA A VITO OSVALDO, ATTORE E REGISTA GIOIESE<\/a><\/div>\n<div><a href=\"attualita\/5866-storia-di-un-matrimonio-raccontata-da-osvaldo.html\">\u201cSTORIA DI UN MATRIMONIO\u201d, RACCONTATA DA OSVALDO<\/a><\/div>\n<div><a href=\"cultura\/5557-vito-osvaldo-e-petali-di-pietra-stelle-del-crmg.html\">VITO OSVALDO E \u201cPETALI DI PIETRA\u201d STELLE DEL CRMG<\/a><\/div>\n<div><a href=\"politica\/3609-concorso-150-anni-dunita-voluto-da-13-gioiesi.html\">CONCORSO \u201c150 ANNI D\u2019UNIT\u00c1\u201d VOLUTO DA 13 GIOIESI<\/a><\/div>\n<div><a href=\"attualita\/6159-i-grandi-classici-riecheggiano-in-san-domenico.html\">I CLASSICI RIECHEGGIANO IN SAN DOMENICO<\/a><\/div>\n<div><a href=\"http:\/\/www.gioiadelcolle.info\/2008\/11\/25\/sperimentando-con-diversamente\/\">http:\/\/www.gioiadelcolle.info\/2008\/11\/25\/sperimentando-con-diversamente\/<\/a><\/div>\n<p><iframe loading=\"lazy\" src=\"https:\/\/www.facebook.com\/video\/embed?video_id=4642328431093\" width=\"768\" height=\"576\" frameborder=\"0\"><\/iframe><\/p>\n<p><object width=\"640\" height=\"480\" data=\"\/\/www.youtube.com\/v\/SuaI8Cd5smE?version=3&amp;hl=it_IT&amp;rel=0\" type=\"application\/x-shockwave-flash\"><param name=\"movie\" value=\"\/\/www.youtube.com\/v\/SuaI8Cd5smE?version=3&amp;hl=it_IT&amp;rel=0\" \/><param name=\"allowFullScreen\" value=\"true\" \/><param name=\"allowscriptaccess\" value=\"always\" \/><\/object> <object width=\"640\" height=\"360\" data=\"\/\/www.youtube.com\/v\/ki0DSwcMwKI?hl=it_IT&amp;version=3&amp;rel=0\" type=\"application\/x-shockwave-flash\"><param name=\"movie\" value=\"\/\/www.youtube.com\/v\/ki0DSwcMwKI?hl=it_IT&amp;version=3&amp;rel=0\" \/><param name=\"allowFullScreen\" value=\"true\" \/><param name=\"allowscriptaccess\" value=\"always\" \/><\/object> <object width=\"640\" height=\"480\" data=\"\/\/www.youtube.com\/v\/tT67buS6i94?version=3&amp;hl=it_IT&amp;rel=0\" type=\"application\/x-shockwave-flash\"><param name=\"movie\" value=\"\/\/www.youtube.com\/v\/tT67buS6i94?version=3&amp;hl=it_IT&amp;rel=0\" \/><param name=\"allowFullScreen\" value=\"true\" \/><param name=\"allowscriptaccess\" value=\"always\" \/><\/object> <object type=\"application\/x-shockwave-flash\" width=\"660\" height=\"660\" flashvars=\"host=picasaweb.google.com&amp;hl=it&amp;feat=flashalbum&amp;RGB=0x000000&amp;feed=https:\/\/picasaweb.google.com\/data\/feed\/api\/user\/104626251937098962566\/albumid\/5897450932911740369?alt=rss&amp;kind=photo&amp;hl=it\" pluginspage=\"http:\/\/www.macromedia.com\/go\/getflashplayer\" data=\"https:\/\/static.googleusercontent.com\/external_content\/picasaweb.googleusercontent.com\/slideshow.swf\"><param name=\"movie\" value=\"https:\/\/static.googleusercontent.com\/external_content\/picasaweb.googleusercontent.com\/slideshow.swf\" \/><\/object><\/p>\n","protected":false},"excerpt":{"rendered":"","protected":false},"author":1,"featured_media":41488,"comment_status":"open","ping_status":"closed","sticky":false,"template":"","format":"standard","meta":{"colormag_page_container_layout":"default_layout","colormag_page_sidebar_layout":"default_layout","footnotes":""},"categories":[7],"tags":[],"class_list":["post-41502","post","type-post","status-publish","format-standard","has-post-thumbnail","hentry","category-attualita"],"_links":{"self":[{"href":"https:\/\/archiviogioia.lavocedelpaese.info\/index.php?rest_route=\/wp\/v2\/posts\/41502","targetHints":{"allow":["GET"]}}],"collection":[{"href":"https:\/\/archiviogioia.lavocedelpaese.info\/index.php?rest_route=\/wp\/v2\/posts"}],"about":[{"href":"https:\/\/archiviogioia.lavocedelpaese.info\/index.php?rest_route=\/wp\/v2\/types\/post"}],"author":[{"embeddable":true,"href":"https:\/\/archiviogioia.lavocedelpaese.info\/index.php?rest_route=\/wp\/v2\/users\/1"}],"replies":[{"embeddable":true,"href":"https:\/\/archiviogioia.lavocedelpaese.info\/index.php?rest_route=%2Fwp%2Fv2%2Fcomments&post=41502"}],"version-history":[{"count":0,"href":"https:\/\/archiviogioia.lavocedelpaese.info\/index.php?rest_route=\/wp\/v2\/posts\/41502\/revisions"}],"wp:featuredmedia":[{"embeddable":true,"href":"https:\/\/archiviogioia.lavocedelpaese.info\/index.php?rest_route=\/wp\/v2\/media\/41488"}],"wp:attachment":[{"href":"https:\/\/archiviogioia.lavocedelpaese.info\/index.php?rest_route=%2Fwp%2Fv2%2Fmedia&parent=41502"}],"wp:term":[{"taxonomy":"category","embeddable":true,"href":"https:\/\/archiviogioia.lavocedelpaese.info\/index.php?rest_route=%2Fwp%2Fv2%2Fcategories&post=41502"},{"taxonomy":"post_tag","embeddable":true,"href":"https:\/\/archiviogioia.lavocedelpaese.info\/index.php?rest_route=%2Fwp%2Fv2%2Ftags&post=41502"}],"curies":[{"name":"wp","href":"https:\/\/api.w.org\/{rel}","templated":true}]}}