{"id":41537,"date":"2013-07-08T01:55:04","date_gmt":"2013-07-08T01:55:04","guid":{"rendered":"https:\/\/archiviogioia.lavocedelpaese.info\/?p=41537"},"modified":"2013-07-08T01:55:04","modified_gmt":"2013-07-08T01:55:04","slug":"per-visitare-castello-museo-e-parco-archeologico","status":"publish","type":"post","link":"https:\/\/archiviogioia.lavocedelpaese.info\/?p=41537","title":{"rendered":"PER VISITARE CASTELLO, MUSEO E PARCO ARCHEOLOGICO"},"content":{"rendered":"<p><img loading=\"lazy\" decoding=\"async\" class=\" size-full wp-image-41532\" style=\"margin-right: 2px; margin-left: 2px;\" alt=\"Museo-Nazionale-Archeologico-Gioia-pp\" src=\"https:\/\/archiviogioia.lavocedelpaese.info\/wp-content\/uploads\/2013\/07\/Museo-Nazionale-Archeologico-Gioia-pp.jpg\" height=\"150\" width=\"320\" srcset=\"https:\/\/archiviogioia.lavocedelpaese.info\/wp-content\/uploads\/2013\/07\/Museo-Nazionale-Archeologico-Gioia-pp.jpg 640w, https:\/\/archiviogioia.lavocedelpaese.info\/wp-content\/uploads\/2013\/07\/Museo-Nazionale-Archeologico-Gioia-pp-300x141.jpg 300w\" sizes=\"auto, (max-width: 320px) 100vw, 320px\" \/><\/p>\n<p><!--more--><\/p>\n<p><b><img loading=\"lazy\" decoding=\"async\" class=\" alignright size-full wp-image-41535\" style=\"margin: 4px; float: right;\" alt=\"Museo Nazionale Archeologico Gioia\" src=\"https:\/\/archiviogioia.lavocedelpaese.info\/wp-content\/uploads\/2013\/07\/Museo_Nazionale_Archeologico_Gioia.jpg\" height=\"255\" width=\"340\" srcset=\"https:\/\/archiviogioia.lavocedelpaese.info\/wp-content\/uploads\/2013\/07\/Museo_Nazionale_Archeologico_Gioia.jpg 640w, https:\/\/archiviogioia.lavocedelpaese.info\/wp-content\/uploads\/2013\/07\/Museo_Nazionale_Archeologico_Gioia-300x225.jpg 300w\" sizes=\"auto, (max-width: 340px) 100vw, 340px\" \/>Il Museo Nazionale Archeologico-Castello Normanno-Svevo<\/b> \u00e8 aperto tutti i giorni. <b>Il Parco Archeologico di Monte Sannace<\/b> \u00e8 aperto da mercoled\u00ec a domenica chiuso il luned\u00ec e marted\u00ec. <b>Prima di recarsi al Parco munirsi di biglietto<\/b>.<\/p>\n<p><b>Museo Nazionale Archeologico<\/b> &#8211; <b>biglietteria<\/b>: Piazza dei Martiri 1 &#8211; 8,30 &#8211; 19,15<\/p>\n<p><b>Costo biglietti<\/b>:<\/p>\n<ul style=\"margin-top: 0cm; text-align: justify;\">\n<li><b>Museo \u2013 Castello<\/b><\/li>\n<\/ul>\n<div style=\"text-align: justify;\">Intero: \u20ac 2,50 &#8211; dai 25 ai 65 anni<\/div>\n<div style=\"text-align: justify;\">Ridotto: \u20ac 1,25 &#8211; dai 18 ai 25 anni; docenti con incarico a tempo indeterminato presso scuole statali<\/div>\n<ul style=\"margin-top: 0cm; text-align: justify;\">\n<li>\n<p><b>Solo Parco Archeologico<\/b><\/p>\n<\/li>\n<\/ul>\n<div style=\"text-align: justify;\"><img loading=\"lazy\" decoding=\"async\" class=\" alignright size-full wp-image-41536\" style=\"margin: 4px; float: right;\" alt=\"Museo Nazionale Archeologico Gioia3\" src=\"https:\/\/archiviogioia.lavocedelpaese.info\/wp-content\/uploads\/2013\/07\/Museo_Nazionale_Archeologico_Gioia3.jpg\" height=\"255\" width=\"340\" srcset=\"https:\/\/archiviogioia.lavocedelpaese.info\/wp-content\/uploads\/2013\/07\/Museo_Nazionale_Archeologico_Gioia3.jpg 640w, https:\/\/archiviogioia.lavocedelpaese.info\/wp-content\/uploads\/2013\/07\/Museo_Nazionale_Archeologico_Gioia3-300x225.jpg 300w\" sizes=\"auto, (max-width: 340px) 100vw, 340px\" \/>Intero: \u20ac 2,50 &#8211; dai 25 ai 65 anni<\/div>\n<div style=\"text-align: justify;\">Ridotto: \u20ac 1,25 &#8211; dai 18 ai 25 anni; docenti con incarico a tempo indeterminato presso scuole statali<\/div>\n<ul style=\"margin-top: 0cm; text-align: justify;\">\n<li>\n<p><b>Museo &#8211; Castello e Parco Archeologico<\/b><\/p>\n<\/li>\n<\/ul>\n<p>Cumulativo <b>Intero<\/b>: \u20ac 4,00 Cumulativo <b>Ridotto<\/b>: \u20ac 2,00<\/p>\n<ul style=\"margin-top: 0cm; text-align: justify;\">\n<li><b>Museo &#8211; Castello e Parco Archeologico<\/b><\/li>\n<\/ul>\n<p style=\"text-align: justify;\"><b>Gratuito<\/b>: <b>al di sotto di anni 18 e al di sopra dei 65<\/b>; personale del Ministero per i Beni e le Attivit\u00e0 Culturali; <b>scolaresche<\/b> con i rispettivi insegnanti; docenti e studenti della Facolt\u00e0 di Architettura, di Conservazione dei Beni Culturali, di Scienze della Formazione di Lettere e Materie Letterarie con indirizzo Archeologico o Storico-Artistico della Facolt\u00e0 di Lettere e Filosofia; delle Accademie di Belle Arti; membri dell\u2019ICOM; guide turistiche nell\u2019esercizio della propria attivit\u00e0.<\/p>\n<p style=\"text-align: justify;\"><b>Per informazioni<\/b>: Tel-Fax 080.3481305<\/p>\n<p style=\"text-align: justify;\"><b>e-mail<\/b>: <a href=\"http:\/\/mce_host\/museoarch.gioiadelcolle@beniculturali.it\"><\/a><a href=\"mailto:museoarch.gioiadelcolle@beniculturali.it\">museoarch.gioiadelcolle@beniculturali.it<\/a> &#8211; <a href=\"http:\/\/www.facebook.com\/profile.php?id=100005882372033&amp;hc_location=stream\" target=\"_blank\" rel=\"noopener\">Museo Nazionale Archeologico Gioia<\/a><\/p>\n<p>&nbsp;<\/p>\n","protected":false},"excerpt":{"rendered":"","protected":false},"author":1,"featured_media":41533,"comment_status":"open","ping_status":"closed","sticky":false,"template":"","format":"standard","meta":{"colormag_page_container_layout":"default_layout","colormag_page_sidebar_layout":"default_layout","footnotes":""},"categories":[7],"tags":[],"class_list":["post-41537","post","type-post","status-publish","format-standard","has-post-thumbnail","hentry","category-attualita"],"_links":{"self":[{"href":"https:\/\/archiviogioia.lavocedelpaese.info\/index.php?rest_route=\/wp\/v2\/posts\/41537","targetHints":{"allow":["GET"]}}],"collection":[{"href":"https:\/\/archiviogioia.lavocedelpaese.info\/index.php?rest_route=\/wp\/v2\/posts"}],"about":[{"href":"https:\/\/archiviogioia.lavocedelpaese.info\/index.php?rest_route=\/wp\/v2\/types\/post"}],"author":[{"embeddable":true,"href":"https:\/\/archiviogioia.lavocedelpaese.info\/index.php?rest_route=\/wp\/v2\/users\/1"}],"replies":[{"embeddable":true,"href":"https:\/\/archiviogioia.lavocedelpaese.info\/index.php?rest_route=%2Fwp%2Fv2%2Fcomments&post=41537"}],"version-history":[{"count":0,"href":"https:\/\/archiviogioia.lavocedelpaese.info\/index.php?rest_route=\/wp\/v2\/posts\/41537\/revisions"}],"wp:featuredmedia":[{"embeddable":true,"href":"https:\/\/archiviogioia.lavocedelpaese.info\/index.php?rest_route=\/wp\/v2\/media\/41533"}],"wp:attachment":[{"href":"https:\/\/archiviogioia.lavocedelpaese.info\/index.php?rest_route=%2Fwp%2Fv2%2Fmedia&parent=41537"}],"wp:term":[{"taxonomy":"category","embeddable":true,"href":"https:\/\/archiviogioia.lavocedelpaese.info\/index.php?rest_route=%2Fwp%2Fv2%2Fcategories&post=41537"},{"taxonomy":"post_tag","embeddable":true,"href":"https:\/\/archiviogioia.lavocedelpaese.info\/index.php?rest_route=%2Fwp%2Fv2%2Ftags&post=41537"}],"curies":[{"name":"wp","href":"https:\/\/api.w.org\/{rel}","templated":true}]}}