{"id":41588,"date":"2013-07-09T08:00:35","date_gmt":"2013-07-09T08:00:35","guid":{"rendered":"https:\/\/archiviogioia.lavocedelpaese.info\/?p=41588"},"modified":"2013-07-09T08:00:35","modified_gmt":"2013-07-09T08:00:35","slug":"provocazioni-per-recupero-patrimonio-artistico-gioiese-2","status":"publish","type":"post","link":"https:\/\/archiviogioia.lavocedelpaese.info\/?p=41588","title":{"rendered":"\u201cPROVOCAZIONI\u201d PER RECUPERO PATRIMONIO ARTISTICO GIOIESE"},"content":{"rendered":"<p><img loading=\"lazy\" decoding=\"async\" class=\" size-full wp-image-24623\" style=\"margin-right: 2px; margin-left: 2px;\" height=\"150\" alt=\"restauro-statua-s.f.sco-da-paola-pp\" src=\"https:\/\/archiviogioia.lavocedelpaese.info\/wp-content\/uploads\/2012\/07\/restauro-statua-s.f.sco-da-paola-pp.jpg\" width=\"320\" srcset=\"https:\/\/archiviogioia.lavocedelpaese.info\/wp-content\/uploads\/2012\/07\/restauro-statua-s.f.sco-da-paola-pp.jpg 640w, https:\/\/archiviogioia.lavocedelpaese.info\/wp-content\/uploads\/2012\/07\/restauro-statua-s.f.sco-da-paola-pp-300x141.jpg 300w\" sizes=\"auto, (max-width: 320px) 100vw, 320px\" \/><\/p>\n<p><!--more--><\/p>\n<p style=\"text-align: justify;\"><b><img loading=\"lazy\" decoding=\"async\" class=\" alignleft size-full wp-image-18451\" style=\"margin: 4px; float: left;\" height=\"375\" alt=\"restauro San francesco\" src=\"https:\/\/archiviogioia.lavocedelpaese.info\/wp-content\/uploads\/2012\/01\/restauro_San_francesco.jpg\" width=\"250\" srcset=\"https:\/\/archiviogioia.lavocedelpaese.info\/wp-content\/uploads\/2012\/01\/restauro_San_francesco.jpg 320w, https:\/\/archiviogioia.lavocedelpaese.info\/wp-content\/uploads\/2012\/01\/restauro_San_francesco-200x300.jpg 200w\" sizes=\"auto, (max-width: 250px) 100vw, 250px\" \/>Che si sia tutti parte in causa e responsabili dei beni d\u2019arte di una comunit\u00e0, \u00e8 fatto acclarato<\/b>, che li si adotti \u201cmoralmente\u201d e culturalmente, anche\u2026 <b>che si debba ricorrere ad una donazione economica per la loro salvaguardia dal degrado \u00e8 invece una scelta<\/b>, e di questi tempi anche onerosa.<\/p>\n<p style=\"text-align: justify;\"><b>La Confraternita del SS. Rosario<\/b> di Gioia del Colle <b>ha condiviso con tutti i gioiesi un progetto<\/b>: <b>restituire le opere presenti nella Chiesa di S. Domenico al loro antico fulgore<\/b>, e questo lo fa con ammirevole, tenacia, proponendo incontri ed eventi che avvicinino quanti pi\u00f9 cittadini alla chiesa e li portino \u201cnella storia\u201d.<\/p>\n<p style=\"text-align: justify;\"><b>In questi frangenti ci si sente tutti \u201cfigli\u201d dell\u2019antica devozione<\/b> che attraverso questi oggetti d\u2019arte ha dato concretezza, forma ed espressione alla fede.<\/p>\n<p style=\"text-align: justify;\">\u201c<b>Confidiamo nella generosit\u00e0 <\/b>di imprenditori, professionisti, associazioni e singoli cittadini gioiesi &#8211; <b>afferma Andrea Mongelli<\/b> <b>a nome della confraternita<\/b> &#8211; ai quali faremo giungere attraverso un nostro incaricato l\u2019invito ad adottare questo nostro progetto. <b>Tutto ci\u00f2 lo si potr\u00e0 fare<\/b> non solo destinando alla nostra Confraternita un contributo (deducibile&nbsp;dai redditi), &nbsp;ma <b>anche offrendo dei doni in natura<\/b> <b>utili ad allestire il banchetto lotteria durante la festa della B.V. Maria del SS. Rosario in programma il prossimo 6 ottobre<\/b>. Gesto che renderemo visibile in occasione delle nostre iniziative. <b>Si pu\u00f2 contribuire anche direttamente <\/b>inviando le offerte sul nostro conto corrente: acceso presso la Banca Carime di Gioia del Colle, codice IBAN IT 34I0306741480000000000590\u201d.<b><img loading=\"lazy\" decoding=\"async\" class=\" alignright size-full wp-image-18448\" style=\"margin: 4px; float: right;\" height=\"159\" alt=\"restauro-san-domenico-pp\" src=\"https:\/\/archiviogioia.lavocedelpaese.info\/wp-content\/uploads\/2012\/01\/restauro-san-domenico-pp.jpg\" width=\"340\" srcset=\"https:\/\/archiviogioia.lavocedelpaese.info\/wp-content\/uploads\/2012\/01\/restauro-san-domenico-pp.jpg 640w, https:\/\/archiviogioia.lavocedelpaese.info\/wp-content\/uploads\/2012\/01\/restauro-san-domenico-pp-300x141.jpg 300w\" sizes=\"auto, (max-width: 340px) 100vw, 340px\" \/><\/b><\/p>\n<p style=\"text-align: justify;\"><b>La speranza \u00e8 che non solo i cittadini si sentano \u201cgenitori\u201d<\/b> nell\u2019adottare organo e tele e \u201cfigli\u201d nell\u2019amare, rispettare e preservare quanto restaurato, <b>ma anche le istituzioni facciano la loro parte<\/b>, <b>magari<\/b> &#8211; \u00e8 una provocazione &#8211; <b>destinando al recupero degli oggetti d\u2019arte<\/b> presenti nelle chiese della citt\u00e0, <b>una piccola parte dei milioni di euro stanziati in bilancio per i lavori pubblici<\/b>.<\/p>\n<p style=\"text-align: justify;\">Potrebbe apparire retorica o ut<img loading=\"lazy\" decoding=\"async\" class=\" alignleft size-full wp-image-4446\" style=\"margin: 4px; float: left;\" height=\"218\" alt=\"restauratrice\" src=\"https:\/\/archiviogioia.lavocedelpaese.info\/wp-content\/uploads\/2010\/09\/restauratrice.jpg\" width=\"222\" \/>opia, <b>ma \u00e8 cos\u00ec difficile destinare una percentuale minima di quanto destinato (circa 2 milioni ad oggi) ad elevare ascensori in via Dante<\/b> o riparare buche, marciapiedi <b>e pagare studi di fattibilit\u00e0 per \u201ccattedrali\u201d di lavori pubblici<\/b> che forse non vedranno mai la luce, <b>ad opere d\u2019arte patrimonio della collettivit\u00e0?<\/b> E rendendo ancora pi\u00f9 audace la proposta\u2026 perch\u00e9 non pensare di trasformare una piccola percentuale degli oneri di urbanizzazione in \u201coneri\u201d <b>per il recupero dei beni artistici della citt\u00e0 che li ospita?<\/b><\/p>\n<p style=\"text-align: justify;\">\u201c<b>Abbiamo pensato di proporre questa originale iniziativa per rendere possibili ulteriori restauri<\/b>, tra cui l\u2019antico organo ed altri quattro dipinti. Un progetto &#8211; continua Mongelli &#8211; che <b>se condiviso da tutti, restituir\u00e0<\/b>, come \u00e8 gi\u00e0 avvenuto in precedenza, <b>opere di valore non solo pittoriche<\/b>, giacch\u00e9 nel nostro caso la finalit\u00e0 pi\u00f9 ambiziosa \u00e8 quella di riportare ai fasti di un tempo&nbsp;lo straordinario organo presente nella nostra rettori<b><img loading=\"lazy\" decoding=\"async\" class=\" alignright size-full wp-image-18452\" style=\"margin: 4px; float: right;\" height=\"386\" alt=\"restauro tela tre santi domenicani\" src=\"https:\/\/archiviogioia.lavocedelpaese.info\/wp-content\/uploads\/2012\/01\/restauro_tela_tre_santi_domenicani.jpg\" width=\"250\" srcset=\"https:\/\/archiviogioia.lavocedelpaese.info\/wp-content\/uploads\/2012\/01\/restauro_tela_tre_santi_domenicani.jpg 311w, https:\/\/archiviogioia.lavocedelpaese.info\/wp-content\/uploads\/2012\/01\/restauro_tela_tre_santi_domenicani-194x300.jpg 194w\" sizes=\"auto, (max-width: 250px) 100vw, 250px\" \/><\/b>a\u201d. &nbsp;<\/p>\n<p style=\"text-align: justify;\">\u201c<b>Per adottare un pezzo<\/b> che racconta la storia delle tradizioni della nostra citt\u00e0 &#8211; conclude il priore -, <b>non sono necessarie grandi cifre<\/b>: abbiamo opere che con poche migliaia di euro possono tornare agli antichi splendori\u201d.<\/p>\n<p style=\"text-align: justify;\"><b>E negli ultimi quattro anni si \u00e8 davvero fatto tantissimo<\/b>: il restauro del dipinto dei \u201cTre Santi Domenicani\u201d (<a href=\"attualita\/5129-conferenza-tela-emergono-fatti-inediti-sui-domenicani-foto.html\">CONFERENZA TELA: EMERGONO FATTI INEDITI SUI DOMENICANI-foto<\/a>), quello della statua lapidea di San Francesco da Paola (<a href=\"attualita\/5686-tanta-commozione-per-il-santo-restituito-alla-citta-foto.html\">COMMOZIONE PER IL \u201cSANTO\u201d RESTITUITO ALLA CITT\u00c1-foto<\/a>), la realizzazione della nuova parrucca per la B.V. Maria del SS. Rosario e del Bambino\u2026<\/p>\n<p style=\"text-align: justify;\"><b>E ci si \u00e8 davvero \u201cindustriati\u201d!<\/b><\/p>\n<p style=\"text-align: justify;\"><b>Ricordiamo il concerto degli Hill\u2019s Joy Choir<\/b>, di fatto \u201cnati\u201d nella chiesa di S. Domenico, nella cui canonica provano ogni settimana, <b>grazie all\u2019ospitalit\u00e0 della rettoria<\/b> (<a href=\"attualita\/4039-concerto-di-beneficenza-con-gli-hills-joy-choir.html\">CONCERTO DI BENEFICENZA CON GLI HILL\u2019S JOY CHOIR<\/a>), ma anche con altre suggestive iniziative, ad esempio <b>la recitazione del rosario itinerante nelle famiglie<\/b> (<a href=\"attualita\/5932-papa-qrosario-in-famiglia-la-gioia-di-essere-cristiani-foto.html\">PAPA: &#8220;ROSARIO IN FAMIGLIA, LA GIOIA DI ESSERE CRISTIANI\u201d-foto<\/a>), e <b>numerosi viaggi devozionali<\/b> (<a href=\"attualita\/4986-reportage-pellegrinaggio-pompei-e-santa-rita-foto.html\">REPORTAGE PELLEGRINAGGIO POMPEI E SANTA RITA-foto<\/a>).<\/p>\n<p>&nbsp;<\/p>\n","protected":false},"excerpt":{"rendered":"","protected":false},"author":1,"featured_media":24623,"comment_status":"open","ping_status":"closed","sticky":false,"template":"","format":"standard","meta":{"colormag_page_container_layout":"default_layout","colormag_page_sidebar_layout":"default_layout","footnotes":""},"categories":[7],"tags":[],"class_list":["post-41588","post","type-post","status-publish","format-standard","has-post-thumbnail","hentry","category-attualita"],"_links":{"self":[{"href":"https:\/\/archiviogioia.lavocedelpaese.info\/index.php?rest_route=\/wp\/v2\/posts\/41588","targetHints":{"allow":["GET"]}}],"collection":[{"href":"https:\/\/archiviogioia.lavocedelpaese.info\/index.php?rest_route=\/wp\/v2\/posts"}],"about":[{"href":"https:\/\/archiviogioia.lavocedelpaese.info\/index.php?rest_route=\/wp\/v2\/types\/post"}],"author":[{"embeddable":true,"href":"https:\/\/archiviogioia.lavocedelpaese.info\/index.php?rest_route=\/wp\/v2\/users\/1"}],"replies":[{"embeddable":true,"href":"https:\/\/archiviogioia.lavocedelpaese.info\/index.php?rest_route=%2Fwp%2Fv2%2Fcomments&post=41588"}],"version-history":[{"count":0,"href":"https:\/\/archiviogioia.lavocedelpaese.info\/index.php?rest_route=\/wp\/v2\/posts\/41588\/revisions"}],"wp:featuredmedia":[{"embeddable":true,"href":"https:\/\/archiviogioia.lavocedelpaese.info\/index.php?rest_route=\/wp\/v2\/media\/24623"}],"wp:attachment":[{"href":"https:\/\/archiviogioia.lavocedelpaese.info\/index.php?rest_route=%2Fwp%2Fv2%2Fmedia&parent=41588"}],"wp:term":[{"taxonomy":"category","embeddable":true,"href":"https:\/\/archiviogioia.lavocedelpaese.info\/index.php?rest_route=%2Fwp%2Fv2%2Fcategories&post=41588"},{"taxonomy":"post_tag","embeddable":true,"href":"https:\/\/archiviogioia.lavocedelpaese.info\/index.php?rest_route=%2Fwp%2Fv2%2Ftags&post=41588"}],"curies":[{"name":"wp","href":"https:\/\/api.w.org\/{rel}","templated":true}]}}