{"id":41775,"date":"2013-07-13T03:00:19","date_gmt":"2013-07-13T03:00:19","guid":{"rendered":"https:\/\/archiviogioia.lavocedelpaese.info\/?p=41775"},"modified":"2013-07-13T03:00:19","modified_gmt":"2013-07-13T03:00:19","slug":"la-fenice-e-danza-allopera-legami-da-successo-foto-2","status":"publish","type":"post","link":"https:\/\/archiviogioia.lavocedelpaese.info\/?p=41775","title":{"rendered":"LA FENICE E DANZA ALL\u2019OPERA, LEGAMI DA SUCCESSO-foto"},"content":{"rendered":"<p><img loading=\"lazy\" decoding=\"async\" class=\" size-full wp-image-41763\" style=\"margin-right: 2px; margin-left: 2px;\" height=\"150\" alt=\"la-fenice-23\" src=\"https:\/\/archiviogioia.lavocedelpaese.info\/wp-content\/uploads\/2013\/07\/la-fenice-23.jpg\" width=\"320\" srcset=\"https:\/\/archiviogioia.lavocedelpaese.info\/wp-content\/uploads\/2013\/07\/la-fenice-23.jpg 640w, https:\/\/archiviogioia.lavocedelpaese.info\/wp-content\/uploads\/2013\/07\/la-fenice-23-300x141.jpg 300w\" sizes=\"auto, (max-width: 320px) 100vw, 320px\" \/><\/p>\n<p><!--more--><\/p>\n<p style=\"text-align: justify;\"><b><img loading=\"lazy\" decoding=\"async\" class=\" alignleft size-full wp-image-41765\" style=\"margin: 4px; float: left;\" height=\"227\" alt=\"dascanio turra\" src=\"https:\/\/archiviogioia.lavocedelpaese.info\/wp-content\/uploads\/2013\/07\/dascanio_turra.JPG\" width=\"340\" srcset=\"https:\/\/archiviogioia.lavocedelpaese.info\/wp-content\/uploads\/2013\/07\/dascanio_turra.JPG 720w, https:\/\/archiviogioia.lavocedelpaese.info\/wp-content\/uploads\/2013\/07\/dascanio_turra-300x200.jpg 300w\" sizes=\"auto, (max-width: 340px) 100vw, 340px\" \/>\u201cLegami d\u2019Arte\u201d<\/b>, questo il titolo scelto dall\u2019Accademia musico culturale \u201cLa Fenice\u201d per portare in Piazza Plebiscito domenica, 30 giugno, <b>uno spettacolare concerto<\/b> con un pubblico da grandi eventi.<\/p>\n<p style=\"text-align: justify;\"><b>Ben quindici brani <\/b>scelti tra i pi\u00f9 famosi, mirabilmente <b>arrangiati dal M\u00b0 Paolo D\u2019Ascanio<\/b>, presidente dell\u2019Accademia e <b>suonati<\/b> <b>dall\u2019orchestra della scuola<\/b> formata dai Maestri <b>Mino Petruzzelli<\/b> (batteria), <b>Michele Errico<\/b> (chitarra), <b>Francesco Putignano<\/b> (chitarra), <b>Giuseppe Amatulli<\/b> e <b>Stefania Valente<\/b> (violino), <b>Giuseppe Paci<\/b> (sassofono), <b>Angela Denora<\/b> (fagotto) e dagli studenti <b>Luigi D\u2019Onghia<\/b> e <b>Paolo Quarato<\/b> (fisarmonica), <b>Chiara Lillo<\/b>, <b>Miriam Cianciotti<\/b>, <b>Giovanni Mastrovito<\/b>, <b>Eulalia Capurso<\/b> e <b>Anastasio Romano<\/b> (pianoforte), <b>Manuela Valentini<\/b> e <b>Angelo Vitrani<\/b> (violino), <b>Francesco De Palma<\/b>, <b>Silvia Mazzaraco<\/b>, <b>Davide Casamassima<\/b> (chitarra), <b>Paolo Quarato<\/b> (fisarmonica e basso), <b>Dodo Lillo<\/b>, <b>Michele Vitrani<\/b>, <b>Nunzio <\/b><b><img loading=\"lazy\" decoding=\"async\" class=\" alignright size-full wp-image-41766\" style=\"margin: 4px; float: right;\" height=\"227\" alt=\"la fenice danza allopera3\" src=\"https:\/\/archiviogioia.lavocedelpaese.info\/wp-content\/uploads\/2013\/07\/la_fenice_danza_allopera3.JPG\" width=\"340\" srcset=\"https:\/\/archiviogioia.lavocedelpaese.info\/wp-content\/uploads\/2013\/07\/la_fenice_danza_allopera3.JPG 720w, https:\/\/archiviogioia.lavocedelpaese.info\/wp-content\/uploads\/2013\/07\/la_fenice_danza_allopera3-300x200.jpg 300w\" sizes=\"auto, (max-width: 340px) 100vw, 340px\" \/><\/b><b>Ponte<\/b> e <b>Raffaele Ricciardi<\/b> (percussioni).<\/p>\n<p style=\"text-align: justify;\"><b>Apre il concerto \u201cUltimo tango a Parigi\u201d <\/b>splendidamente eseguito dai maestri.<\/p>\n<p style=\"text-align: justify;\"><b>Punta di diamante della scuola, le splendide voci di tutti i cantanti dell\u2019Accademia<\/b>, maestri\u2026 inclusi, \u00e8 il caso di <b>Virginia Pavone<\/b>, in duetto con la soprano <b>Rita Paradiso<\/b> in \u201cThe prayer\u201d, una esecuzione da brivido, raffinata e molto intensa, in cui lirismo e contemporaneit\u00e0 hanno raggiunto l\u2019acme.<\/p>\n<p style=\"text-align: justify;\">Altrettanto suggestive \u201cNew York, New York\u201d cantata da <b>Elena Bellacicco<\/b>, \u201cFragile\u201d interpretata con pathos ed emozione da <b>Alessandro Capozzi<\/b>, \u201cTrue colors\u201d affidata a <b>Miriam Cianciotti<\/b> e <b>\u201cdanzata\u201d dai ballerini dell\u2019Accademia Danza all\u2019Opera del M\u00b0 Nicola Sasanelli<\/b>.<\/p>\n<p style=\"text-align: justify;\"><b>Scelta vincente quella di unire le due<\/b><img loading=\"lazy\" decoding=\"async\" class=\" alignleft size-full wp-image-41768\" style=\"margin: 4px; float: left;\" height=\"227\" alt=\"la fenice danza allopera2\" src=\"https:\/\/archiviogioia.lavocedelpaese.info\/wp-content\/uploads\/2013\/07\/la_fenice_danza_allopera2.JPG\" width=\"340\" srcset=\"https:\/\/archiviogioia.lavocedelpaese.info\/wp-content\/uploads\/2013\/07\/la_fenice_danza_allopera2.JPG 720w, https:\/\/archiviogioia.lavocedelpaese.info\/wp-content\/uploads\/2013\/07\/la_fenice_danza_allopera2-300x200.jpg 300w\" sizes=\"auto, (max-width: 340px) 100vw, 340px\" \/><b> accademie<\/b>, fucine di talenti, per offrire al pubblico uno spettacolo di grande impatto visivo e di ascolto, artisticamente e tecnicamente ben strutturato e coinvolgente.<\/p>\n<p style=\"text-align: justify;\"><b>Non poche le energie, in termini di risorse umane ed economiche<\/b>, <b>utilizzate per portare in piazza musicisti e cantanti<\/b>. Palco, service, Siae, pubblicit\u00e0 hanno pesantemente inciso sui costi sostenuti da La Fenice, che molto ha investito in questo progetto, puntando su giovani e meno giovani, dando loro la possibilit\u00e0 di confrontarsi, dare il meglio di s\u00e9 ed affrontare una <b>piazza gremita all\u2019inverosimile<\/b>.<\/p>\n<p style=\"text-align: justify;\"><b>Una serata anche emotivamente indimenticabile<\/b> e &#8211; <b>come rimarcato dal presentatore Alfonso Turra<\/b> &#8211; <b>interamente animata da talenti locali<\/b>.<\/p>\n<p style=\"text-align: justify;\"><b><img loading=\"lazy\" decoding=\"async\" class=\" alignright size-full wp-image-41769\" style=\"margin: 4px; float: right;\" height=\"227\" alt=\"DSC03214\" src=\"https:\/\/archiviogioia.lavocedelpaese.info\/wp-content\/uploads\/2013\/07\/DSC03214.JPG\" width=\"340\" srcset=\"https:\/\/archiviogioia.lavocedelpaese.info\/wp-content\/uploads\/2013\/07\/DSC03214.JPG 1920w, https:\/\/archiviogioia.lavocedelpaese.info\/wp-content\/uploads\/2013\/07\/DSC03214-300x200.jpg 300w, https:\/\/archiviogioia.lavocedelpaese.info\/wp-content\/uploads\/2013\/07\/DSC03214-1024x683.jpg 1024w, https:\/\/archiviogioia.lavocedelpaese.info\/wp-content\/uploads\/2013\/07\/DSC03214-768x512.jpg 768w, https:\/\/archiviogioia.lavocedelpaese.info\/wp-content\/uploads\/2013\/07\/DSC03214-1536x1024.jpg 1536w\" sizes=\"auto, (max-width: 340px) 100vw, 340px\" \/>Numerosi i \u201cduetti\u201d<\/b> con voci diversamente armoniche che si coniugano alla perfezione, \u00e8 il caso dell\u2019epica \u201cPeace wanted just to be free\u201d, eseguita da <b>Claudio Mastromarino e Rita Paradiso<\/b>, \u201cHistoria de un amor\u201d, con <b>Elena Bellacicco e Miriam Cianciotti<\/b>, \u201cNapule \u00e8\u201d cantata da <b>Luana Montone e Domiziana Salvemini <\/b>ed ancora \u201cAguas de mar\u00e7o\u201d interpretata da <b>Barbara Patroni e Claudio Mastromarino<\/b>.<\/p>\n<p style=\"text-align: justify;\"><b>Eccellenti solisti Mariella Cacciapaglia<\/b> in \u201cTango to Evora\u201d, ed <b>Alessandro Capozzi<\/b> in \u201cBohemian Rhapsody\u201d accompagnato dal coro dell\u2019Accademia di cui fan parte i cantanti gi\u00e0 nominati e <b>Angela Denora, Manuela Valentini, Letizia Lippolis, Rossella Notarnicola e Roberto Giorgio<\/b>.<\/p>\n<p style=\"text-align: justify;\"><b>Solo voci femminili per \u201cEvery breath you take\u201d, anch\u2019essa danzata<\/b>.<\/p>\n<p style=\"text-align: justify;\"><b><img loading=\"lazy\" decoding=\"async\" class=\" alignleft size-full wp-image-41771\" style=\"margin: 4px; float: left;\" height=\"227\" alt=\"la fenice danza allopera4\" src=\"https:\/\/archiviogioia.lavocedelpaese.info\/wp-content\/uploads\/2013\/07\/la_fenice_danza_allopera4.JPG\" width=\"340\" srcset=\"https:\/\/archiviogioia.lavocedelpaese.info\/wp-content\/uploads\/2013\/07\/la_fenice_danza_allopera4.JPG 720w, https:\/\/archiviogioia.lavocedelpaese.info\/wp-content\/uploads\/2013\/07\/la_fenice_danza_allopera4-300x200.jpg 300w\" sizes=\"auto, (max-width: 340px) 100vw, 340px\" \/>Nel gran finale <\/b>due brani che hanno scritto la storia della musica: \u201c<b>We are the world<\/b>\u201d e \u201c<b>They don\u2019t care about us<\/b>\u201d, interpretati da tutti i musicisti e i cantanti, inclusi i piccoli del <b>coro di voci bianche: Alessia Turra<\/b>, <b>Marta D\u2019Onghia<\/b>, <b>Aniwa<\/b>, <b>Aurora Pugliese<\/b>, <b>Federica Capozzi<\/b>, <b>Gaia Faggiolino<\/b>, <b>Lucia Ponte<\/b>, <b>Elena Milano<\/b>, <b>Francesca Carbonara<\/b>, <b>Carlo Callea<\/b>, <b>Marco Verone<\/b>, <b>Francesco Melchiorre<\/b> e <b>Leo Giannico<\/b>.<\/p>\n<p style=\"text-align: justify;\"><b>A tributare, con la simpatia di sempre, un premio<\/b> (le fatidiche mozzarelle del caseificio Nettis) <b>il buon Martino<\/b>, mascotte di ogni evento pubblico degno di nota.<\/p>\n<p style=\"text-align: justify;\"><b>Un plauso a Paolo D\u2019Ascanio<\/b> non solo per la mole di lavoro (arrangiare per strumenti e voci quindici brani non \u00e8 facile, cos\u00ec come non lo \u00e8 accompagnare al pianoforte e dirigere), ma anche <b>per il coraggio <img loading=\"lazy\" decoding=\"async\" class=\" alignright size-full wp-image-41772\" style=\"margin: 4px; float: right;\" height=\"227\" alt=\"la feniceDSC03207\" src=\"https:\/\/archiviogioia.lavocedelpaese.info\/wp-content\/uploads\/2013\/07\/DSC03207.JPG\" width=\"340\" srcset=\"https:\/\/archiviogioia.lavocedelpaese.info\/wp-content\/uploads\/2013\/07\/DSC03207.JPG 1920w, https:\/\/archiviogioia.lavocedelpaese.info\/wp-content\/uploads\/2013\/07\/DSC03207-300x200.jpg 300w, https:\/\/archiviogioia.lavocedelpaese.info\/wp-content\/uploads\/2013\/07\/DSC03207-1024x683.jpg 1024w, https:\/\/archiviogioia.lavocedelpaese.info\/wp-content\/uploads\/2013\/07\/DSC03207-768x512.jpg 768w, https:\/\/archiviogioia.lavocedelpaese.info\/wp-content\/uploads\/2013\/07\/DSC03207-1536x1024.jpg 1536w\" sizes=\"auto, (max-width: 340px) 100vw, 340px\" \/>dimostrato nell\u2019investire in cultura musicale<\/b> in tempi in cui davvero ben poco viene destinato a questo settore da istituzioni e privati.<\/p>\n<p style=\"text-align: justify;\"><b>Valore aggiunto la solidale cordata cui il M\u00b0 Nicola Sasanelli non si \u00e8 sottratto<\/b>, sempre e generosamente a disposizione <b>con i suoi alunni e i suoi maestri<\/b> &#8211; <b>Mimmo Linsalata, Marilena Recchia e Arianna Nicastri<\/b> &#8211; di coloro che amano l\u2019arte e ne fanno dono alla comunit\u00e0.<\/p>\n<p style=\"text-align: justify;\">Un particolare ringraziamento a <strong>Mario Di Giuseppe<\/strong> per l&#8217;immancabile contributo fotografico.<\/p>\n<p><object type=\"application\/x-shockwave-flash\" width=\"660\" height=\"660\" flashvars=\"host=picasaweb.google.com&amp;hl=it&amp;feat=flashalbum&amp;RGB=0x000000&amp;feed=https:\/\/picasaweb.google.com\/data\/feed\/api\/user\/104626251937098962566\/albumid\/5900077325127318721?alt=rss&amp;kind=photo&amp;hl=it\" pluginspage=\"http:\/\/www.macromedia.com\/go\/getflashplayer\" data=\"https:\/\/static.googleusercontent.com\/external_content\/picasaweb.googleusercontent.com\/slideshow.swf\"><param name=\"movie\" value=\"https:\/\/static.googleusercontent.com\/external_content\/picasaweb.googleusercontent.com\/slideshow.swf\" \/><\/object><\/p>\n","protected":false},"excerpt":{"rendered":"","protected":false},"author":1,"featured_media":41763,"comment_status":"open","ping_status":"closed","sticky":false,"template":"","format":"standard","meta":{"colormag_page_container_layout":"default_layout","colormag_page_sidebar_layout":"default_layout","footnotes":""},"categories":[7],"tags":[],"class_list":["post-41775","post","type-post","status-publish","format-standard","has-post-thumbnail","hentry","category-attualita"],"_links":{"self":[{"href":"https:\/\/archiviogioia.lavocedelpaese.info\/index.php?rest_route=\/wp\/v2\/posts\/41775","targetHints":{"allow":["GET"]}}],"collection":[{"href":"https:\/\/archiviogioia.lavocedelpaese.info\/index.php?rest_route=\/wp\/v2\/posts"}],"about":[{"href":"https:\/\/archiviogioia.lavocedelpaese.info\/index.php?rest_route=\/wp\/v2\/types\/post"}],"author":[{"embeddable":true,"href":"https:\/\/archiviogioia.lavocedelpaese.info\/index.php?rest_route=\/wp\/v2\/users\/1"}],"replies":[{"embeddable":true,"href":"https:\/\/archiviogioia.lavocedelpaese.info\/index.php?rest_route=%2Fwp%2Fv2%2Fcomments&post=41775"}],"version-history":[{"count":0,"href":"https:\/\/archiviogioia.lavocedelpaese.info\/index.php?rest_route=\/wp\/v2\/posts\/41775\/revisions"}],"wp:featuredmedia":[{"embeddable":true,"href":"https:\/\/archiviogioia.lavocedelpaese.info\/index.php?rest_route=\/wp\/v2\/media\/41763"}],"wp:attachment":[{"href":"https:\/\/archiviogioia.lavocedelpaese.info\/index.php?rest_route=%2Fwp%2Fv2%2Fmedia&parent=41775"}],"wp:term":[{"taxonomy":"category","embeddable":true,"href":"https:\/\/archiviogioia.lavocedelpaese.info\/index.php?rest_route=%2Fwp%2Fv2%2Fcategories&post=41775"},{"taxonomy":"post_tag","embeddable":true,"href":"https:\/\/archiviogioia.lavocedelpaese.info\/index.php?rest_route=%2Fwp%2Fv2%2Ftags&post=41775"}],"curies":[{"name":"wp","href":"https:\/\/api.w.org\/{rel}","templated":true}]}}