{"id":41914,"date":"2013-07-17T02:01:07","date_gmt":"2013-07-17T02:01:07","guid":{"rendered":"https:\/\/archiviogioia.lavocedelpaese.info\/?p=41914"},"modified":"2013-07-17T02:01:07","modified_gmt":"2013-07-17T02:01:07","slug":"regista-michele-rho-a-gioia-con-il-suo-film-cavalli-video-2","status":"publish","type":"post","link":"https:\/\/archiviogioia.lavocedelpaese.info\/?p=41914","title":{"rendered":"REGISTA MICHELE RHO A GIOIA CON IL SUO FILM \u201cCAVALLI\u201d-video"},"content":{"rendered":"<p><img loading=\"lazy\" decoding=\"async\" class=\" size-full wp-image-41906\" style=\"margin-right: 2px; margin-left: 2px;\" alt=\"cavalli-festival-film-pp\" src=\"https:\/\/archiviogioia.lavocedelpaese.info\/wp-content\/uploads\/2013\/07\/cavalli-festival-film-pp.jpg\" height=\"150\" width=\"320\" srcset=\"https:\/\/archiviogioia.lavocedelpaese.info\/wp-content\/uploads\/2013\/07\/cavalli-festival-film-pp.jpg 640w, https:\/\/archiviogioia.lavocedelpaese.info\/wp-content\/uploads\/2013\/07\/cavalli-festival-film-pp-300x141.jpg 300w\" sizes=\"auto, (max-width: 320px) 100vw, 320px\" \/><\/p>\n<p><!--more--><\/p>\n<p style=\"margin-bottom: 0.0001pt; text-align: justify; line-height: normal;\"><b><img loading=\"lazy\" decoding=\"async\" class=\" alignleft size-full wp-image-41908\" style=\"margin: 4px; float: left;\" alt=\"michele rho 091f\" src=\"https:\/\/archiviogioia.lavocedelpaese.info\/wp-content\/uploads\/2013\/07\/michele_rho_091f.jpg\" height=\"351\" width=\"250\" srcset=\"https:\/\/archiviogioia.lavocedelpaese.info\/wp-content\/uploads\/2013\/07\/michele_rho_091f.jpg 350w, https:\/\/archiviogioia.lavocedelpaese.info\/wp-content\/uploads\/2013\/07\/michele_rho_091f-213x300.jpg 213w\" sizes=\"auto, (max-width: 250px) 100vw, 250px\" \/>Si \u00e8 tenuto sabato 13 luglio<\/b> alle 20.30 nella suggestiva cornice del Castello Normanno Svevo il terzo appuntamento ospitato a Gioia del Festival di cinema e letteratura \u201c<b>Del Racconto, il Film<\/b>\u201d ideato dalla cooperativa sociale \u201c<b>I bambini di Truffaut<\/b>\u201d.<\/p>\n<p style=\"margin-bottom: 0.0001pt; text-align: justify; line-height: normal;\"><b>Tema della serata: l\u2019iniziazione <\/b>che si riallaccer\u00e0 con quello della diversit\u00e0 atteso il 14 luglio. Comune denominatore \u00e8 il rapporto con gli altri. <b>Il film scelto<\/b>, assolutamente pertinente alla serata, \u00e8 il lungometraggio <b>Cavalli<\/b> diretto dal giovane <b>regista<\/b> milanese <b>Michele Rho<\/b>; film per altro in concorso nella 68<sup>a<\/sup> edizione della Mostra di Venezia nella sezione \u201ccontrocampo italiano\u201d.<\/p>\n<p style=\"margin-bottom: 0.0001pt; text-align: justify; line-height: normal;\"><b>Modera l\u2019incontro con il regista<\/b>, prima della visione del film, il professor <b>Giancarlo Vistilli<\/b>, docente di lettere a Bari, nonch\u00e9 prestigiosa firma di \u201cIn cattedra\u201d, rubrica delle pagine baresi de \u00abla Repubblica\u00bb.<\/p>\n<p style=\"margin-bottom: 0.0001pt; text-align: justify; line-height: normal;\"><b>Visitilli<\/b>, fondatore della Cooperativa sociale \u00abI bambini di Truffaut\u00bb, <b>\u00e8 l\u2019ideatore del Festival di cinema e letteratura \u201cDel Racconto, il Film\u201d, che ha luogo ogni anno nei castelli della Puglia<\/b>.<\/p>\n<p style=\"margin-bottom: 0.0001pt; text-align: justify; line-height: normal;\">Nel 2012 ha pubblicato per Einaudi &#8211; Stile libero \u201cE la felicit\u00e0, prof?\u201d.<\/p>\n<p style=\"margin-bottom: 0.0001pt; text-align: justify; line-height: normal;\"><b>Il regista \u00e8 apparso molto felice di essere nella nostra citt\u00e0<\/b>, tanto da definirsi \u201dincantato\u201d dalla Puglia in generale.<\/p>\n<p style=\"margin-bottom: 0.0001pt; text-align: justify; line-height: normal;\">\u201cHo anche fatto il bagno\u2026 <b>Sono felicissimo<\/b> &#8211; ha continuato il regista &#8211; <b>venire in Puglia \u00e8 sempre una gioia per me<\/b>: \u00e8 una realt\u00e0 completamente diversa dalla grigia Milano\u2026\u201d.<\/p>\n<p style=\"margin-bottom: 0.0001pt; text-align: justify; line-height: normal;\"><b><img loading=\"lazy\" decoding=\"async\" class=\" alignright size-full wp-image-41910\" style=\"margin: 4px; float: right;\" alt=\"cavalli film3\" src=\"https:\/\/archiviogioia.lavocedelpaese.info\/wp-content\/uploads\/2013\/07\/cavalli_film3.jpg\" height=\"255\" width=\"340\" srcset=\"https:\/\/archiviogioia.lavocedelpaese.info\/wp-content\/uploads\/2013\/07\/cavalli_film3.jpg 960w, https:\/\/archiviogioia.lavocedelpaese.info\/wp-content\/uploads\/2013\/07\/cavalli_film3-300x225.jpg 300w, https:\/\/archiviogioia.lavocedelpaese.info\/wp-content\/uploads\/2013\/07\/cavalli_film3-768x576.jpg 768w\" sizes=\"auto, (max-width: 340px) 100vw, 340px\" \/>Poi in risposta all\u2019affermazione di Vistilli che Cavalli sia un film di formazione<\/b>, ha aggiunto il regista: \u201c\u2026<b>Anche sulla vita, perch\u00e9 i due bambini poi crescono e ognuno di loro sceglie la propria strada<\/b>\u201d.<\/p>\n<p style=\"margin-bottom: 0.0001pt; text-align: justify; line-height: normal;\"><b>Cavalli \u00e8 tratto dal secondo libro della trilogia \u201cPugni\u201d di Pietro Grossi<\/b>. Un film \u201cvolutamente in italiano e non in dialetto\u201d ha spiegato il regista, proprio per dare un taglio personale, staccandosi dal puro realismo e astrarre dando luogo a quella \u201cche giudico una fiaba-western\u201d.<\/p>\n<p style=\"margin-bottom: 0.0001pt; text-align: justify; line-height: normal;\">\u201c<b>I veri protagonisti<\/b> &#8211; precisa Rho &#8211; <b>sono i due ragazzi <\/b>anche se la presenza dei cavalli nella loro crescita \u00e8 importante\u201d.<\/p>\n<p style=\"margin-bottom: 0.0001pt; text-align: justify; line-height: normal;\"><b>Ha quindi raccontato le difficolt\u00e0 riscontrate nelle riprese girate sui cavalli<\/b>, che durante le riprese erano <b>alquanto nervosi<\/b>. Ha anche evidenziato il contrasto volutamente cercato di una natura da una parte selvaggia, tra le montagne d\u2019Abruzzo e dall\u2019altra pi\u00f9 dolce, quasi materna nella campagna toscana, dicotomia vincente nella scelta delle location.<\/p>\n<p style=\"margin-bottom: 0.0001pt; text-align: justify; line-height: normal;\"><b>Tocco di realismo<\/b> messo in rilievo dallo stesso Rho durante la <img loading=\"lazy\" decoding=\"async\" class=\" alignleft size-full wp-image-41911\" style=\"margin: 4px; float: left;\" alt=\"cavalli film4\" src=\"https:\/\/archiviogioia.lavocedelpaese.info\/wp-content\/uploads\/2013\/07\/cavalli_film4.jpg\" height=\"255\" width=\"340\" srcset=\"https:\/\/archiviogioia.lavocedelpaese.info\/wp-content\/uploads\/2013\/07\/cavalli_film4.jpg 960w, https:\/\/archiviogioia.lavocedelpaese.info\/wp-content\/uploads\/2013\/07\/cavalli_film4-300x225.jpg 300w, https:\/\/archiviogioia.lavocedelpaese.info\/wp-content\/uploads\/2013\/07\/cavalli_film4-768x576.jpg 768w\" sizes=\"auto, (max-width: 340px) 100vw, 340px\" \/>presentazione <b>\u00e8 la rappresentazione dei personaggi sporchi di fango<\/b>, un effetto realistico ricercato. La storia &#8211; ambientata a fine \u2018800 &#8211; narra di due fratelli, Alessandro e Pietro, che vivono in una zona rurale dell&#8217;Italia centrale. <b>I due bambini, molto diversi tra loro per carattere, condividono la passione per i giochi spericolati e un forte affetto<\/b>. Quando la madre muore, il padre, distrutto dal dolore, affida ai figli due cavalli da domare, e li abbandona a s\u00e8 stessi. Dopo un apprendistato dal maniscalco Pancia, le loro strade di adulti si separano. Alessandro insegue il sogno di una vita diversa, \u201coltre il confine\u201d, mentre Pietro vuole diventare allevatore e sposare l&#8217;amata Veronica, la figlia del farmacista. <b>Ma prima di poter realizzare i loro desideri, incontreranno prepotenza, violenza e dolore<\/b>.<\/p>\n<p style=\"margin-bottom: 0.0001pt; text-align: justify; line-height: normal;\"><b>Meravigliosi i campi lunghi sulle splendide vallate e i primi piani sugli sguardi degli attori<\/b> che il regista ci regala. Poi alla domanda di Vistilli su un regista di riferimento, Rho senza esitazione risponde: \u201c<b>Olmi \u00e8 un regista che amo soprattutto per il suo meraviglioso rapporto con la natura<\/b>\u201d. <b>Il regista si \u00e8 poi congedato per<\/b> <b>dare la possibilit\u00e0 al pubblico <img loading=\"lazy\" decoding=\"async\" class=\" alignright size-full wp-image-41912\" style=\"margin: 4px; float: right;\" alt=\"cavalli film2\" src=\"https:\/\/archiviogioia.lavocedelpaese.info\/wp-content\/uploads\/2013\/07\/cavalli_film2.jpg\" height=\"255\" width=\"340\" srcset=\"https:\/\/archiviogioia.lavocedelpaese.info\/wp-content\/uploads\/2013\/07\/cavalli_film2.jpg 960w, https:\/\/archiviogioia.lavocedelpaese.info\/wp-content\/uploads\/2013\/07\/cavalli_film2-300x225.jpg 300w, https:\/\/archiviogioia.lavocedelpaese.info\/wp-content\/uploads\/2013\/07\/cavalli_film2-768x576.jpg 768w\" sizes=\"auto, (max-width: 340px) 100vw, 340px\" \/>intervenuto di apprezzare il suo film<\/b>.<\/p>\n<p style=\"margin-bottom: 0.0001pt; line-height: normal;\"><b>Scheda tecnica<\/b> cinematografica del film :<\/p>\n<p style=\"margin-bottom: 0.0001pt; line-height: normal;\"><strong>REGIA<\/strong>: Michele Rho<br \/> <strong>SCENEGGIATURA<\/strong>: Michele Rho, Francesco Ghiaccio<br \/> <strong>ATTORI<\/strong>: <br \/> Vinicio Marchioni, Michele Alhaique, Giulia Michelini, Duccio Camerini, Cesare Apolito, Fausto Maria Sciarappa, Luigi Fedele, Pippo Delbono, Francesco Fedele, Andrea Occhipinti, Antonella Attili, Asia ArgentoFOTOGRAFIA: Andrea Locatelli<br \/> <strong>MONTAGGIO<\/strong>: Luca Benedetti<br \/> <strong>MUSICHE<\/strong>: Nicola Tescari<br \/> <strong>PRODUZIONE<\/strong>: Settembrini, in collaborazione con Rai Cinema <br \/> <strong>DISTRIBUZIONE<\/strong>: Lucky Red<br \/> <strong>PAESE<\/strong>: Italia 2011<\/p>\n<p><object width=\"640\" height=\"360\" data=\"\/\/www.youtube.com\/v\/UiJqtGgHero?version=3&amp;hl=it_IT&amp;rel=0\" type=\"application\/x-shockwave-flash\"><param name=\"movie\" value=\"\/\/www.youtube.com\/v\/UiJqtGgHero?version=3&amp;hl=it_IT&amp;rel=0\" \/><param name=\"allowFullScreen\" value=\"true\" \/><param name=\"allowscriptaccess\" value=\"always\" \/><\/object><\/p>\n","protected":false},"excerpt":{"rendered":"","protected":false},"author":1,"featured_media":41906,"comment_status":"open","ping_status":"closed","sticky":false,"template":"","format":"standard","meta":{"colormag_page_container_layout":"default_layout","colormag_page_sidebar_layout":"default_layout","footnotes":""},"categories":[7],"tags":[],"class_list":["post-41914","post","type-post","status-publish","format-standard","has-post-thumbnail","hentry","category-attualita"],"_links":{"self":[{"href":"https:\/\/archiviogioia.lavocedelpaese.info\/index.php?rest_route=\/wp\/v2\/posts\/41914","targetHints":{"allow":["GET"]}}],"collection":[{"href":"https:\/\/archiviogioia.lavocedelpaese.info\/index.php?rest_route=\/wp\/v2\/posts"}],"about":[{"href":"https:\/\/archiviogioia.lavocedelpaese.info\/index.php?rest_route=\/wp\/v2\/types\/post"}],"author":[{"embeddable":true,"href":"https:\/\/archiviogioia.lavocedelpaese.info\/index.php?rest_route=\/wp\/v2\/users\/1"}],"replies":[{"embeddable":true,"href":"https:\/\/archiviogioia.lavocedelpaese.info\/index.php?rest_route=%2Fwp%2Fv2%2Fcomments&post=41914"}],"version-history":[{"count":0,"href":"https:\/\/archiviogioia.lavocedelpaese.info\/index.php?rest_route=\/wp\/v2\/posts\/41914\/revisions"}],"wp:featuredmedia":[{"embeddable":true,"href":"https:\/\/archiviogioia.lavocedelpaese.info\/index.php?rest_route=\/wp\/v2\/media\/41906"}],"wp:attachment":[{"href":"https:\/\/archiviogioia.lavocedelpaese.info\/index.php?rest_route=%2Fwp%2Fv2%2Fmedia&parent=41914"}],"wp:term":[{"taxonomy":"category","embeddable":true,"href":"https:\/\/archiviogioia.lavocedelpaese.info\/index.php?rest_route=%2Fwp%2Fv2%2Fcategories&post=41914"},{"taxonomy":"post_tag","embeddable":true,"href":"https:\/\/archiviogioia.lavocedelpaese.info\/index.php?rest_route=%2Fwp%2Fv2%2Ftags&post=41914"}],"curies":[{"name":"wp","href":"https:\/\/api.w.org\/{rel}","templated":true}]}}