{"id":42193,"date":"2013-07-24T06:09:01","date_gmt":"2013-07-24T06:09:01","guid":{"rendered":"https:\/\/archiviogioia.lavocedelpaese.info\/?p=42193"},"modified":"2013-07-24T06:09:01","modified_gmt":"2013-07-24T06:09:01","slug":"studenti-del-canudo-in-europa-al-youth-in-action-foto","status":"publish","type":"post","link":"https:\/\/archiviogioia.lavocedelpaese.info\/?p=42193","title":{"rendered":"STUDENTI CANUDO IN EUROPA AL \u201cYOUTH IN ACTION\u201d-foto"},"content":{"rendered":"<p><img loading=\"lazy\" decoding=\"async\" class=\" size-full wp-image-42185\" style=\"margin-right: 2px; margin-left: 2px;\" alt=\"progetto-Youth-in-action1-pp\" src=\"https:\/\/archiviogioia.lavocedelpaese.info\/wp-content\/uploads\/2013\/07\/progetto-Youth-in-action1-pp.png\" height=\"150\" width=\"320\" srcset=\"https:\/\/archiviogioia.lavocedelpaese.info\/wp-content\/uploads\/2013\/07\/progetto-Youth-in-action1-pp.png 640w, https:\/\/archiviogioia.lavocedelpaese.info\/wp-content\/uploads\/2013\/07\/progetto-Youth-in-action1-pp-300x141.png 300w\" sizes=\"auto, (max-width: 320px) 100vw, 320px\" \/><\/p>\n<p><!--more--><\/p>\n<p style=\"text-align: justify;\"><b><img loading=\"lazy\" decoding=\"async\" class=\" alignleft size-full wp-image-42186\" style=\"margin: 4px; float: left;\" alt=\"1082851 613861661970835 378135991 n\" src=\"https:\/\/archiviogioia.lavocedelpaese.info\/wp-content\/uploads\/2013\/07\/1082851_613861661970835_378135991_n.jpg\" height=\"255\" width=\"340\" srcset=\"https:\/\/archiviogioia.lavocedelpaese.info\/wp-content\/uploads\/2013\/07\/1082851_613861661970835_378135991_n.jpg 960w, https:\/\/archiviogioia.lavocedelpaese.info\/wp-content\/uploads\/2013\/07\/1082851_613861661970835_378135991_n-300x225.jpg 300w, https:\/\/archiviogioia.lavocedelpaese.info\/wp-content\/uploads\/2013\/07\/1082851_613861661970835_378135991_n-768x576.jpg 768w\" sizes=\"auto, (max-width: 340px) 100vw, 340px\" \/>Quattro i liceali del Canudo che hanno partecipato al programma europeo <\/b><b>di educazione non formale \u2018Youth in Action\u2019<\/b>, programma che promuove progetti di mobilit\u00e0 internazionale dedicati ai giovani <b>dai 13 ai 30 anni<\/b>: <b>Elena Milano, Gianni Signorile, Rocco Milano e Eleonora Montrone<\/b>.<\/p>\n<p style=\"text-align: justify;\"><b>In questi giorni a<\/b> <b>Prijedor<\/b>&nbsp;in Bosnia-Erzegovina <b>si sta svolgendo&nbsp;il&nbsp;progetto europeo&nbsp;&nbsp;dal titolo&nbsp;<\/b><b>\u201cRe-creating Europe: \u2018Creativity is fighting racism and xenophobia\u201d<\/b>, che vede la partecipazione ed i successivi lavori di <b>delegazioni di studenti e responsabili provenienti da Turchia<\/b>, <b>Romania, Bosnia, Albania, Romania e Italia<\/b> sui temi della diversit\u00e0, inclusione, analisi delle dinamiche dei conflitti.&nbsp;Le giornate in Bosnia &#8211; Erzegovina saranno incentrate sulla promozione della diversit\u00e0 e dello scambio interculturale, contro il razzismo e la xenofobia. Attraverso incontri workshop e attivit\u00e0 di strada <b>si vuole favorire la cooperazione e l<\/b><img loading=\"lazy\" decoding=\"async\" class=\" alignright size-full wp-image-42187\" style=\"margin: 4px; float: right;\" alt=\"progetto Youth in action3\" src=\"https:\/\/archiviogioia.lavocedelpaese.info\/wp-content\/uploads\/2013\/07\/progetto_Youth_in_action3.jpg\" height=\"255\" width=\"340\" srcset=\"https:\/\/archiviogioia.lavocedelpaese.info\/wp-content\/uploads\/2013\/07\/progetto_Youth_in_action3.jpg 640w, https:\/\/archiviogioia.lavocedelpaese.info\/wp-content\/uploads\/2013\/07\/progetto_Youth_in_action3-300x225.jpg 300w\" sizes=\"auto, (max-width: 340px) 100vw, 340px\" \/><b>a conoscenza di culture diverse<\/b>. Il mezzo veicolare di tutto ci\u00f2 \u00e8 la creativit\u00e0, strumento di unione e inclusione in un gruppo decisamente interculturale.&nbsp;<\/p>\n<p style=\"text-align: justify;\"><b>La delegazione italiana \u00e8 rappresentata da quattro studenti<\/b> del Liceo Scientifico \u00b4Canudo\u00b4 e dalla professoressa &nbsp;<b>Piera De Giorgi<\/b>, il gruppo alla prima volta in un progetto&nbsp;\u2018Youth in Action\u2019, ritiene che&nbsp;la possibilit\u00e0 di discutere &nbsp;e lavorare sulla&nbsp;&nbsp;promozione di un coinvolgimento attivo contro le tensioni razziali e xenofobiche sia importante per una crescita non solo personale ma anche quale modello culturale di impegno per il territorio e la comunit\u00e0<\/p>\n<p style=\"text-align: justify;\">\u201c<b>Una esperienza di &#8216;Youth in action&#8217;<\/b> &#8211; afferma Piera De Giorgi &#8211; <b>comporta un cambio di prospettiva <\/b>sui metodi per raggiungere obbiettivi misurabili. E allora si verifica una vera e propria scoperta di metodi &nbsp;di educazione non formale e di modalit\u00e0 per raggiungere obbiettivi di coinvolgimento, partecipazione, inclusi<img loading=\"lazy\" decoding=\"async\" class=\" alignleft size-full wp-image-42189\" style=\"margin: 4px; float: left;\" alt=\"progetto europeo Youth in action4\" src=\"https:\/\/archiviogioia.lavocedelpaese.info\/wp-content\/uploads\/2013\/07\/progtto_europeo_Youth_in_action4.jpg\" height=\"255\" width=\"340\" srcset=\"https:\/\/archiviogioia.lavocedelpaese.info\/wp-content\/uploads\/2013\/07\/progtto_europeo_Youth_in_action4.jpg 640w, https:\/\/archiviogioia.lavocedelpaese.info\/wp-content\/uploads\/2013\/07\/progtto_europeo_Youth_in_action4-300x225.jpg 300w\" sizes=\"auto, (max-width: 340px) 100vw, 340px\" \/>one, consapevolezza e contributo personale allo sviluppo di una rete che non significa solamente nuove conoscenze ma anche veri e propri legami\u201d.<\/p>\n<p style=\"text-align: justify;\">\u201c<b>L&#8217;educazione non formale in un progett<\/b><b>o di &#8216;Giovent\u00f9 in azione&#8217; si fonda sul lavoro si<\/b><b>nergico dei gruop leader<\/b>, nel progetto &#8216;Re-creating Europe: Creativity is fighting racism and xenophobia&#8217; <b>i responsabili dei gruppi<\/b> provenienti dalla Romania, Bosnia-Erzegovina, Macedonia, Turchia, Albania, Italia <b>sono costantemente al lavoro<\/b> nel preparare con grande attenzione tutte le attivit\u00e0 giornaliere fissando tempi, obbiettivi misurabili, produzione di materiali da condividere e discutere. Un metodo non formale di apprendimento, tuttavia, prevede che i partecipanti siano i veri protagonisti dell&#8217;azione e collaborino fra di loro alla costruzione di conoscenze e significati attraverso un lavoro continuo di condivisione di esperienze e opinioni\u201d.<\/p>\n<p style=\"text-align: justify;\">\u201c<b>Per avviare la conoscenza s<\/b><img loading=\"lazy\" decoding=\"async\" class=\" alignright size-full wp-image-42190\" style=\"margin: 4px; float: right;\" alt=\"progetto europeo Youth in action2\" src=\"https:\/\/archiviogioia.lavocedelpaese.info\/wp-content\/uploads\/2013\/07\/progtto_europeo_Youth_in_action2.jpg\" height=\"255\" width=\"340\" srcset=\"https:\/\/archiviogioia.lavocedelpaese.info\/wp-content\/uploads\/2013\/07\/progtto_europeo_Youth_in_action2.jpg 640w, https:\/\/archiviogioia.lavocedelpaese.info\/wp-content\/uploads\/2013\/07\/progtto_europeo_Youth_in_action2-300x225.jpg 300w\" sizes=\"auto, (max-width: 340px) 100vw, 340px\" \/><b>i inizia col tracciare la linea del tempo<\/b> per visualizzare le attivit\u00e0 da tenersi durante il corso delle giornate e fissare il punto di partenza e di arrivo del progetto per evitare che si pensi che si proceda per approssimazione e improvvisazione\u201d.<\/p>\n<p style=\"text-align: justify;\">\u201c<b>Subito si parte dalle attivit\u00e0 per rompere il ghiaccio attraverso i giochi di gruppo e di squadra<\/b> quali lo speed dating, facebook wall, energisers in seguito un primo giro della citt\u00e0 per entrare in contatto con la sua storia, cultura e gli abitanti attraverso un questionario sui personaggi famosi, la storia e la richiesta di fare foto di alcuni luoghi specifici. <b>Ma ogni giorno le attivit\u00e0 sono graduali<\/b>: da una prima fase di contenuti pi\u00f9 formali si passa attraverso giochi di gruppo, pianificazione di gruppo e attivit\u00e0 scelte dai partecipanti alla promozione di vere e proprie azioni. Dunque si scrivono le paure, le aspettative rispetto all&#8217;esperienza e che tipo di contributo ognuno \u00e8 in grado di dare alle attivit\u00e0, ma anche in piccoli gruppi guidati da un group leader viene richiesta la valutazione finale della giornata su: attivit\u00e0, organizzazione, cib<img loading=\"lazy\" decoding=\"async\" class=\" alignleft size-full wp-image-42191\" style=\"margin: 4px; float: left;\" alt=\"1081222 613336248690043 248358246 n\" src=\"https:\/\/archiviogioia.lavocedelpaese.info\/wp-content\/uploads\/2013\/07\/1081222_613336248690043_248358246_n.jpg\" height=\"255\" width=\"340\" srcset=\"https:\/\/archiviogioia.lavocedelpaese.info\/wp-content\/uploads\/2013\/07\/1081222_613336248690043_248358246_n.jpg 960w, https:\/\/archiviogioia.lavocedelpaese.info\/wp-content\/uploads\/2013\/07\/1081222_613336248690043_248358246_n-300x225.jpg 300w, https:\/\/archiviogioia.lavocedelpaese.info\/wp-content\/uploads\/2013\/07\/1081222_613336248690043_248358246_n-768x576.jpg 768w\" sizes=\"auto, (max-width: 340px) 100vw, 340px\" \/>o, orari e come ci si sente\u201d.<\/p>\n<p style=\"text-align: justify;\">\u201cUn esempio: <b>i&nbsp;partecipanti in gruppi di <\/b><b>5, ogni dieci minuti, si muovono al segnale di un responsabile,&nbsp;da un tavolo all&#8217;altro dove un group leader li aspetta per riflettere<\/b> su questioni specifiche. <b>temi scelti<\/b>: 1) definisci il nazionalismo e cosa significa nel tuo paese,&nbsp;2) come vedi l&#8217;Europa e cosa \u00e8 l&#8217;Europa per te,&nbsp;3) come possiamo combattere la xenofobia,&nbsp;4) da dove proviene il razzismo e come possiamo affrontarlo. <b>In ogni tavolo tematico si prepara una presentazione con parole chiave e concetti fondamentali<\/b> che poi vengono presentati al gruppo in plenaria\u201d.<\/p>\n<p style=\"text-align: justify;\">\u201c<b>Da attivit\u00e0 di apprendimento non convenzionale<\/b> con giovani provenienti da realt\u00e0 e formazione culturali, sociali, economiche tanto diverse &#8211; continua la docente &#8211; <b>\u00e8 dunque possibile giungere a riflessioni e condividere che il razzismo proviene dalla paura di essere diversi<\/b>, dal potere economico e dalla voglia di essere sempre pi\u00f9 potenti, dalla storia di un paese, dall&#8217;analfabetismo, dagli eventi storici, dalla religione, colore della pelle, mancanza di conoscenza, stereotipi, pregiudizi. <b>I suggerimenti dei giovani provenienti da Romania, Bosnia-Erzeg<\/b><b><img loading=\"lazy\" decoding=\"async\" class=\" alignright size-full wp-image-42192\" style=\"margin: 4px; float: right;\" alt=\"progetto europeo Youth in action5\" src=\"https:\/\/archiviogioia.lavocedelpaese.info\/wp-content\/uploads\/2013\/07\/progtto_europeo_Youth_in_action5.jpg\" height=\"255\" width=\"340\" srcset=\"https:\/\/archiviogioia.lavocedelpaese.info\/wp-content\/uploads\/2013\/07\/progtto_europeo_Youth_in_action5.jpg 640w, https:\/\/archiviogioia.lavocedelpaese.info\/wp-content\/uploads\/2013\/07\/progtto_europeo_Youth_in_action5-300x225.jpg 300w\" sizes=\"auto, (max-width: 340px) 100vw, 340px\" \/><\/b><b>ovina, Macedonia, Turchia, Albania, Italia&nbsp;sul come \u00e8 possibile affrontare il razzismo e la xenofobia<\/b> si riassumono nelle proposte di implementare la conoscenza, lo studio, l&#8217;educazione, mettendo al centro dell\u00b4 osservazione gli elementi che accomunano e non le differenze e dunque adottare modalit\u00e0 di azione che tendono all&#8217;eliminazione delle barriere. <b>Ci si augura che una maggiore comunicazione e soprattutto una comunicazione fra i paesi<\/b>, attraverso programmi di scambio anche rendendo obbligatorio lo studio delle lingue straniere <b>sia un primo passo<\/b>\u201d.<\/p>\n<p style=\"text-align: justify;\">\u201c<b>Queste le prime attivit\u00e0 ancora teoriche<\/b> &#8211; conclude la De Giorgi &#8211; <b>ma i giovani, in gruppo, secondo le loro disposizioni personali e gradimento, hanno gi\u00e0 iniziato a lavorare alla mostra di foto<\/b> <b>dell\u00b4esperienza<\/b> da tenersi nel centro della &nbsp;citt\u00e0 di Prijedor, ad un flash mob da ripetersi in varie parti della citt\u00e0, a street actions, al filmato da proiettare\u201d.<\/p>\n<p><object type=\"application\/x-shockwave-flash\" width=\"660\" height=\"660\" flashvars=\"host=picasaweb.google.com&amp;hl=it&amp;feat=flashalbum&amp;RGB=0x000000&amp;feed=https:\/\/picasaweb.google.com\/data\/feed\/api\/user\/104626251937098962566\/albumid\/5903982127417241729?alt=rss&amp;kind=photo&amp;hl=it\" pluginspage=\"http:\/\/www.macromedia.com\/go\/getflashplayer\" data=\"https:\/\/static.googleusercontent.com\/external_content\/picasaweb.googleusercontent.com\/slideshow.swf\"><param name=\"movie\" value=\"https:\/\/static.googleusercontent.com\/external_content\/picasaweb.googleusercontent.com\/slideshow.swf\" \/><\/object><\/p>\n","protected":false},"excerpt":{"rendered":"","protected":false},"author":1,"featured_media":42185,"comment_status":"open","ping_status":"closed","sticky":false,"template":"","format":"standard","meta":{"colormag_page_container_layout":"default_layout","colormag_page_sidebar_layout":"default_layout","footnotes":""},"categories":[7],"tags":[],"class_list":["post-42193","post","type-post","status-publish","format-standard","has-post-thumbnail","hentry","category-attualita"],"_links":{"self":[{"href":"https:\/\/archiviogioia.lavocedelpaese.info\/index.php?rest_route=\/wp\/v2\/posts\/42193","targetHints":{"allow":["GET"]}}],"collection":[{"href":"https:\/\/archiviogioia.lavocedelpaese.info\/index.php?rest_route=\/wp\/v2\/posts"}],"about":[{"href":"https:\/\/archiviogioia.lavocedelpaese.info\/index.php?rest_route=\/wp\/v2\/types\/post"}],"author":[{"embeddable":true,"href":"https:\/\/archiviogioia.lavocedelpaese.info\/index.php?rest_route=\/wp\/v2\/users\/1"}],"replies":[{"embeddable":true,"href":"https:\/\/archiviogioia.lavocedelpaese.info\/index.php?rest_route=%2Fwp%2Fv2%2Fcomments&post=42193"}],"version-history":[{"count":0,"href":"https:\/\/archiviogioia.lavocedelpaese.info\/index.php?rest_route=\/wp\/v2\/posts\/42193\/revisions"}],"wp:featuredmedia":[{"embeddable":true,"href":"https:\/\/archiviogioia.lavocedelpaese.info\/index.php?rest_route=\/wp\/v2\/media\/42185"}],"wp:attachment":[{"href":"https:\/\/archiviogioia.lavocedelpaese.info\/index.php?rest_route=%2Fwp%2Fv2%2Fmedia&parent=42193"}],"wp:term":[{"taxonomy":"category","embeddable":true,"href":"https:\/\/archiviogioia.lavocedelpaese.info\/index.php?rest_route=%2Fwp%2Fv2%2Fcategories&post=42193"},{"taxonomy":"post_tag","embeddable":true,"href":"https:\/\/archiviogioia.lavocedelpaese.info\/index.php?rest_route=%2Fwp%2Fv2%2Ftags&post=42193"}],"curies":[{"name":"wp","href":"https:\/\/api.w.org\/{rel}","templated":true}]}}