{"id":42262,"date":"2013-07-26T06:48:28","date_gmt":"2013-07-26T06:48:28","guid":{"rendered":"https:\/\/archiviogioia.lavocedelpaese.info\/?p=42262"},"modified":"2013-07-26T06:48:28","modified_gmt":"2013-07-26T06:48:28","slug":"gioia-braci-e-gusti-buona-la-prima-foto-2","status":"publish","type":"post","link":"https:\/\/archiviogioia.lavocedelpaese.info\/?p=42262","title":{"rendered":"\u201cGIOIA, BRACI E GUSTI\u201d, BUONA LA PRIMA-foto"},"content":{"rendered":"<p><img loading=\"lazy\" decoding=\"async\" class=\" size-full wp-image-42254\" style=\"margin-right: 2px; margin-left: 2px;\" alt=\"gioia-braci-pp\" src=\"https:\/\/archiviogioia.lavocedelpaese.info\/wp-content\/uploads\/2013\/07\/gioia-braci-pp.png\" height=\"150\" width=\"320\" srcset=\"https:\/\/archiviogioia.lavocedelpaese.info\/wp-content\/uploads\/2013\/07\/gioia-braci-pp.png 640w, https:\/\/archiviogioia.lavocedelpaese.info\/wp-content\/uploads\/2013\/07\/gioia-braci-pp-300x141.png 300w\" sizes=\"auto, (max-width: 320px) 100vw, 320px\" \/><\/p>\n<p><!--more--><\/p>\n<p style=\"text-align: justify;\"><b><img loading=\"lazy\" decoding=\"async\" class=\" alignleft size-full wp-image-42255\" style=\"margin: 4px; float: left;\" alt=\"DSC05049\" src=\"https:\/\/archiviogioia.lavocedelpaese.info\/wp-content\/uploads\/2013\/07\/DSC05049.JPG\" height=\"227\" width=\"340\" srcset=\"https:\/\/archiviogioia.lavocedelpaese.info\/wp-content\/uploads\/2013\/07\/DSC05049.JPG 1920w, https:\/\/archiviogioia.lavocedelpaese.info\/wp-content\/uploads\/2013\/07\/DSC05049-300x200.jpg 300w, https:\/\/archiviogioia.lavocedelpaese.info\/wp-content\/uploads\/2013\/07\/DSC05049-1024x683.jpg 1024w, https:\/\/archiviogioia.lavocedelpaese.info\/wp-content\/uploads\/2013\/07\/DSC05049-768x512.jpg 768w, https:\/\/archiviogioia.lavocedelpaese.info\/wp-content\/uploads\/2013\/07\/DSC05049-1536x1024.jpg 1536w\" sizes=\"auto, (max-width: 340px) 100vw, 340px\" \/>Per tre giorni<\/b>, il 19, 20 e 21 luglio nella vasta area mercatale di Gioia del Colle, a ridosso del Palazzetto dello Sport <b>si \u00e8 tenuta la prima edizione di \u201cGioia, braci e gusti\u201d<\/b>, una \u201cfesta di paese\u201d promossa e <b>organizzata dalla Lega Casearia e da <\/b>PieRre Animazione di <b>Piero Romanazzi<\/b>.<\/p>\n<p style=\"text-align: justify;\">Gli ideatori di questa ricca manifestazione, hanno volutamente evitato la definizione di \u201csagra\u201d, intendendo dare alla stessa la forma e la veste di una variegata \u201cfesta di paese\u201d, <b>con promozione e vendita di prodotti locali o di paesi limitrofi, giostrine, animazione, spettacolo, concerti ed artigianato<\/b> (nell\u2019area destinata all\u2019associazione di promozione sociale Arci Lebowski). L\u2019intera manifestazione ha ottenuto il consenso e l\u2019appoggio morale dell\u2019Amministrazione comunale e dell\u2019Assessorato alla Cultura che ha concesso l\u2019utilizzo degli spazi, dei servizi igienici e delle attrezzature (gruppo elettrogeno, transenne, ecc.)<\/p>\n<p style=\"text-align: justify;\"><b><img loading=\"lazy\" decoding=\"async\" class=\" alignright size-full wp-image-42256\" style=\"margin: 4px; float: right;\" alt=\"DSC05058\" src=\"https:\/\/archiviogioia.lavocedelpaese.info\/wp-content\/uploads\/2013\/07\/DSC05058.JPG\" height=\"227\" width=\"340\" srcset=\"https:\/\/archiviogioia.lavocedelpaese.info\/wp-content\/uploads\/2013\/07\/DSC05058.JPG 1920w, https:\/\/archiviogioia.lavocedelpaese.info\/wp-content\/uploads\/2013\/07\/DSC05058-300x200.jpg 300w, https:\/\/archiviogioia.lavocedelpaese.info\/wp-content\/uploads\/2013\/07\/DSC05058-1024x683.jpg 1024w, https:\/\/archiviogioia.lavocedelpaese.info\/wp-content\/uploads\/2013\/07\/DSC05058-768x512.jpg 768w, https:\/\/archiviogioia.lavocedelpaese.info\/wp-content\/uploads\/2013\/07\/DSC05058-1536x1024.jpg 1536w\" sizes=\"auto, (max-width: 340px) 100vw, 340px\" \/>Il sindaco, Sergio Povia<\/b>, nell\u2019opuscolo di presentazione dell\u2019intero programma, <b>parla dell\u2019evento come di \u201cun\u2019occasione per riscoprire il nostro essere comunit\u00e0<\/b> e renderci riconoscibili nel territorio\u201d, aggiunge &#8211; inoltre &#8211; che queste iniziative ..\u201d rafforzano la cultura locale, grazie ad un patrimonio di sapori genuini, di prodotti d\u2019eccellenza,\u2026 uniti ad un sano divertimento\u201d.<\/p>\n<p style=\"text-align: justify;\"><b>L\u2019assessore alla Cultura, Piera De Giorgi<\/b>, nel suo pensiero di presentazione dell\u2019evento, <b>pone l\u2019accento sulla opportunit\u00e0 di svolgere tali manifestazioni \u201cin luoghi facilmente fruibili e decentrati<\/b>, affinch\u00e9 le zone meno centrali diventino cuore pulsante della cittadina e protagoniste della cultura della tradizione e del gusto locale\u201d.<\/p>\n<p style=\"text-align: justify;\"><b>L\u2019associazione organizzatrice, la Lega Casearia<\/b>, ormai collaudata da anni in molteplici iniziative tra cui il carnevale e frequenti gite e viaggi in <img loading=\"lazy\" decoding=\"async\" class=\" alignleft size-full wp-image-42257\" style=\"margin: 4px; float: left;\" alt=\"DSC05030\" src=\"https:\/\/archiviogioia.lavocedelpaese.info\/wp-content\/uploads\/2013\/07\/DSC05030.JPG\" height=\"227\" width=\"340\" srcset=\"https:\/\/archiviogioia.lavocedelpaese.info\/wp-content\/uploads\/2013\/07\/DSC05030.JPG 1920w, https:\/\/archiviogioia.lavocedelpaese.info\/wp-content\/uploads\/2013\/07\/DSC05030-300x200.jpg 300w, https:\/\/archiviogioia.lavocedelpaese.info\/wp-content\/uploads\/2013\/07\/DSC05030-1024x683.jpg 1024w, https:\/\/archiviogioia.lavocedelpaese.info\/wp-content\/uploads\/2013\/07\/DSC05030-768x512.jpg 768w, https:\/\/archiviogioia.lavocedelpaese.info\/wp-content\/uploads\/2013\/07\/DSC05030-1536x1024.jpg 1536w\" sizes=\"auto, (max-width: 340px) 100vw, 340px\" \/>varie localit\u00e0 delle nostre bellissime regioni del Sud, ed oltre (iniziative che i partecipanti hanno sempre apprezzato molto), <b>ha nel suo direttivo vari componenti della famiglia Riccardo<\/b>: Pasquale, Michele e Raffaele, persone molto attive e fattive, <b>che<\/b> in barba a tutti coloro che li guardano o spiano con invidia, <b>continuano imperterriti<\/b> nell\u2019inventarsi e portare a termine, quasi sempre con discreto successo, iniziative tendenti, alla gioiosa promozione del territorio, nonostante siano accusati, da malpensanti, di perseguire interessi personali. E\u2019 scontato che per tali impegni che gi\u00e0 sottraggono tempo alla famiglia, al riposo e ad altre attivit\u00e0 remunerative, nessuno deve rimetterci, specialmente perch\u00e9, spesso o sempre ci si impegna in prima persona e ci si pu\u00f2 rimettere.<\/p>\n<p style=\"text-align: justify;\"><b>La serata di venerd\u00ec, 19 luglio, ha visto grande affluenza agli stand<\/b> che hanno offerto degustazioni a prezzi modesti, accessibili a tutti, con l\u2019esibizione di trucco per bambini e sculture di palloncini, a cura di PieRre <img loading=\"lazy\" decoding=\"async\" class=\" alignright size-full wp-image-42258\" style=\"margin: 4px; float: right;\" alt=\"DSC05015\" src=\"https:\/\/archiviogioia.lavocedelpaese.info\/wp-content\/uploads\/2013\/07\/DSC05015.JPG\" height=\"227\" width=\"340\" srcset=\"https:\/\/archiviogioia.lavocedelpaese.info\/wp-content\/uploads\/2013\/07\/DSC05015.JPG 1920w, https:\/\/archiviogioia.lavocedelpaese.info\/wp-content\/uploads\/2013\/07\/DSC05015-300x200.jpg 300w, https:\/\/archiviogioia.lavocedelpaese.info\/wp-content\/uploads\/2013\/07\/DSC05015-1024x683.jpg 1024w, https:\/\/archiviogioia.lavocedelpaese.info\/wp-content\/uploads\/2013\/07\/DSC05015-768x512.jpg 768w, https:\/\/archiviogioia.lavocedelpaese.info\/wp-content\/uploads\/2013\/07\/DSC05015-1536x1024.jpg 1536w\" sizes=\"auto, (max-width: 340px) 100vw, 340px\" \/>Animazione.<\/p>\n<p style=\"text-align: justify;\"><b>Sabato 20<\/b>, sul palco dell\u2019area gastronomia,<b> Baby Dance e Magia di Bolle di Sapone<\/b>, sempre a cura di Piero Romanazzi e dei suoi animatori.<\/p>\n<p style=\"text-align: justify;\"><b>Domenica<\/b>, nell\u2019area della gastronomia, ancora <b>fornelli accesi, degustazioni e parata di mascotte<\/b>, ma le \u201cchicche\u201d del programma sono stati gli spettacoli che hanno raccolto molta gente e molti consensi, per l\u2019esattezza <b>la Cover di Checco Zalone<\/b> il 19 luglio e <b>i Terraross<\/b> live, <b>suonatori e menestrelli della Bassa Murgia<\/b> il 20, entrambi spettacoli molto gradevoli e coinvolgenti, particolarmente apprezzati dagli spettatori, peccato che quest\u2019ultimo <b>concerto<\/b> sia stato r<b>ovinato da un improvviso black out quasi a fine serata<\/b>.<\/p>\n<p style=\"text-align: justify;\"><b>Ha destato non poche perplessit\u00e0, inizialmente, l\u2019abbinamento di <img loading=\"lazy\" decoding=\"async\" class=\" alignleft size-full wp-image-42259\" style=\"margin: 4px; float: left;\" alt=\"DSC05370\" src=\"https:\/\/archiviogioia.lavocedelpaese.info\/wp-content\/uploads\/2013\/07\/DSC05370.JPG\" height=\"227\" width=\"340\" srcset=\"https:\/\/archiviogioia.lavocedelpaese.info\/wp-content\/uploads\/2013\/07\/DSC05370.JPG 1920w, https:\/\/archiviogioia.lavocedelpaese.info\/wp-content\/uploads\/2013\/07\/DSC05370-300x200.jpg 300w, https:\/\/archiviogioia.lavocedelpaese.info\/wp-content\/uploads\/2013\/07\/DSC05370-1024x683.jpg 1024w, https:\/\/archiviogioia.lavocedelpaese.info\/wp-content\/uploads\/2013\/07\/DSC05370-768x512.jpg 768w, https:\/\/archiviogioia.lavocedelpaese.info\/wp-content\/uploads\/2013\/07\/DSC05370-1536x1024.jpg 1536w\" sizes=\"auto, (max-width: 340px) 100vw, 340px\" \/>\u201cGioia, braci e gusti\u201d e Gioia Rock Festival<\/b> &#8211; iniziativa in rete con il Festival Momart Network, in collaborazione con Puglia Sound &#8211; in compresenza di eventi e luoghi nei giorni 19 e 20.<\/p>\n<p style=\"text-align: justify;\"><b>Negli stand intorno al palco interessanti prodotti artigianali e tanta giovent\u00f9<\/b> corsa dall\u2019intera regione ad applaudire <b>Paolo Benvegn\u00f9<\/b>, <b>i 99 Posse<\/b>, <b>i CFF e il Nomade Venerabile<\/b> ed altre band gioiesi e non, <b>incluse le finaliste del \u201cContest M.A.C.\u201d<\/b>. L\u2019importanza mediatica dell\u2019evento la si rileva dalla presenza di troupe di Telenorba e Radio Norba e dai servizi mandati in televisione.<\/p>\n<p style=\"text-align: justify;\"><b>Piero Romanazzi dichiara<\/b> di aver previsto, inizialmente, la suddivisione dello spazio in tre zone distinte per fascia di et\u00e0, con tre palcoscenici e <b>di aver progettato l\u2019evento in febbraio<\/b>. <b>Su invito dell\u2019Arci Lebowski e del suo presidente Giuseppe Procino in aprile si decide di proporre le due <img loading=\"lazy\" decoding=\"async\" class=\" alignright size-full wp-image-42260\" style=\"margin: 4px; float: right;\" alt=\"DSC05316\" src=\"https:\/\/archiviogioia.lavocedelpaese.info\/wp-content\/uploads\/2013\/07\/DSC05316.JPG\" height=\"227\" width=\"340\" srcset=\"https:\/\/archiviogioia.lavocedelpaese.info\/wp-content\/uploads\/2013\/07\/DSC05316.JPG 1920w, https:\/\/archiviogioia.lavocedelpaese.info\/wp-content\/uploads\/2013\/07\/DSC05316-300x200.jpg 300w, https:\/\/archiviogioia.lavocedelpaese.info\/wp-content\/uploads\/2013\/07\/DSC05316-1024x683.jpg 1024w, https:\/\/archiviogioia.lavocedelpaese.info\/wp-content\/uploads\/2013\/07\/DSC05316-768x512.jpg 768w, https:\/\/archiviogioia.lavocedelpaese.info\/wp-content\/uploads\/2013\/07\/DSC05316-1536x1024.jpg 1536w\" sizes=\"auto, (max-width: 340px) 100vw, 340px\" \/>manifestazioni in contemporanea<\/b>, mantenendo distinta l\u2019organizzazione. La formula si rivela di successo, tanto da pensare di ripeterla il prossimo anno.<\/p>\n<p style=\"text-align: justify;\">\u201c<b>In un\u2019area enorme<\/b> &#8211; afferma Romanazzi &#8211; <b>ognuno ha la possibilit\u00e0 di scegliere cosa seguire, guardare e fare<\/b>\u201d.<\/p>\n<p style=\"text-align: justify;\">E\u2019 bello che diverse generazioni di gioiesi abbiano finalmente trovato il gusto di stare insieme, d\u2019incontrarsi per godere delle proprie eccellenze e di divertirsi anche con poco, in questo periodo di grave crisi economica! Quindi <b>un bilancio pi\u00f9 che positivo per questa prima edizione di \u201cGioia, braci e gusti\u201d<\/b>, tenendo conto della concomitante \u201cSagra della cipolla\u201d ad Acquaviva con i \u201cTiro Mancino\u201d. Un suggerimento: un po\u2019 pi\u00f9 di luce avrebbe consentito di muoversi meglio tra gli stand e nelle vicinanze dei palchi.<\/p>\n<p style=\"text-align: justify;\">Scatti fotografici a cura di<strong> Mario di Giuseppe<\/strong>.<\/p>\n<p><object type=\"application\/x-shockwave-flash\" width=\"660\" height=\"660\" flashvars=\"host=picasaweb.google.com&amp;hl=it&amp;feat=flashalbum&amp;RGB=0x000000&amp;feed=https:\/\/picasaweb.google.com\/data\/feed\/api\/user\/104626251937098962566\/albumid\/5904826795620206417?alt=rss&amp;kind=photo&amp;hl=it\" pluginspage=\"http:\/\/www.macromedia.com\/go\/getflashplayer\" data=\"https:\/\/static.googleusercontent.com\/external_content\/picasaweb.googleusercontent.com\/slideshow.swf\"><param name=\"movie\" value=\"https:\/\/static.googleusercontent.com\/external_content\/picasaweb.googleusercontent.com\/slideshow.swf\" \/><\/object><\/p>\n","protected":false},"excerpt":{"rendered":"","protected":false},"author":1,"featured_media":42254,"comment_status":"open","ping_status":"closed","sticky":false,"template":"","format":"standard","meta":{"colormag_page_container_layout":"default_layout","colormag_page_sidebar_layout":"default_layout","footnotes":""},"categories":[7],"tags":[],"class_list":["post-42262","post","type-post","status-publish","format-standard","has-post-thumbnail","hentry","category-attualita"],"_links":{"self":[{"href":"https:\/\/archiviogioia.lavocedelpaese.info\/index.php?rest_route=\/wp\/v2\/posts\/42262","targetHints":{"allow":["GET"]}}],"collection":[{"href":"https:\/\/archiviogioia.lavocedelpaese.info\/index.php?rest_route=\/wp\/v2\/posts"}],"about":[{"href":"https:\/\/archiviogioia.lavocedelpaese.info\/index.php?rest_route=\/wp\/v2\/types\/post"}],"author":[{"embeddable":true,"href":"https:\/\/archiviogioia.lavocedelpaese.info\/index.php?rest_route=\/wp\/v2\/users\/1"}],"replies":[{"embeddable":true,"href":"https:\/\/archiviogioia.lavocedelpaese.info\/index.php?rest_route=%2Fwp%2Fv2%2Fcomments&post=42262"}],"version-history":[{"count":0,"href":"https:\/\/archiviogioia.lavocedelpaese.info\/index.php?rest_route=\/wp\/v2\/posts\/42262\/revisions"}],"wp:featuredmedia":[{"embeddable":true,"href":"https:\/\/archiviogioia.lavocedelpaese.info\/index.php?rest_route=\/wp\/v2\/media\/42254"}],"wp:attachment":[{"href":"https:\/\/archiviogioia.lavocedelpaese.info\/index.php?rest_route=%2Fwp%2Fv2%2Fmedia&parent=42262"}],"wp:term":[{"taxonomy":"category","embeddable":true,"href":"https:\/\/archiviogioia.lavocedelpaese.info\/index.php?rest_route=%2Fwp%2Fv2%2Fcategories&post=42262"},{"taxonomy":"post_tag","embeddable":true,"href":"https:\/\/archiviogioia.lavocedelpaese.info\/index.php?rest_route=%2Fwp%2Fv2%2Ftags&post=42262"}],"curies":[{"name":"wp","href":"https:\/\/api.w.org\/{rel}","templated":true}]}}