{"id":42329,"date":"2013-07-28T07:45:48","date_gmt":"2013-07-28T07:45:48","guid":{"rendered":"https:\/\/archiviogioia.lavocedelpaese.info\/?p=42329"},"modified":"2013-07-28T07:45:48","modified_gmt":"2013-07-28T07:45:48","slug":"redditi-politici-italiani-enrico-letta-nullatenente-2","status":"publish","type":"post","link":"https:\/\/archiviogioia.lavocedelpaese.info\/?p=42329","title":{"rendered":"REDDITI POLITICI ITALIANI: ENRICO LETTA \u201cNULLATENENTE\u201d"},"content":{"rendered":"<p><img loading=\"lazy\" decoding=\"async\" class=\" size-full wp-image-42320\" style=\"margin-right: 2px; margin-left: 2px;\" alt=\"onorevoli-redditi-pp\" src=\"https:\/\/archiviogioia.lavocedelpaese.info\/wp-content\/uploads\/2013\/07\/onorevoli-redditi-pp.jpg\" height=\"150\" width=\"320\" srcset=\"https:\/\/archiviogioia.lavocedelpaese.info\/wp-content\/uploads\/2013\/07\/onorevoli-redditi-pp.jpg 640w, https:\/\/archiviogioia.lavocedelpaese.info\/wp-content\/uploads\/2013\/07\/onorevoli-redditi-pp-300x141.jpg 300w\" sizes=\"auto, (max-width: 320px) 100vw, 320px\" \/><\/p>\n<p><!--more--><\/p>\n<p style=\"text-align: justify;\">&nbsp;<\/p>\n<p style=\"text-align: justify;\"><b><img loading=\"lazy\" decoding=\"async\" class=\" alignleft size-full wp-image-42321\" style=\"margin: 4px; float: left;\" alt=\"enrico letta e trasparenza\" src=\"https:\/\/archiviogioia.lavocedelpaese.info\/wp-content\/uploads\/2013\/07\/enrico_letta_e_trasparenza.jpg\" height=\"240\" width=\"340\" srcset=\"https:\/\/archiviogioia.lavocedelpaese.info\/wp-content\/uploads\/2013\/07\/enrico_letta_e_trasparenza.jpg 680w, https:\/\/archiviogioia.lavocedelpaese.info\/wp-content\/uploads\/2013\/07\/enrico_letta_e_trasparenza-300x212.jpg 300w\" sizes=\"auto, (max-width: 340px) 100vw, 340px\" \/>\u201c<\/b><b>Niente automobili, moto, barche. Niente case, azioni, investimenti. <\/b>Il premier<b> Enrico Letta<\/b> ha presentato nel 2013 (anno fiscale 2012) una <b>dichiarazione dei redditi dal carattere francescano<\/b>. \u00c8 vero che il premier vanta un imponibile di 123.893 euro, ma la sua scheda per la trasparenza \u00e8 tale anche di fatto, perch\u00e8 non presenta alcuna annotazione: <b>il presidente del Consiglio non ha nulla intestato<\/b>. Quello di Letta \u00e8 uno dei redditi dei componenti del governo messi da oggi on line seguendo le indicazioni di legge.<\/p>\n<p style=\"text-align: justify;\"><b>Tra i dati disponibili, anche quello del vice premier Angelino Alfano<\/b>. L&#8217;imponibile del ministro dell&#8217;Interno per il 2012 \u00e8 di 105.186 euro. Alfano, che ha terreni e fabbricati anche in compropriet\u00e0 tra Sant&#8217;Angelo e Agrigento, spicca per virtuosismo alla voce mezzi di trasporto: oltre due utilitarie (una Matiz del &#8217;99 e una Panda del 2012) possiede infatti una Renault Twizy elettrica. \u00c8 l&#8217;unico, per adesso, nell&#8217;esecutivo ad andare in <img loading=\"lazy\" decoding=\"async\" class=\" alignright size-full wp-image-42322\" style=\"margin: 4px; float: right;\" alt=\"RIF-collage\" src=\"https:\/\/archiviogioia.lavocedelpaese.info\/wp-content\/uploads\/2013\/07\/RIF-collage.jpg\" height=\"228\" width=\"340\" srcset=\"https:\/\/archiviogioia.lavocedelpaese.info\/wp-content\/uploads\/2013\/07\/RIF-collage.jpg 810w, https:\/\/archiviogioia.lavocedelpaese.info\/wp-content\/uploads\/2013\/07\/RIF-collage-300x201.jpg 300w, https:\/\/archiviogioia.lavocedelpaese.info\/wp-content\/uploads\/2013\/07\/RIF-collage-768x515.jpg 768w\" sizes=\"auto, (max-width: 340px) 100vw, 340px\" \/>giro senza inquinare.<\/p>\n<p style=\"text-align: justify;\"><b>Dario Franceschini vanta un imponibile di 187.426<\/b>, per\u00f2 \u00e8 quello relativo al 2011 in attesa di comunicare il 2012. Il ministro dei Rapporti con il Parlamento, salvo novit\u00e0, si conferma appassionato motociclista, tra l&#8217;altro d&#8217;epoca: possiede una Bmw del &#8217;79. Franceschini, ha anche una casa a Roma di 194 mq con un mutuo fino al 2030, oltre ad alcune azioni e Btp.<\/p>\n<p style=\"text-align: justify;\"><b>Il Paperone del governo<\/b>, <b>fino ad ora, \u00e8<\/b> il sottosegretario alla presidenza del Consiglio <b>Filippo Patroni Griffi<\/b>: 331.627 euro di imponibile. Patroni Griffi, tra l&#8217;altro, ha un fabbricato a Roma, due a Napoli, uno a Massa Lubrense, un terreno a Frignano e anche lui \u00e8 motociclista con una Bmw del 2005. Possiede tre macchine, fondi per quasi 200mila euro e investimenti per oltre <img loading=\"lazy\" decoding=\"async\" class=\" alignleft size-full wp-image-42323\" style=\"margin: 4px; float: left;\" alt=\"quagliariello e redditi\" src=\"https:\/\/archiviogioia.lavocedelpaese.info\/wp-content\/uploads\/2013\/07\/quagliariello_e_redditi.jpg\" height=\"255\" width=\"320\" srcset=\"https:\/\/archiviogioia.lavocedelpaese.info\/wp-content\/uploads\/2013\/07\/quagliariello_e_redditi.jpg 625w, https:\/\/archiviogioia.lavocedelpaese.info\/wp-content\/uploads\/2013\/07\/quagliariello_e_redditi-300x239.jpg 300w\" sizes=\"auto, (max-width: 320px) 100vw, 320px\" \/>180mila euro.<\/p>\n<p style=\"text-align: justify;\"><b>Enzo Moavero Milanesi vanta un imponibile di 186.735<\/b>, ma si \u00e8 dato delle regole per l&#8217;attivit\u00e0 di ministro degli Affari europei improntate alla sobriet\u00e0: ha chiesto zero euro per le spese di rappresentanza per il 2013 e zero euro per le consulenze. Inoltre, il ministro specifica che per le missioni utilizza voli di linea per lo pi\u00f9 low-cost o il treno. Per quel che riguarda il suo patrimonio, ha una casa di 11,5 vani a Roma, 7 negozi, una casa a met\u00e0 all&#8217;Argentario, un rustico a Lodi al 50%, una casa a Roma con la sorella e due case a Bruxelles. Nella sua disponibilit\u00e0, tra l&#8217;altro Btp, fondi e portafogli di investimento.<\/p>\n<p style=\"text-align: justify;\"><b>Il ministro delle Riforme Gaetano Quagliariello ha un imponibile di 87.563<\/b> e, oltre a due fabbricati a Locorotondo, una nuda propriet\u00e0 a Roma e una a Parigi.<\/p>\n<p style=\"text-align: justify;\"><b><img loading=\"lazy\" decoding=\"async\" class=\" alignright size-full wp-image-42325\" style=\"margin: 4px; float: right;\" alt=\"cecile-kyenge-enrico-236961 tn\" src=\"https:\/\/archiviogioia.lavocedelpaese.info\/wp-content\/uploads\/2013\/07\/cecile-kyenge-enrico-236961_tn.jpg\" height=\"205\" width=\"310\" srcset=\"https:\/\/archiviogioia.lavocedelpaese.info\/wp-content\/uploads\/2013\/07\/cecile-kyenge-enrico-236961_tn.jpg 310w, https:\/\/archiviogioia.lavocedelpaese.info\/wp-content\/uploads\/2013\/07\/cecile-kyenge-enrico-236961_tn-300x198.jpg 300w\" sizes=\"auto, (max-width: 310px) 100vw, 310px\" \/>Graziano Delrio<\/b>, <b>ministro delle regioni, dichiara 97.492euro<\/b>, alcuni fabbricati e due terreni di \u00abseminativo arboreo\u00bb. Non ha automobili intestate. Nella dichiarazione di <b>Carlo Trigilia (179.025euro)<\/b> spicca una casa di 230mq a Bagno a Ripol al 50% e un terzo di un terreno a Porto palo di 25mila mq. Il ministro della Coesione ha una Vespa 150 del 2007 ed \u00e8 (per ora) l&#8217;unico velista: possiede un 7 metri. <b>Il ministro Cecile Kyenge (38.538)<\/b> va a gas con la sua Punto del 2007, mentre <b>il sottosegretario Michaela Biancofiore (circa 100mila euro)<\/b> si sposta in Smart. A proposito di automobili, <b>il sottosegretario Gianfranco Miccich\u00e8 (circa 150euro)<\/b> \u00e8 il fortunato possessore di una 500 d&#8217;epoca del 1964\u201d.<\/p>\n<p style=\"text-align: right;\" align=\"right\">(fonte leggo.it)<\/p>\n<p style=\"text-align: justify;\"><b><img loading=\"lazy\" decoding=\"async\" class=\" alignleft size-full wp-image-42327\" style=\"margin: 4px; float: left;\" alt=\"operazionetrasparenza\" src=\"https:\/\/archiviogioia.lavocedelpaese.info\/wp-content\/uploads\/2013\/07\/operazionetrasparenza.jpg\" height=\"245\" width=\"340\" srcset=\"https:\/\/archiviogioia.lavocedelpaese.info\/wp-content\/uploads\/2013\/07\/operazionetrasparenza.jpg 400w, https:\/\/archiviogioia.lavocedelpaese.info\/wp-content\/uploads\/2013\/07\/operazionetrasparenza-300x216.jpg 300w\" sizes=\"auto, (max-width: 340px) 100vw, 340px\" \/>L&#8217;obbligo per i ministri di rivelare online i propri redditi entro il 28 luglio<\/b> (oggi) \u00e8 solo una piccola parte dell&#8217;operazione \u00abtrasparenza totale\u00bb, <b>con la quale le amministrazioni dello Stato sono obbligate a informare i cittadini<\/b> su ogni passaggio di denaro pubblico: dagli appalti agli stipendi dei manager, dai pagamenti dei contratti alle consulenze.<\/p>\n<p style=\"text-align: justify;\"><b>La nuova legge prevede sanzioni per tutti<\/b>: chi non pubblicher\u00e0 per tempo situazione patrimoniale, titolarit\u00e0 di imprese o partecipazioni azionarie, anche quelle di coniugi, genitori, fratelli o figli, pagher\u00e0 una multa <b>tra i 500 e i 10.000 euro<\/b>. Sanzioni destinate a finire sul sito del governo.&nbsp;<\/p>\n","protected":false},"excerpt":{"rendered":"","protected":false},"author":1,"featured_media":42320,"comment_status":"open","ping_status":"closed","sticky":false,"template":"","format":"standard","meta":{"colormag_page_container_layout":"default_layout","colormag_page_sidebar_layout":"default_layout","footnotes":""},"categories":[4],"tags":[],"class_list":["post-42329","post","type-post","status-publish","format-standard","has-post-thumbnail","hentry","category-politica"],"_links":{"self":[{"href":"https:\/\/archiviogioia.lavocedelpaese.info\/index.php?rest_route=\/wp\/v2\/posts\/42329","targetHints":{"allow":["GET"]}}],"collection":[{"href":"https:\/\/archiviogioia.lavocedelpaese.info\/index.php?rest_route=\/wp\/v2\/posts"}],"about":[{"href":"https:\/\/archiviogioia.lavocedelpaese.info\/index.php?rest_route=\/wp\/v2\/types\/post"}],"author":[{"embeddable":true,"href":"https:\/\/archiviogioia.lavocedelpaese.info\/index.php?rest_route=\/wp\/v2\/users\/1"}],"replies":[{"embeddable":true,"href":"https:\/\/archiviogioia.lavocedelpaese.info\/index.php?rest_route=%2Fwp%2Fv2%2Fcomments&post=42329"}],"version-history":[{"count":0,"href":"https:\/\/archiviogioia.lavocedelpaese.info\/index.php?rest_route=\/wp\/v2\/posts\/42329\/revisions"}],"wp:featuredmedia":[{"embeddable":true,"href":"https:\/\/archiviogioia.lavocedelpaese.info\/index.php?rest_route=\/wp\/v2\/media\/42320"}],"wp:attachment":[{"href":"https:\/\/archiviogioia.lavocedelpaese.info\/index.php?rest_route=%2Fwp%2Fv2%2Fmedia&parent=42329"}],"wp:term":[{"taxonomy":"category","embeddable":true,"href":"https:\/\/archiviogioia.lavocedelpaese.info\/index.php?rest_route=%2Fwp%2Fv2%2Fcategories&post=42329"},{"taxonomy":"post_tag","embeddable":true,"href":"https:\/\/archiviogioia.lavocedelpaese.info\/index.php?rest_route=%2Fwp%2Fv2%2Ftags&post=42329"}],"curies":[{"name":"wp","href":"https:\/\/api.w.org\/{rel}","templated":true}]}}