{"id":42390,"date":"2013-07-30T03:18:13","date_gmt":"2013-07-30T03:18:13","guid":{"rendered":"https:\/\/archiviogioia.lavocedelpaese.info\/?p=42390"},"modified":"2013-07-30T03:18:13","modified_gmt":"2013-07-30T03:18:13","slug":"joya-e-b2-lippolis-daremo-come-sempre-il-massimo","status":"publish","type":"post","link":"https:\/\/archiviogioia.lavocedelpaese.info\/?p=42390","title":{"rendered":"J\u00d2YA E B2. LIPPOLIS: \u201cDAREMO COME SEMPRE IL MASSIMO\u201d"},"content":{"rendered":"<p><img loading=\"lazy\" decoding=\"async\" class=\" size-full wp-image-42387\" style=\"margin-right: 2px; margin-left: 2px;\" alt=\"volley-joya2013 14-pp\" src=\"https:\/\/archiviogioia.lavocedelpaese.info\/wp-content\/uploads\/2013\/07\/volley-joya2013_14-pp.png\" height=\"150\" width=\"320\" srcset=\"https:\/\/archiviogioia.lavocedelpaese.info\/wp-content\/uploads\/2013\/07\/volley-joya2013_14-pp.png 640w, https:\/\/archiviogioia.lavocedelpaese.info\/wp-content\/uploads\/2013\/07\/volley-joya2013_14-pp-300x141.png 300w\" sizes=\"auto, (max-width: 320px) 100vw, 320px\" \/><\/p>\n<p><!--more--><\/p>\n<p style=\"text-align: justify;\"><b><img loading=\"lazy\" decoding=\"async\" class=\" alignleft size-full wp-image-42389\" style=\"margin: 4px; float: left;\" alt=\"pallavolo2-300x228\" src=\"https:\/\/archiviogioia.lavocedelpaese.info\/wp-content\/uploads\/2013\/07\/pallavolo2-300x228.jpg\" height=\"228\" width=\"300\" \/>Intervista al Presidente del Team Volley J\u00f2ya, Mario Lippolis, sulla prossima stagione in B2<\/b><\/p>\n<p style=\"text-align: center;\"><b>&#8212;&#8212;&#8212;&#8212;&#8212;&#8212;&#8212;&#8212;&#8212;&#8212;&#8211;<br \/><\/b><\/p>\n<p style=\"text-align: justify;\"><b>Ripescaggio in B2. La societ\u00e0 \u00e8 pronta per affrontare un campionato nazionale?<\/b><\/p>\n<p style=\"text-align: justify;\">Si tratta di una situazione ambiziosa, non abbiamo mai smesso di pensarci e quindi ci sentiamo pi\u00f9 che pronti. E\u2019 qualcosa che chiunque nelle possibilit\u00e0 farebbe, ma in questo momento affrontarlo non \u00e8 una passeggiata e affrontarlo deve destare rispetto e non distacco o disinteresse. Basti pensare a quante rinunce e quante chiusure a tutti i livelli del volley nazionale; verrebbe la pelle d&#8217;oca anche ai pi\u00f9 spregiudicati. Siamo sempre stati attenti a non farci prendere da facili entusiasmi e faremo la nostra parte sempre con passi ponderati, consci che posiamo fare tesoro delle esperienze negative e positive passate di molti dei componenti del nostro CDA.<\/p>\n<p style=\"text-align: justify;\"><b>Quali obiettivi per questa stagione?<\/b><\/p>\n<p style=\"text-align: justify;\">Non vogliamo fare da riempi girone e daremo il massimo! Si parte dalle nostre possibilit\u00e0 e dei nostri sostenitori, che non smetteremo mai di ringraziare. Punteremo sul nostro essere gruppo squadra e proveremo a migliorarlo sempre, dentro e fuori del campo di gioco, in tutti i comparti della Societ\u00e0, in un clima sereno e conviviale nel rispetto di regole e professionalit\u00e0 che ci contraddistingue, come dicono gli atleti che hanno avuto esperienza da noi.<\/p>\n<p style=\"text-align: justify;\"><b>Che squadra state allestendo?<\/b><\/p>\n<p style=\"text-align: justify;\">Allestiremo una squadra partendo da quanto fatto nella stagione conclusa in semifinale Play Off, focalizzando i correttivi su quanto ha condizionato il nostro potenziale l\u2019anno scorso e strizzando l&#8217;occhio a qualit\u00e0 e affidabilit\u00e0, senza ovviamente precludere i pi\u00f9 giovani. Il team di questa stagione vede i fratelli Paglialunga per la prima volta insieme in panchina e sar\u00e0 loro compito e responsabilit\u00e0 mettere insieme i tasselli per fare meglio e bene con attenzione.<\/p>\n<p style=\"text-align: justify;\"><b>Messaggio ai tifosi e alla citt\u00e0.<\/b><\/p>\n<p style=\"text-align: justify;\">Scegliere si pu\u00f2, cercheremo sempre pi\u00f9 di rendere la gara un &#8220;evento sportivo&#8221; aggregante, con la partecipazione allargata alle famiglie, a ragazzi e ragazze e a tutti gli appassionati di questo sport. Vorremmo offrire il divertimento del nostro volley, frutto di tanto lavoro, sacrifici veri, rapporti professionali, diplomazia e agreement sportivo con societ\u00e0 che nutrono stesse affinit\u00e0 di progetto e credono nel rispetto delle regole e ancor di pi\u00f9 nel rispetto reciproco. Alla citt\u00e0, ai tifosi, in particolare alle istituzioni mi sento di fare solo un richiamo a una maggiore attenzione e riconoscimento del nostro impegno. E aggiungerei anche una nota alle aziende e alle imprese che, con maggiore sostegno al nostro progetto, potrebbero sentirsi rappresentate anche a livello nazionale.<\/p>\n<p style=\"text-align: justify;\"><b>Il vivaio \u00e8 sempre stato uno dei punti cardine della societ\u00e0, come lavorerete in questo senso?<\/b><\/p>\n<p style=\"text-align: justify;\">I nostri atleti sanno che possono contare sulla nostra seriet\u00e0 programmatica, pur ogni anno sempre pi\u00f9 condizionata dalla difficile congiuntura economica e della disponibilit\u00e0 di spazi per attivit\u00e0 e gare dei vari campionati. I tecnici qualificati ed esperti sono i garanti delle opportunit\u00e0 di crescita dei pi\u00f9 giovani. La societ\u00e0 ha nel progetto Academy obiettivi specifici di crescita con l&#8217;inserimento in campionati superiori per meriti, qualit\u00e0 e livello di gioco raggiunto. Continueremo su questa strada. Siamo in B2 dopo la rinuncia alla B1 solo due anni fa con la cessione del titolo per ripianare i costi e far ripartire il progetto dal basso e con tanti giovani e gioiesi. Per questo non smetter\u00f2 mai di ringraziare tutti i ragazzi, i tecnici e dirigenti che dalla Prima Divisione Giovani, poi in serie D, ancora dopo in C hanno portato oggi la nostra societ\u00e0 a partecipare in B2.<\/p>\n<p style=\"text-align: justify;\"><b>In pi\u00f9 mi sai dire gi\u00e0 l&#8217;organigramma?<\/b><\/p>\n<p style=\"text-align: justify;\">Questa nuova stagione ci permetter\u00e0 di consolidare lo staff dei dirigenti e delle figure preposte alle varie attivit\u00e0 federali ed organizzative. Mentre abbiamo puntato a rafforzare, come gi\u00e0 nella scorsa stagione, la comunicazione e l&#8217;immagine, in cui crediamo molto al di l\u00e0 dei risultati. Poi come sempre tante saranno le iniziative che impegnano il nostro staff con attivit\u00e0 sinergiche come Camp estivi, raduni sempre pi\u00f9 frequentati dalle famiglie, progetti per appassionati, magazine ecc. Comunque ci saranno a breve novit\u00e0, ci stiamo lavorando.<\/p>\n<p>(Ufficio Stampa Team Volley J\u00f2ya &#8211; <b>Giuseppe Leronni<\/b>)&nbsp;<\/p>\n","protected":false},"excerpt":{"rendered":"","protected":false},"author":1,"featured_media":42387,"comment_status":"open","ping_status":"closed","sticky":false,"template":"","format":"standard","meta":{"colormag_page_container_layout":"default_layout","colormag_page_sidebar_layout":"default_layout","footnotes":""},"categories":[5],"tags":[],"class_list":["post-42390","post","type-post","status-publish","format-standard","has-post-thumbnail","hentry","category-sport"],"_links":{"self":[{"href":"https:\/\/archiviogioia.lavocedelpaese.info\/index.php?rest_route=\/wp\/v2\/posts\/42390","targetHints":{"allow":["GET"]}}],"collection":[{"href":"https:\/\/archiviogioia.lavocedelpaese.info\/index.php?rest_route=\/wp\/v2\/posts"}],"about":[{"href":"https:\/\/archiviogioia.lavocedelpaese.info\/index.php?rest_route=\/wp\/v2\/types\/post"}],"author":[{"embeddable":true,"href":"https:\/\/archiviogioia.lavocedelpaese.info\/index.php?rest_route=\/wp\/v2\/users\/1"}],"replies":[{"embeddable":true,"href":"https:\/\/archiviogioia.lavocedelpaese.info\/index.php?rest_route=%2Fwp%2Fv2%2Fcomments&post=42390"}],"version-history":[{"count":0,"href":"https:\/\/archiviogioia.lavocedelpaese.info\/index.php?rest_route=\/wp\/v2\/posts\/42390\/revisions"}],"wp:featuredmedia":[{"embeddable":true,"href":"https:\/\/archiviogioia.lavocedelpaese.info\/index.php?rest_route=\/wp\/v2\/media\/42387"}],"wp:attachment":[{"href":"https:\/\/archiviogioia.lavocedelpaese.info\/index.php?rest_route=%2Fwp%2Fv2%2Fmedia&parent=42390"}],"wp:term":[{"taxonomy":"category","embeddable":true,"href":"https:\/\/archiviogioia.lavocedelpaese.info\/index.php?rest_route=%2Fwp%2Fv2%2Fcategories&post=42390"},{"taxonomy":"post_tag","embeddable":true,"href":"https:\/\/archiviogioia.lavocedelpaese.info\/index.php?rest_route=%2Fwp%2Fv2%2Ftags&post=42390"}],"curies":[{"name":"wp","href":"https:\/\/api.w.org\/{rel}","templated":true}]}}