{"id":42396,"date":"2013-07-30T13:39:20","date_gmt":"2013-07-30T13:39:20","guid":{"rendered":"https:\/\/archiviogioia.lavocedelpaese.info\/?p=42396"},"modified":"2013-07-30T13:39:20","modified_gmt":"2013-07-30T13:39:20","slug":"gioia-bandiere-a-mezzasta-per-lutto-nazionale-2","status":"publish","type":"post","link":"https:\/\/archiviogioia.lavocedelpaese.info\/?p=42396","title":{"rendered":"GIOIA. BANDIERE A MEZZ\u2019ASTA PER LUTTO NAZIONALE"},"content":{"rendered":"<p><img loading=\"lazy\" decoding=\"async\" class=\" size-full wp-image-42392\" style=\"margin-right: 2px; margin-left: 2px;\" alt=\"3afea2381589b4852cd86d3d3678360b51cbda52 320x150 Q75\" src=\"https:\/\/archiviogioia.lavocedelpaese.info\/wp-content\/uploads\/2013\/07\/3afea2381589b4852cd86d3d3678360b51cbda52_320x150_Q75.jpeg\" height=\"150\" width=\"320\" srcset=\"https:\/\/archiviogioia.lavocedelpaese.info\/wp-content\/uploads\/2013\/07\/3afea2381589b4852cd86d3d3678360b51cbda52_320x150_Q75.jpeg 320w, https:\/\/archiviogioia.lavocedelpaese.info\/wp-content\/uploads\/2013\/07\/3afea2381589b4852cd86d3d3678360b51cbda52_320x150_Q75-300x141.jpeg 300w\" sizes=\"auto, (max-width: 320px) 100vw, 320px\" \/><\/p>\n<p><!--more--><\/p>\n<p style=\"text-align: justify;\"><strong><img loading=\"lazy\" decoding=\"async\" class=\" alignleft size-full wp-image-42394\" style=\"margin: 4px; float: left;\" alt=\"un-bambino-che-piange\" src=\"https:\/\/archiviogioia.lavocedelpaese.info\/wp-content\/uploads\/2013\/07\/un-bambino-che-piange.jpg\" height=\"373\" width=\"280\" srcset=\"https:\/\/archiviogioia.lavocedelpaese.info\/wp-content\/uploads\/2013\/07\/un-bambino-che-piange.jpg 375w, https:\/\/archiviogioia.lavocedelpaese.info\/wp-content\/uploads\/2013\/07\/un-bambino-che-piange-225x300.jpg 225w\" sizes=\"auto, (max-width: 280px) 100vw, 280px\" \/>Con le bandiere a mezz\u2019asta<\/strong> esposte dinanzi agli edifici&nbsp; pubblici, <strong>anche Gioia del Colle quest\u2019oggi partecipa al Lutto Nazionale<\/strong> proclamato dal Consiglio dei Ministri <strong>per ricordare le 38 vittime<\/strong> della tragedia sull\u2019autostrada Napoli-Bari di domenica sera.<\/p>\n<p style=\"text-align: justify;\"><strong>Nei pubblici luoghi di lavoro<\/strong> &#8211; e si auspica anche in quelli privati \u2013 c\u2019\u00e8 stato <strong>un minuto di silenzio alle ore 10.00<\/strong> \u2013 <strong>in contemporanea con l\u2019inizio dei Funerali<\/strong> <strong>comuni<\/strong> presso il Palasport di Monteforte Irpino, alla presenza del Presidente del Consiglio dei Ministri Enrico Letta.<\/p>\n<p style=\"text-align: justify;\"><strong>La procura di Avellino<\/strong>, intanto, <strong>ha aperto un&#8217;inchiesta per omicidio colposo plurimo<\/strong> e l&#8217;indagine sar\u00e0 &#8220;a tutto campo&#8221;: gli accertamenti giudiziari saranno <strong>finalizzati a far luce<\/strong> non solo su eventuali responsabilit\u00e0 dell&#8217;autista, che \u00e8 morto nell&#8217;incidente e sul corpo del quale sar\u00e0 eseguita l&#8217;autopsia per stabilire se \u00e9 stato vittima di un malore, ma <strong>anche sulle condizioni tecniche del pullman<\/strong> che aveva superato la revisione annuale a marzo scorso.<\/p>\n","protected":false},"excerpt":{"rendered":"","protected":false},"author":1,"featured_media":42392,"comment_status":"open","ping_status":"closed","sticky":false,"template":"","format":"standard","meta":{"colormag_page_container_layout":"default_layout","colormag_page_sidebar_layout":"default_layout","footnotes":""},"categories":[8],"tags":[],"class_list":["post-42396","post","type-post","status-publish","format-standard","has-post-thumbnail","hentry","category-cronaca"],"_links":{"self":[{"href":"https:\/\/archiviogioia.lavocedelpaese.info\/index.php?rest_route=\/wp\/v2\/posts\/42396","targetHints":{"allow":["GET"]}}],"collection":[{"href":"https:\/\/archiviogioia.lavocedelpaese.info\/index.php?rest_route=\/wp\/v2\/posts"}],"about":[{"href":"https:\/\/archiviogioia.lavocedelpaese.info\/index.php?rest_route=\/wp\/v2\/types\/post"}],"author":[{"embeddable":true,"href":"https:\/\/archiviogioia.lavocedelpaese.info\/index.php?rest_route=\/wp\/v2\/users\/1"}],"replies":[{"embeddable":true,"href":"https:\/\/archiviogioia.lavocedelpaese.info\/index.php?rest_route=%2Fwp%2Fv2%2Fcomments&post=42396"}],"version-history":[{"count":0,"href":"https:\/\/archiviogioia.lavocedelpaese.info\/index.php?rest_route=\/wp\/v2\/posts\/42396\/revisions"}],"wp:featuredmedia":[{"embeddable":true,"href":"https:\/\/archiviogioia.lavocedelpaese.info\/index.php?rest_route=\/wp\/v2\/media\/42392"}],"wp:attachment":[{"href":"https:\/\/archiviogioia.lavocedelpaese.info\/index.php?rest_route=%2Fwp%2Fv2%2Fmedia&parent=42396"}],"wp:term":[{"taxonomy":"category","embeddable":true,"href":"https:\/\/archiviogioia.lavocedelpaese.info\/index.php?rest_route=%2Fwp%2Fv2%2Fcategories&post=42396"},{"taxonomy":"post_tag","embeddable":true,"href":"https:\/\/archiviogioia.lavocedelpaese.info\/index.php?rest_route=%2Fwp%2Fv2%2Ftags&post=42396"}],"curies":[{"name":"wp","href":"https:\/\/api.w.org\/{rel}","templated":true}]}}