{"id":42649,"date":"2013-08-07T06:34:09","date_gmt":"2013-08-07T06:34:09","guid":{"rendered":"https:\/\/archiviogioia.lavocedelpaese.info\/?p=42649"},"modified":"2013-08-07T06:34:09","modified_gmt":"2013-08-07T06:34:09","slug":"premio-ellisse-2013-prorogata-la-scadenza-2","status":"publish","type":"post","link":"https:\/\/archiviogioia.lavocedelpaese.info\/?p=42649","title":{"rendered":"PREMIO ELLISSE 2013, PROROGATA SCADENZA ALL&#8217;8\/09\/13"},"content":{"rendered":"<p><a title=\"premioellisse2013 di LA VOCE DEL PAESE, su Flickr\" href=\"http:\/\/www.flickr.com\/photos\/91470992@N02\/9456729857\/\"><img loading=\"lazy\" decoding=\"async\" style=\"display: block; margin-left: auto; margin-right: auto;\" src=\"http:\/\/farm4.staticflickr.com\/3813\/9456729857_fd0c580a36_n.jpg\" alt=\"premioellisse2013\" width=\"320\" height=\"240\" \/><\/a><\/p>\n<p><!--more--><\/p>\n<p style=\"text-align: justify;\"><a title=\"giuria di LA VOCE DEL PAESE, su Flickr\" href=\"http:\/\/www.flickr.com\/photos\/91470992@N02\/9456736045\/\"><img loading=\"lazy\" decoding=\"async\" style=\"margin: 4px; float: left;\" src=\"http:\/\/farm4.staticflickr.com\/3824\/9456736045_a181ea52ba_n.jpg\" alt=\"giuria\" width=\"320\" height=\"274\" \/><\/a>Cultura, solidariet\u00e0, territorio, emigrazione, sport, salute e cooperazione i temi della <strong>quarta edizione del PREMIO ELLISSE,<\/strong> che quest&#8217;anno avr\u00e0 anche un luogo virtuale attraverso il quale condividere eventi, attivit\u00e0, obiettivi e creare nuove sinergie tra gli operatori pugliesi del Terzo Settore. Con questa nuova edizione del Premio, promosso nel 2007 dall\u2019<strong>Associazione Putignanonelmondo<\/strong>, si inaugura infatti anche il nuovo Portale dell\u2019Associazionismo e della Cooperazione <a href=\"http:\/\/www.premioellisse.it\" target=\"_blank\" rel=\"noopener\"><span style=\"text-decoration: none;\">www.premioellisse.it<\/span><\/a>, una vetrina dedicata al Terzo Settore pugliese e un luogo di scambio e conoscenza reciproca.<\/p>\n<p style=\"text-align: justify;\">Nato per valorizzare l\u2019operato delle tante associazioni che si impegnano nel sociale, il Premio Ellisse si apre&nbsp; quest\u2019anno all\u2019intero territorio regionale, con l\u2019obiettivo a medio e lungo termine di creare una rete tra gli attori estesa a tutta la Puglia.<\/p>\n<p style=\"text-align: justify;\">Sette i premi che saranno assegnati per le iniziative realizzate dalle associazioni nel biennio 2011-2012, nell\u2019ambit<a title=\"statuetta_premio_ellisse di LA VOCE DEL PAESE, su Flickr\" href=\"http:\/\/www.flickr.com\/photos\/91470992@N02\/9459535970\/\"><img loading=\"lazy\" decoding=\"async\" style=\"margin: 4px; float: right;\" src=\"http:\/\/farm3.staticflickr.com\/2869\/9459535970_90748e8851_n.jpg\" alt=\"statuetta_premio_ellisse\" width=\"231\" height=\"406\" \/><\/a>o delle sette sezioni tematiche individuate dal bando, consultabile sul Portale. Facile ed immediato, da qui, l\u2019accesso&nbsp; all\u2019area&nbsp; di registrazione per candidarsi direttamente on line: basta cliccare sul link PARTECIPA! e seguire le istruzioni, il format \u00e8 semplice da compilare e baster\u00e0 inserire:<i> le informazioni relative all\u2019Associazione (presentazione, contatti, ecc.) per la Registrazione al Portale e le informazioni sull\u2019iniziativa\/e da candidare.<\/i><\/p>\n<p style=\"text-align: justify;\">La valutazione sar\u00e0 affidata ad una giuria composta da esperti nei settori di interesse del Premio. La premiazione si svolger\u00e0 a Putignano nel mese di settembre e la giornata conclusiva del Premio Ellisse sar\u00e0 caratterizzata anche da tavole rotonde, forum e spettacolo dal vivo. <strong>La scadenza per l\u2019invio delle candidature \u00e8 stata prorogata all&#8217;8 settembre 2013.<\/strong><\/p>\n<p style=\"text-align: justify;\">La partecipazione al concorso \u00e8 gratuita e <strong>il Premio per ogni sezione consiste in un contributo di \u20ac 800,00 insieme alla scultura in bronzo simbolo da sempre del Premio Ellisse<\/strong>. Fu il professor Nicola Monopoli, presidente nel 2007 dell\u2019Associazione Putignanonelmondo, ad ideare e realizzare il trofeo&nbsp; ispirandosi all\u2019idea dell\u2019ellisse, come percorso dinamico di operosit\u00e0 e impegno delle associazioni, nella convinzione che sia: \u201c<i>doveroso premiare e far conoscere la quantit\u00e0 e la qualit\u00e0 del lavoro delle associazioni che operano nel nostro territorio.<\/i>&nbsp;<i>La loro attivit\u00e0 sostiene, e in molti casi sostituisce, l\u2019intervento di soggetti pubblici in ambiti anche molto diversi tra loro\u201d.<\/i><\/p>\n<p style=\"text-align: justify;\">Il premio, che dal 2008 ha cadenza biennale, gode del patrocinio della <strong>Regione Puglia, del Comune di Putignano, delle Province di Bari, BAT, Brindisi, Lecce e Foggia.<\/strong> Partner per questa edizione: il <strong>Consorzio I MAKE <\/strong>e il<strong> GAL Terra dei Trulli e di Barsento.<\/strong><\/p>\n<p style=\"text-align: justify;\"><strong><span>Ufficio stampa<\/span><\/strong><i>:<\/i> Ileana Inglese &#8211; +39 338 6488905 \u2013 <a href=\"mailto:ileanainglese@alice.it\" target=\"_blank\" rel=\"noopener\">ileanainglese@alice.it<\/a> &#8211; <a href=\"https:\/\/it-it.facebook.com\/PremioEllisse\" target=\"_blank\" rel=\"noopener\">FB\/PremioEllisse<\/a> &#8211; 3407420245 \u2013 3466466127.<\/p>\n<p style=\"text-align: justify;\">Per scaricare il <strong>Regolamento<\/strong>, <a href=\"https:\/\/archiviogioia.lavocedelpaese.info\/wp-content\/uploads\/2013\/08\/premioellisse2013_regolamento.pdf\">clicca qui<\/a>.<\/p>\n<p>&nbsp;<\/p>\n","protected":false},"excerpt":{"rendered":"","protected":false},"author":1,"featured_media":0,"comment_status":"open","ping_status":"closed","sticky":false,"template":"","format":"standard","meta":{"colormag_page_container_layout":"default_layout","colormag_page_sidebar_layout":"default_layout","footnotes":""},"categories":[7],"tags":[],"class_list":["post-42649","post","type-post","status-publish","format-standard","hentry","category-attualita"],"_links":{"self":[{"href":"https:\/\/archiviogioia.lavocedelpaese.info\/index.php?rest_route=\/wp\/v2\/posts\/42649","targetHints":{"allow":["GET"]}}],"collection":[{"href":"https:\/\/archiviogioia.lavocedelpaese.info\/index.php?rest_route=\/wp\/v2\/posts"}],"about":[{"href":"https:\/\/archiviogioia.lavocedelpaese.info\/index.php?rest_route=\/wp\/v2\/types\/post"}],"author":[{"embeddable":true,"href":"https:\/\/archiviogioia.lavocedelpaese.info\/index.php?rest_route=\/wp\/v2\/users\/1"}],"replies":[{"embeddable":true,"href":"https:\/\/archiviogioia.lavocedelpaese.info\/index.php?rest_route=%2Fwp%2Fv2%2Fcomments&post=42649"}],"version-history":[{"count":0,"href":"https:\/\/archiviogioia.lavocedelpaese.info\/index.php?rest_route=\/wp\/v2\/posts\/42649\/revisions"}],"wp:attachment":[{"href":"https:\/\/archiviogioia.lavocedelpaese.info\/index.php?rest_route=%2Fwp%2Fv2%2Fmedia&parent=42649"}],"wp:term":[{"taxonomy":"category","embeddable":true,"href":"https:\/\/archiviogioia.lavocedelpaese.info\/index.php?rest_route=%2Fwp%2Fv2%2Fcategories&post=42649"},{"taxonomy":"post_tag","embeddable":true,"href":"https:\/\/archiviogioia.lavocedelpaese.info\/index.php?rest_route=%2Fwp%2Fv2%2Ftags&post=42649"}],"curies":[{"name":"wp","href":"https:\/\/api.w.org\/{rel}","templated":true}]}}