{"id":42672,"date":"2013-08-09T00:10:24","date_gmt":"2013-08-09T00:10:24","guid":{"rendered":"https:\/\/archiviogioia.lavocedelpaese.info\/?p=42672"},"modified":"2013-08-09T00:10:24","modified_gmt":"2013-08-09T00:10:24","slug":"elda-renna-la-mafia-sono-io-il-suo-incubo","status":"publish","type":"post","link":"https:\/\/archiviogioia.lavocedelpaese.info\/?p=42672","title":{"rendered":"ELDA RENNA: \u201cLA MAFIA? SONO IO IL SUO INCUBO!\u201d"},"content":{"rendered":"<p><a title=\"elda-renna2 di LA VOCE DEL PAESE, su Flickr\" href=\"http:\/\/www.flickr.com\/photos\/91470992@N02\/9469665286\/\"><img loading=\"lazy\" decoding=\"async\" style=\"display: block; margin-left: auto; margin-right: auto;\" src=\"http:\/\/farm8.staticflickr.com\/7406\/9469665286_0ebfec43f9.jpg\" alt=\"elda-renna2\" width=\"320\" height=\"240\" \/><\/a><\/p>\n<p><!--more--><\/p>\n<p style=\"text-align: justify;\"><strong><span>Leggins al ginocchio<\/span><\/strong><span>, <strong>ma<\/strong><\/span><a title=\"estate-rosa--carovana-pp di LA VOCE DEL PAESE, su Flickr\" href=\"http:\/\/www.flickr.com\/photos\/91470992@N02\/9469415484\/\"><img loading=\"lazy\" decoding=\"async\" style=\"margin: 4px; float: left;\" src=\"http:\/\/farm8.staticflickr.com\/7396\/9469415484_73b5b52235_n.jpg\" alt=\"estate-rosa--carovana-pp\" width=\"340\" height=\"255\" \/><\/a><span><strong>glietta bianca griffata \u201cEstate in rosa 2013\u201d<\/strong>, scarpe da ginnastica con \u201cun tocco\u201d di rosa, capelli un po\u2019 arruffati e sguardo aperto e sincero. <\/span><\/p>\n<p style=\"text-align: justify;\"><strong><span>E\u2019 Elda Renna<\/span><\/strong><span>,&nbsp;\u00e8 lei <strong>alla guida del Camper Rosa<\/strong> <strong>che ha<\/strong> portato in tutta la Regione allestimenti, depliant, opuscoli, gadget su tematiche declinate al femminile e <strong>aperto serate in cui delle donne<\/strong> &#8211; protagoniste degli incontri &#8211; <strong>si \u00e8 tanto detto e discusso<\/strong>. Donne con storie diverse, pronte a raccontarsi e confrontarsi, come <strong>Natalina Pasqualicchio<\/strong> &#8211; sindaco di Molfetta &#8211; o \u201cconduttrici\u201d e ospiti dello spessore di <strong>Serena Molendini<\/strong> ed ancora testimonial della stessa citt\u00e0, per una sera \u201cprime donne\u201d nel salotto rosa portato a Gioia da <strong>Vanna Magistro<\/strong> e dalla sua Meters.<\/span><\/p>\n<p style=\"text-align: justify;\"><strong><span>Elda \u00e8 accanto al suo camper parcheggiato con cura<\/span><\/strong><span>, pronta a rimettersi in viaggio anche a tarda ora e a progettare la prossima tappa.<\/span><\/p>\n<p style=\"text-align: justify;\"><strong><span>La sua \u00e8 una storia speciale<\/span><\/strong><span>, <strong>di quelle metterebbe K.O. pi\u00f9 di un uomo coraggioso<\/strong>, vicende che nessuno vorrebbe mai aver vissuto, che lasciano il segno.<\/span><a title=\"elda renna estate rosa 2013 di LA VOCE DEL PAESE, su Flickr\" href=\"http:\/\/www.flickr.com\/photos\/91470992@N02\/9469414682\/\"><img loading=\"lazy\" decoding=\"async\" style=\"margin: 4px; float: right;\" src=\"http:\/\/farm8.staticflickr.com\/7384\/9469414682_0c121f083c_n.jpg\" alt=\"elda renna estate rosa 2013\" width=\"340\" height=\"255\" \/><\/a><\/p>\n<p style=\"text-align: justify;\"><span>\u201c<strong>Vivo a Cellino San Marco, da noi la mafia c\u2019\u00e8 e va combattuta<\/strong>. Avevo 14 anni quando hanno incendiato il distributore di carburanti di mio padre. Accadde in piena notte, <strong>ricordo che a stento i vigili del fuoco riuscirono a fermarlo<\/strong>, si era gi\u00e0 gettato nelle fiamme nel tentativo di spegnerle, rischiando la vita. Stava tentando di salvare la nostra unica fonte di reddito, quella che ci permetteva di vivere e sostenerci. <strong>Era il 1990\u2026 abbiamo perso tutto, quella notte!<\/strong> L\u00ec iniziai a capire parole come \u201cmafia\u201d e \u201cpizzo\u201d. Io <strong>ero l\u2019ultima di quattro figli<\/strong>, mia sorella, primogenita, diversamente abile si guardava intorno sperduta e spaventata\u2026 io gridavo a squarciagola \u201cPap\u00e0\u00e0\u00e0\u00e0!\u201d<\/span><\/p>\n<p style=\"text-align: justify;\"><strong><span>Le fiamme erano sempre pi\u00f9 alte<\/span><\/strong><span>, le sirene dei vigili del fuoco urlavano impazzite, la gente gridava\u2026 qualcuno mi copr\u00ec gli occhi perch\u00e9 non vedessi tanto orrore. <strong>Mio padre non si lasci\u00f2 intimidire, and\u00f2 dal magistrato Emiliano &#8211; oggi sindaco di Bari &#8211; e denunci\u00f2<\/strong> chi aveva tentato di distruggere la nostra vita. Dettero avvio all\u2019indagine, <strong>la chiamarono \u201cOperazione San Marco\u201d e si concluse con 21 arresti<\/strong>. Ma non era ancora finita, <strong>alcuni<\/strong><\/span><a title=\"elda renna3 di LA VOCE DEL PAESE, su Flickr\" href=\"http:\/\/www.flickr.com\/photos\/91470992@N02\/9469417688\/\"><img loading=\"lazy\" decoding=\"async\" style=\"margin: 4px; float: left;\" src=\"http:\/\/farm4.staticflickr.com\/3676\/9469417688_73f49557ef_n.jpg\" alt=\"elda renna3\" width=\"310\" height=\"340\" \/><\/a><span><strong> mesi dopo ci incendiarono casa<\/strong>\u201d.<\/span><\/p>\n<p style=\"text-align: justify;\"><strong><span>Un incubo senza fine<\/span><\/strong><span> a cui Elda reagisce con rabbia e determinazione.<\/span><\/p>\n<p style=\"text-align: justify;\"><span>\u201c<strong>No, nessun incubo! Sono io il loro incubo, non ho paura di loro<\/strong>. Saranno anche bravi con le pistole, ma io ho dalla mia parte l\u2019onest\u00e0, <strong>loro sono in carcere, io sono libera!<\/strong>\u201d<\/span><\/p>\n<p style=\"text-align: justify;\"><strong><span>Nel 2005 Elda viene eletta<\/span><\/strong><span> nelle liste del Pd, viene <strong>nominata assessore<\/strong> &#8211; unica donna in giunta &#8211; e ha <strong>ben cinque deleghe\u2026 ma solo sulla carta<\/strong>!<\/span><\/p>\n<p style=\"text-align: justify;\"><span>\u201c<strong>Non potevo neanche parlare<\/strong>, <strong>a volte pretendevano che firmassi le delibere in bianco<\/strong>! <strong>Consideravano folli le mie proposte sulla raccolta differenziata port<\/strong><\/span><span><strong>a a porta<\/strong> con incentivo per i cittadini, avevo <\/span><span>pensato a dei buoni da consumare nei negozi della mia citt\u00e0, per risollevare l\u2019economia del mio paese&#8230; &#8211; quel che poi \u00e8 stato progettato a livello regionale e nazionale -, <strong>venni sollevata dall\u2019incarico di assessore, non potevano manovrarmi<\/strong> come se fossi un burattino senza cervello, quindi non ero la persona giusta cui affidare l\u2019assessorato\u201d.<\/span><\/p>\n<p style=\"text-align: justify;\"><strong><span>Essere onesti, \u201cpensanti\u201d ed avere buon senso non sempre sono requisiti apprezzati<\/span><\/strong><span> da politici che misurano e si misurano \u201cnel merito\u201d di interessi che non vanno a favore del bene comune e usano il potere come arma e merce di scambio.<\/span><a title=\"estate in rosa2013 di LA VOCE DEL PAESE, su Flickr\" href=\"http:\/\/www.flickr.com\/photos\/91470992@N02\/9466707555\/\"><img loading=\"lazy\" decoding=\"async\" style=\"margin: 4px; float: right;\" src=\"http:\/\/farm8.staticflickr.com\/7438\/9466707555_9ee38c8e1f_n.jpg\" alt=\"estate in rosa2013\" width=\"340\" height=\"180\" \/><\/a><\/p>\n<p style=\"text-align: justify;\"><span>\u201c<strong>Il sindaco fu costretto a ricredersi<\/strong> e dopo un incontro con la Commissione delle <\/span><span>Par<\/span><span>i Opportunit\u00e0 di cui facevano parte Serenella Molendini, Magda Terravoli, Patrizia Colella ed altre donne,<\/span><span> <strong>mi restitu\u00ec l\u2019incarico di as<\/strong><\/span><span><strong>sessore p<\/strong><\/span><span><strong>erch\u00e9 lui<\/strong> &#8211; sindaco con licenza di quinta elementare -, \u201c<strong>voleva donne intelligenti<\/strong>\u201d.<\/span><\/p>\n<p style=\"text-align: justify;\"><span>Mancavano pochi mesi alle elezioni, <strong>in realt\u00e0 la sua intenzione era di \u201clegarmi\u201d<\/strong> in modo che mi ricandidassi con lui, senza formare un gruppo. <\/span><span>Naturalmente <strong>non lo feci e lui perse le elezioni<\/strong>\u201d. <\/span><\/p>\n<p style=\"text-align: justify;\"><span>\u201c<strong>L\u2019ultima \u2018battaglia\u2019<\/strong> che poi \u00e8 il significato del mio nome, <strong>l\u2019ho vissuta su lavoro<\/strong>. <strong>Sono autista di autobus, ma per i miei datori di lavoro ero un proble<\/strong><\/span><a title=\"elda renna4 di LA VOCE DEL PAESE, su Flickr\" href=\"http:\/\/www.flickr.com\/photos\/91470992@N02\/9469493208\/\"><img loading=\"lazy\" decoding=\"async\" style=\"margin: 4px; float: left;\" src=\"http:\/\/farm8.staticflickr.com\/7361\/9469493208_013284afea_n.jpg\" alt=\"elda renna4\" width=\"266\" height=\"340\" \/><\/a><span><strong>ma<\/strong>. Trattandosi di un ambiente prettamente maschile, <strong>avrei potuto portare scompiglio nelle famiglie<\/strong>. A nulla sono servite le mie rimostranze: ho detto chiaro e tondo che se avessi voluto fare un altro mestiere, non sarei stata sui camion ma per la<\/span><span> strada e che andava valutata la mia capacit\u00e0 professionale, non il fatto che fossi donna. <strong>Ho<\/strong> <strong>subito un vero e proprio mobbing sul posto di lavoro<\/strong> e deciso di denunciare il titolare per questo motivo\u201d.<\/span><\/p>\n<p style=\"text-align: justify;\"><strong><span>Essere sempre in lotta richiede non solo coraggio, ma anche tanta energia<\/span><\/strong><span>, \u00e8 un fuoco che arde e consuma serenit\u00e0, fiducia nel prossimo ed alla fine logora anche i pi\u00f9 forti dal punto di vista fisico e psicologico\u2026<\/span><\/p>\n<p style=\"text-align: justify;\"><span>\u201c<strong>E\u2019 da sempre che corro e sono <\/strong><\/span><span><strong>in lotta<\/strong>, anche se a volte crollo e chiedo un po\u2019 di pace dalla vita\u2026 <strong>Conosco la sofferenza<\/strong>, ecco perch\u00e9 mi batto per me stessa e per le tante \u2018Elda\u2019 che ci sono in giro\u2026\u201d.<\/span><\/p>\n<p style=\"text-align: justify;\"><strong><span>Elda le sue battaglie le ha vinte tutte e a breve torner\u00e0 a guidare il suo autobus<\/span><\/strong><span>, senza \u201ctrascurare\u201d quel camper rosa di cui \u00e8 icona.&nbsp;<\/span><\/p>\n<p style=\"text-align: justify;\"><span>Lei <strong>ci insegna che non basta essere donne forti e determinate<\/strong>, pronte a denunciare e lottare contro i soprusi, pronte a cambiare il mondo mettendosi in gioco\u2026 per essere accettate ed avere un ruolo, per realizzarsi. <\/span><\/p>\n<p style=\"text-align: justify;\"><strong><span>Da sole si \u00e8 viste come dei \u201cdon Chisciotte\u201d<\/span><\/strong><span> anche se contro ben altri mulini si deve lottare! <strong>La vera forza \u00e8 essere unite, solidali,&nbsp; sostenersi, creare rete<\/strong> senza mai perdere di vista i veri valori, <strong>senza <\/strong><\/span><span><strong><a title=\"estate-rosa-2013-elda-renna di LA VOCE DEL PAESE, su Flickr\" href=\"http:\/\/www.flickr.com\/photos\/91470992@N02\/9466633347\/\"><img loading=\"lazy\" decoding=\"async\" style=\"margin: 4px; float: right;\" src=\"http:\/\/farm3.staticflickr.com\/2831\/9466633347_c9a9942144_o.jpg\" alt=\"estate-rosa-2013-elda-renna\" width=\"389\" height=\"144\" \/><\/a><\/strong><\/span><span><strong>scendere a compromessi<\/strong>. <strong>I veri nemici delle donne<\/strong> &#8211; \u00e8 un dato purtroppo reale &#8211; <strong>sono le donne stesse<\/strong>, <strong>incapaci di accordare fiducia ad altr<\/strong><\/span><span><strong>e donne<\/strong> sulle quali continuano a proiettare le proprie fragilit\u00e0 e insicurezze, e a volte anche invidia, <strong>timorose del loro potere sugli uomini<\/strong>, perch\u00e9 donne come Elda riescono a conquistare il rispetto degli stessi uomini che vorrebbero \u201cpiegarle\u201d senza ricorrere alle arti della seduzione, da pari a pari e questo per molte esponenti del gentil sesso di qualunque ceto e istruzione, imprigionate in stereotipi di \u201cfemminilit\u00e0\u201d, \u00e8 inaccettabile.<\/span><\/p>\n<p style=\"text-align: justify;\"><span>Ed \u00e8 questa <strong>la vera battaglia ancora in corso, il fine per cui lottare senza esclusione di colpi. Non parit\u00e0 ma pari rispetto e\u2026 ascolto!<\/strong><\/span><\/p>\n<p>&nbsp;<\/p>\n","protected":false},"excerpt":{"rendered":"","protected":false},"author":1,"featured_media":0,"comment_status":"open","ping_status":"closed","sticky":false,"template":"","format":"standard","meta":{"colormag_page_container_layout":"default_layout","colormag_page_sidebar_layout":"default_layout","footnotes":""},"categories":[4],"tags":[],"class_list":["post-42672","post","type-post","status-publish","format-standard","hentry","category-politica"],"_links":{"self":[{"href":"https:\/\/archiviogioia.lavocedelpaese.info\/index.php?rest_route=\/wp\/v2\/posts\/42672","targetHints":{"allow":["GET"]}}],"collection":[{"href":"https:\/\/archiviogioia.lavocedelpaese.info\/index.php?rest_route=\/wp\/v2\/posts"}],"about":[{"href":"https:\/\/archiviogioia.lavocedelpaese.info\/index.php?rest_route=\/wp\/v2\/types\/post"}],"author":[{"embeddable":true,"href":"https:\/\/archiviogioia.lavocedelpaese.info\/index.php?rest_route=\/wp\/v2\/users\/1"}],"replies":[{"embeddable":true,"href":"https:\/\/archiviogioia.lavocedelpaese.info\/index.php?rest_route=%2Fwp%2Fv2%2Fcomments&post=42672"}],"version-history":[{"count":0,"href":"https:\/\/archiviogioia.lavocedelpaese.info\/index.php?rest_route=\/wp\/v2\/posts\/42672\/revisions"}],"wp:attachment":[{"href":"https:\/\/archiviogioia.lavocedelpaese.info\/index.php?rest_route=%2Fwp%2Fv2%2Fmedia&parent=42672"}],"wp:term":[{"taxonomy":"category","embeddable":true,"href":"https:\/\/archiviogioia.lavocedelpaese.info\/index.php?rest_route=%2Fwp%2Fv2%2Fcategories&post=42672"},{"taxonomy":"post_tag","embeddable":true,"href":"https:\/\/archiviogioia.lavocedelpaese.info\/index.php?rest_route=%2Fwp%2Fv2%2Ftags&post=42672"}],"curies":[{"name":"wp","href":"https:\/\/api.w.org\/{rel}","templated":true}]}}