{"id":42682,"date":"2013-08-09T01:58:00","date_gmt":"2013-08-09T01:58:00","guid":{"rendered":"https:\/\/archiviogioia.lavocedelpaese.info\/?p=42682"},"modified":"2013-08-09T01:58:00","modified_gmt":"2013-08-09T01:58:00","slug":"fashions-drink-imagine-terrazza-panta-rei-foto-2","status":"publish","type":"post","link":"https:\/\/archiviogioia.lavocedelpaese.info\/?p=42682","title":{"rendered":"FASHION\u2019S DRINK \u201cIMAGINE\u201d, TERRAZZA PANTA REI-foto"},"content":{"rendered":"<p><a title=\"374183_594239603928403_474312054_n di LA VOCE DEL PAESE, su Flickr\" href=\"http:\/\/www.flickr.com\/photos\/91470992@N02\/9470077464\/\"><img loading=\"lazy\" decoding=\"async\" style=\"display: block; margin-left: auto; margin-right: auto;\" src=\"http:\/\/farm8.staticflickr.com\/7345\/9470077464_68ba92464f_n.jpg\" alt=\"374183_594239603928403_474312054_n\" width=\"320\" height=\"240\" \/><\/a><\/p>\n<p><!--more--><\/p>\n<p style=\"text-align: justify;\"><a title=\"maril\u00f9 al lavoro di LA VOCE DEL PAESE, su Flickr\" href=\"http:\/\/www.flickr.com\/photos\/91470992@N02\/9470075478\/\"><img loading=\"lazy\" decoding=\"async\" style=\"margin: 4px; float: left;\" src=\"http:\/\/farm4.staticflickr.com\/3680\/9470075478_b6fce30766_n.jpg\" alt=\"maril\u00f9 al lavoro\" width=\"340\" height=\"227\" \/><\/a><strong>L\u201911 agosto sulla terrazza di \u201cPanta rei\u201d<\/strong> alle ore 20 avr\u00e0 luogo un <strong>Fashion\u2019s drink<\/strong> dal titolo \u201c<strong>Imagine<\/strong>\u201d.<\/p>\n<p style=\"text-align: justify;\"><strong>Un evento moda dedicato alla donna ed alla sua bellezza<\/strong>, valorizzata e ad arte con gli <strong>abiti della Boutique Annal\u00ec<\/strong> e con <strong>accessori e gioielli &#8211; bijoux di \u201cEmada\u201d<\/strong> di <strong>Emanuela Paradiso<\/strong>, originalissime creazioni interamente lavorate a mano.<\/p>\n<p style=\"text-align: justify;\"><strong>Il trucco delle modelle \u00e8 affidato al buon gusto e ai \u201ctrucchi\u201d della make up artist Maril\u00f9 Cardascia<\/strong>, le <strong>acconciature<\/strong> all\u2019estro di <strong>Norma Jane<\/strong> (Milena Capurso) e del suo staff.<\/p>\n<p style=\"text-align: justify;\"><strong>Un\u2019idea nata dall\u2019incontro tra due menti creative<\/strong>, quella di Emanuela Paradiso, ideatrice della griffa \u201cEmada<a title=\"935604_585564128129284_24326855_n di LA VOCE DEL PAESE, su Flickr\" href=\"http:\/\/www.flickr.com\/photos\/91470992@N02\/9467294603\/\"><img loading=\"lazy\" decoding=\"async\" style=\"margin: 4px; float: right;\" src=\"http:\/\/farm3.staticflickr.com\/2890\/9467294603_250fafe3de_n.jpg\" alt=\"935604_585564128129284_24326855_n\" width=\"281\" height=\"320\" \/><\/a>\u201d e di Maril\u00f9 Cardascia, make up artist formatasi alla Muaccademy, sul set di \u201cAnche no\u201d (<a href=\"politica\/6012-marilu-cardascia-gioiese-nello-staff-di-anche-no.html\">MARIL\u00da CARDASCIA, GIOIESE, NELLO STAFF DI \u201cANCHE NO\u201d<\/a>), nelle ultime due edizioni della Festa federiciana attivissima risorsa con collaborazioni in eventi musicali, di danza e\u2026 solidariet\u00e0 canina (<a href=\"attualita\/7458-serata-da-cani-solidarieta-griffata-unotre-foto.html\">\u201cSERATA DA CANI\u201d, SOLIDARIET\u00c1 GRIFFATA UNOTRE-foto<\/a>).<\/p>\n<p style=\"text-align: justify;\">\u201c<strong>Emada<\/strong> &#8211; afferma Emanuela &#8211; <strong>nasce dalla passione per il mondo artigianale<\/strong>. E&#8217; <strong>frutto dell&#8217;inventiva, dell&#8217;originalit\u00e0 e dell&#8217;estro creativo<\/strong>. Nasce dalla convinzione che <strong>il dettaglio fa la differenza<\/strong> e che non bisogna mai rinunciare al buon gusto. Nasce dall&#8217;idea che <strong>non basta essere al passo coi tempi<\/strong>: la tendenza va modificata, integrata e migliorata sempre con la propria personalit\u00e0. Solo cos\u00ec si riescono a realizzare prodotti esclusivi, al di fuori dei canoni standardizzati. Emada \u00e8 una filosofia di vita&#8230; vuole dire <strong>alle donne: &#8220;Metteteci personalit\u00e0 in quello che indossate<\/strong>. Personalizzate, <strong>non seguite supinamente la tendenza<\/strong> perch\u00e9 la moda impara solamente, ma <strong>\u00e8 l&#8217;Arte che detta le leggi<\/strong>, ed \u00e8 dunque solo e soltanto essa ad essere veramente libera&#8221;. <strong>Emada \u00e8 Arte<\/strong>\u201d.<\/p>\n<p>\n<object data=\"https:\/\/static.googleusercontent.com\/external_content\/picasaweb.googleusercontent.com\/slideshow.swf\" type=\"application\/x-shockwave-flash\" width=\"640\" height=\"480\"><param name=\"flashvars\" value=\"host=picasaweb.google.com&amp;hl=it&amp;feat=flashalbum&amp;RGB=0x000000&amp;feed=https%3A%2F%2Fpicasaweb.google.com%2Fdata%2Ffeed%2Fapi%2Fuser%2F104626251937098962566%2Falbumid%2F5909930044400619073%3Falt%3Drss%26kind%3Dphoto%26hl%3Dit\" \/><param name=\"movie\" value=\"https:\/\/static.googleusercontent.com\/external_content\/picasaweb.googleusercontent.com\/slideshow.swf\" \/><\/object><\/p>\n","protected":false},"excerpt":{"rendered":"","protected":false},"author":1,"featured_media":0,"comment_status":"open","ping_status":"closed","sticky":false,"template":"","format":"standard","meta":{"colormag_page_container_layout":"default_layout","colormag_page_sidebar_layout":"default_layout","footnotes":""},"categories":[7],"tags":[],"class_list":["post-42682","post","type-post","status-publish","format-standard","hentry","category-attualita"],"_links":{"self":[{"href":"https:\/\/archiviogioia.lavocedelpaese.info\/index.php?rest_route=\/wp\/v2\/posts\/42682","targetHints":{"allow":["GET"]}}],"collection":[{"href":"https:\/\/archiviogioia.lavocedelpaese.info\/index.php?rest_route=\/wp\/v2\/posts"}],"about":[{"href":"https:\/\/archiviogioia.lavocedelpaese.info\/index.php?rest_route=\/wp\/v2\/types\/post"}],"author":[{"embeddable":true,"href":"https:\/\/archiviogioia.lavocedelpaese.info\/index.php?rest_route=\/wp\/v2\/users\/1"}],"replies":[{"embeddable":true,"href":"https:\/\/archiviogioia.lavocedelpaese.info\/index.php?rest_route=%2Fwp%2Fv2%2Fcomments&post=42682"}],"version-history":[{"count":0,"href":"https:\/\/archiviogioia.lavocedelpaese.info\/index.php?rest_route=\/wp\/v2\/posts\/42682\/revisions"}],"wp:attachment":[{"href":"https:\/\/archiviogioia.lavocedelpaese.info\/index.php?rest_route=%2Fwp%2Fv2%2Fmedia&parent=42682"}],"wp:term":[{"taxonomy":"category","embeddable":true,"href":"https:\/\/archiviogioia.lavocedelpaese.info\/index.php?rest_route=%2Fwp%2Fv2%2Fcategories&post=42682"},{"taxonomy":"post_tag","embeddable":true,"href":"https:\/\/archiviogioia.lavocedelpaese.info\/index.php?rest_route=%2Fwp%2Fv2%2Ftags&post=42682"}],"curies":[{"name":"wp","href":"https:\/\/api.w.org\/{rel}","templated":true}]}}