{"id":42777,"date":"2013-08-18T08:03:52","date_gmt":"2013-08-18T08:03:52","guid":{"rendered":"https:\/\/archiviogioia.lavocedelpaese.info\/?p=42777"},"modified":"2013-08-18T08:03:52","modified_gmt":"2013-08-18T08:03:52","slug":"volley-pasquale-gabriele-in-a1-sognando-la-nazionale-3","status":"publish","type":"post","link":"https:\/\/archiviogioia.lavocedelpaese.info\/?p=42777","title":{"rendered":"VOLLEY. PASQUALE GABRIELE IN A1 SOGNANDO LA NAZIONALE"},"content":{"rendered":"<p><a title=\"pasquale gabriele volley A1 di LA VOCE DEL PAESE, su Flickr\" href=\"http:\/\/www.flickr.com\/photos\/91470992@N02\/9535286927\/\"><img loading=\"lazy\" decoding=\"async\" style=\"display: block; margin-left: auto; margin-right: auto;\" src=\"http:\/\/farm6.staticflickr.com\/5515\/9535286927_fb3509db75_n.jpg\" alt=\"pasquale gabriele volley A1\" width=\"320\" height=\"240\" \/><\/a><\/p>\n<p><!--more--><\/p>\n<p style=\"text-align: justify;\"><a title=\"pasquale gabriele volley A1 di LA VOCE DEL PAESE, su Flickr\" href=\"http:\/\/www.flickr.com\/photos\/91470992@N02\/9538065296\/\"><img loading=\"lazy\" decoding=\"async\" style=\"margin: 4px; float: left;\" src=\"http:\/\/farm4.staticflickr.com\/3789\/9538065296_4ebdd5bd76_n.jpg\" alt=\"pasquale gabriele volley A1\" width=\"241\" height=\"340\" \/><\/a><strong>Nel mentre il Team Volley J\u00f2ya approda in B2<\/strong> con tanti giovani dalle belle speranze, <strong>Pasquale Gabriele, gioiese 22enne<\/strong>, attaccante di 203 centimetri, <strong>cerca la definitiva consacrazione in A1 <\/strong>con la Marmi Lanza Verona.<\/p>\n<p style=\"text-align: justify;\"><strong>La scorsa stagione ha giocato in A2 con l&#8217;Atripalda Avellino<\/strong>, squadra con la quale ha giocato qualche partita contribuendo anche alla conquista della Coppa Italia. <strong>E pensare che nel 2007-2008<\/strong>, dopo una breve esperienza con il calcio, <strong>aveva iniziato a giocare a pallavolo nelle giovanili del Gioia del Colle Volley<\/strong>. Periodo nel quale la prima squadra aveva ottenuto la promozione <strong>in A1<\/strong> <strong>sotto la guida dell\u2019allenatore Di Pinto<\/strong>. Si mise subito in mostra, partecipando alle selezioni regionali. <strong>A seguire due stagioni in B2 con la Lube Macerata<\/strong> <strong>e tre anni passati in serie A2 col Club Italia<\/strong>. Una splendida vetrina per il giovane gioiese.<\/p>\n<p style=\"text-align: justify;\"><strong>Avrebbe potuto continuare l&#8217;esperienza in azzurro<\/strong> con la partecipazione ai Giochi del Mediterraneo, sotto la guida di Andrea Giani, <strong>ma \u00e8 stato bloccato da un infortunio<\/strong> alla caviglia. <strong>Il suo obiettivo?<\/strong> Come lui stesso afferma \u201c<strong>puntare alla nazionale maggiore<\/strong>, se me lo merito. Sotto questo aspetto, giocare a Verona sar\u00e0 per me fondamentale\u201d.<\/p>\n<p style=\"text-align: justify;\"><strong>A Pasquale Gabriele un sincero in bocca al lupo<\/strong>, da parte di tutta la Redazione di GioiaNet, affinch\u00e9 possa raggiungere tutti i traguardi che si \u00e8 prefisso. E ci riuscir\u00e0, ne siamo certi, <strong>senza dimenticare le sue origini<\/strong>. E a ricordarglielo provveder\u00e0 sicuramente la sua fidanzata, anche lei gioiese. Come dire, <strong>con la testa a Verona ma con il cuore a Gioia del Colle<\/strong>.<\/p>\n<p style=\"text-align: right;\">(fonte larena)<\/p>\n<p>Per scaricare il <strong>&#8220;curriculum&#8221; sportivo di Pasquale Gabriele<\/strong>, <a href=\"https:\/\/archiviogioia.lavocedelpaese.info\/wp-content\/uploads\/2013\/08\/legavolley-atleta_-pasquale-gabriele.pdf\">clicca qui<\/a>.<\/p>\n","protected":false},"excerpt":{"rendered":"","protected":false},"author":1,"featured_media":0,"comment_status":"open","ping_status":"closed","sticky":false,"template":"","format":"standard","meta":{"colormag_page_container_layout":"default_layout","colormag_page_sidebar_layout":"default_layout","footnotes":""},"categories":[5],"tags":[],"class_list":["post-42777","post","type-post","status-publish","format-standard","hentry","category-sport"],"_links":{"self":[{"href":"https:\/\/archiviogioia.lavocedelpaese.info\/index.php?rest_route=\/wp\/v2\/posts\/42777","targetHints":{"allow":["GET"]}}],"collection":[{"href":"https:\/\/archiviogioia.lavocedelpaese.info\/index.php?rest_route=\/wp\/v2\/posts"}],"about":[{"href":"https:\/\/archiviogioia.lavocedelpaese.info\/index.php?rest_route=\/wp\/v2\/types\/post"}],"author":[{"embeddable":true,"href":"https:\/\/archiviogioia.lavocedelpaese.info\/index.php?rest_route=\/wp\/v2\/users\/1"}],"replies":[{"embeddable":true,"href":"https:\/\/archiviogioia.lavocedelpaese.info\/index.php?rest_route=%2Fwp%2Fv2%2Fcomments&post=42777"}],"version-history":[{"count":0,"href":"https:\/\/archiviogioia.lavocedelpaese.info\/index.php?rest_route=\/wp\/v2\/posts\/42777\/revisions"}],"wp:attachment":[{"href":"https:\/\/archiviogioia.lavocedelpaese.info\/index.php?rest_route=%2Fwp%2Fv2%2Fmedia&parent=42777"}],"wp:term":[{"taxonomy":"category","embeddable":true,"href":"https:\/\/archiviogioia.lavocedelpaese.info\/index.php?rest_route=%2Fwp%2Fv2%2Fcategories&post=42777"},{"taxonomy":"post_tag","embeddable":true,"href":"https:\/\/archiviogioia.lavocedelpaese.info\/index.php?rest_route=%2Fwp%2Fv2%2Ftags&post=42777"}],"curies":[{"name":"wp","href":"https:\/\/api.w.org\/{rel}","templated":true}]}}