{"id":42779,"date":"2013-08-19T06:07:50","date_gmt":"2013-08-19T06:07:50","guid":{"rendered":"https:\/\/archiviogioia.lavocedelpaese.info\/?p=42779"},"modified":"2013-08-19T06:07:50","modified_gmt":"2013-08-19T06:07:50","slug":"corsi-specializzazione-sostegno-ministro-firma-decreto","status":"publish","type":"post","link":"https:\/\/archiviogioia.lavocedelpaese.info\/?p=42779","title":{"rendered":"SPECIALIZZAZIONE SOSTEGNO. MINISTRO FIRMA DECRETO"},"content":{"rendered":"<p><a title=\"ministro-istruzione-carrozza di LA VOCE DEL PAESE, su Flickr\" href=\"http:\/\/www.flickr.com\/photos\/91470992@N02\/9544061331\/\"><img loading=\"lazy\" decoding=\"async\" style=\"display: block; margin-left: auto; margin-right: auto;\" src=\"http:\/\/farm8.staticflickr.com\/7369\/9544061331_05cd774961_n.jpg\" alt=\"ministro-istruzione-carrozza\" width=\"320\" height=\"240\" \/><\/a><\/p>\n<p><!--more--><\/p>\n<p style=\"text-align: justify;\"><a title=\"insegnante-alunni di LA VOCE DEL PAESE, su Flickr\" href=\"http:\/\/www.flickr.com\/photos\/91470992@N02\/9546841074\/\"><img loading=\"lazy\" decoding=\"async\" style=\"margin: 4px; float: left;\" src=\"http:\/\/farm8.staticflickr.com\/7344\/9546841074_0e7b3620e7_n.jpg\" alt=\"insegnante-alunni\" width=\"340\" height=\"227\" \/><\/a><strong>Il Ministro Carrozza ha firmato<\/strong> per <strong>il decreto che autorizza gli atenei a organizzare corsi per la specializzazione al sostegno per l&#8217;a.s. 2013\/14<\/strong>.&nbsp;I posti autorizzati sono 1.285 per la scuola di infanzia, 1.826 per la scuola primaria, 1.753 per la scuola secondaria di I grado, 1.534 per la scuola secondaria di II grado. Prevista una <strong>prova di accesso selettiva<\/strong>.<\/p>\n<p style=\"text-align: justify;\"><a href=\"http:\/\/diventareinsegnanti.orizzontescuola.it\/2013\/08\/17\/posti-per-il-corso-di-formazione-per-la-specializzazione-sostegno-201314\/\">La tabella con i posti divisi per regione ed Universit\u00e0<\/a><\/p>\n<p style=\"text-align: justify;\"><a href=\"http:\/\/banner.orizzontescuola.it\/decreto-ministeriale-706-del-9-agosto-2013-posti-disponibili-specializzazione-sostegno-2013-2014.pdf\">Il decreto 09 agosto 2013&nbsp;<\/a><\/p>\n<p style=\"text-align: justify;\"><a href=\"http:\/\/diventareinsegnanti.orizzontescuola.it\/2012\/04\/03\/decreto-per-acquisire-la-specializzazione-sul-sostegno\/\">Il decreto 30 settembre 2011: modalit\u00e0 per accedere ai corsi di sostegno<\/a><\/p>\n<p style=\"text-align: center;\" align=\"center\">&#8212;&#8212;&#8212;&#8212;&#8212;&#8212;<\/p>\n<p style=\"text-align: center;\" align=\"center\"><strong><span style=\"font-size: 14pt;\">Testo Decreto<\/span><\/strong><\/p>\n<p style=\"text-align: justify;\"><strong><span>VISTA<\/span><\/strong><span> la legge 5 febbraio 1992, n. 104, &#8220;Legge-quadro per l&#8217;assistenza, l&#8217;integrazione sociale e i diritti delle persone handicappate&#8221; e successive modificazioni;<\/span><\/p>\n<p style=\"text-align: justify;\"><strong><span>VISTA<\/span><\/strong><span> la legge 8 ottobre 2010, n. 170 &#8220;Norme in materia di disturbi specifici di apprendimento in ambito scolastico&#8221; e, in particolare l&#8217;articolo 5, comma 4;<\/span><\/p>\n<p style=\"text-align: justify;\"><strong><span>VISTO<\/span><\/strong><span> il decreto-legge 16 maggio 2008, n.85 convertito dalla legge 14 luglio 2008, n. 121 recante disposizioni urgenti per l&#8217;adeguamento delle strutture di Governo in applicazione dell&#8217;art.1, commi 376 e 377, della legge 24 dicembre 2007, n. 244&#8243; e, in particolare, l&#8217;art.1, comma 5;<\/span><\/p>\n<p style=\"text-align: justify;\"><strong><span>VISTO<\/span><\/strong><span> il decreto del Ministro dell&#8217;istruzione, dell&#8217;universit\u00e0 e della ricerca 10 settembre 2010, n.249 recante regolamento concernente &#8220;Definizione della disciplina dei requisiti e delle modalit\u00e0 della formazione iniziale degli insegnanti della scuola dell&#8217;infanzia, della scuola primaria e della scuola secondaria di primo e secondo grado, ai sensi dell&#8217;art.2, comma 416, della legge 24 dicembre 2007, n.244&#8221; e successive integrazioni e modificazioni, in particolare, gli articoli 5 e 13;<\/span><\/p>\n<p style=\"text-align: justify;\"><strong><span>VISTO<\/span><\/strong><span> il decreto del Ministro dell&#8217;istruzione, dell&#8217;universit\u00e0 e della ricerca 30 settembre 2011 recante &#8220;Criteri e modalit\u00e0 per lo svolgimento dei corsi di formazione per il conseguimento della specializzazione per le attivit\u00e0 di sostegno, ai sensi degli articoli 5 e 13 del decreto 10 settembre 2010, n. 249&#8221; e in particolare l&#8217;articolo 3 in cui sono definiti i requisiti di attivazione di tali percorsi formativi ;<\/span><\/p>\n<p style=\"text-align: justify;\"><strong><span>VISTA<\/span><\/strong><span> l&#8217;offerta formativa in termini di numero programmato di immatricolazioni all&#8217;anno accademico 2013\/14, deliberata dagli organi accademici di ciascun Ateneo;<\/span><\/p>\n<p style=\"text-align: justify;\"><strong><span>VISTO<\/span><\/strong><span> il fabbisogno di docenti in possesso della specializzazione per le attivit\u00e0 di sostegno didattico agli alunni con disabilit\u00e0 per il triennio 2012-2014, comunicato dalla Direzione del personale scolastico con nota n.7540 del 9 ottobre 2012;<\/span><\/p>\n<p style=\"text-align: justify;\"><strong><span>CONSIDERATO<\/span><\/strong><span> che i percorsi di formazione per il conseguimento della specializzazione per l&#8217;attivit\u00e0 di sostegno didattico agli alunni con disabilit\u00e0 di cui al D.M. n. 249\/2010 citato in premessa sono attivati per la prima volta nell&#8217;anno accademico 2013\/2014;<\/span><\/p>\n<p style=\"text-align: justify;\"><strong><span>RITENUTO<\/span><\/strong><span> pertanto di considerare in fase di programmazione il fabbisogno complessivo degli anni accademici 2012\/13 e 2013\/14;<\/span><\/p>\n<p style=\"text-align: justify;\"><strong><span>CONSIDERATO<\/span><\/strong><span> che tale fabbisogno professionale risulta superiore all&#8217;offerta formativa deliberata dagli Atenei;<\/span><\/p>\n<p style=\"text-align: justify;\"><strong><span>RITENUTO<\/span><\/strong><span> di determinare per l&#8217;anno accademico 2013\/2014 il numero dei posti disponibili a livello nazionale per l&#8217;ammissione ai percorsi di formazione per il conseguimento della specializzazione per l&#8217;attivit\u00e0 di sostegno didattico agli alunni con disabilit\u00e0, confermando l&#8217;offerta formativa deliberata dagli Atenei;<\/span><\/p>\n<p style=\"text-align: center;\" align=\"center\"><strong><span>D E C R E T A:<\/span><\/strong><\/p>\n<p style=\"text-align: justify;\"><strong><span>Art. 1<\/span><\/strong><\/p>\n<p style=\"text-align: justify;\"><span>1. Ciascuna universit\u00e0 \u00e8 autorizzata ad attivare nell&#8217;a.a. 2013\/14 i percorsi di formazione per il conseguimento della specializzazione per l&#8217;attivit\u00e0 di sostegno didattico agli alunni con disabilit\u00e0, nei limiti dei posti<\/span><\/p>\n<p style=\"text-align: justify;\"><span>2. Con riferimento all&#8217;anno accademico 2013\/2014, i posti disponibili a livello nazionale per l&#8217;ammissione ai percorsi di formazione per il conseguimento della specializzazione per l&#8217;attivit\u00e0 di sostegno didattico agli alunni con disabilit\u00e0 sono definiti in numero di 1.285 per la scuola di infanzia, 1.826 per la scuola primaria, 1.753 per la scuola secondaria di primo grado, 1.534 per la scuola secondaria di secondo grado, ripartiti fra le Universit\u00e0 secondo la tabella allegata che costituisce&nbsp; parte integrante del presente decreto.<\/span><\/p>\n<p style=\"text-align: justify;\"><strong><span>Art.2<\/span><\/strong><\/p>\n<p style=\"text-align: justify;\"><span>1. Ciascuna universit\u00e0 dispone l&#8217;ammissione dei candidati secondo le modalit\u00e0 previste dal DM 30 settembre 2011 citato in premessa.<\/span><\/p>\n<p style=\"text-align: justify;\"><span>Il presente decreto \u00e8 pubblicato nella Gazzetta Ufficiale della Repubblica Italiana.<\/span><\/p>\n<p style=\"text-align: justify;\"><span>Roma, 9 agosto 2013<\/span><\/p>\n<p style=\"text-align: justify;\"><span>IL MINISTRO<\/span><\/p>\n<p style=\"text-align: justify;\"><strong><span>f.to<\/span><\/strong><\/p>\n<p style=\"text-align: justify;\"><strong><span>Maria Chiara Carrozza<\/span><\/strong><\/p>\n<p>&nbsp;<\/p>\n","protected":false},"excerpt":{"rendered":"","protected":false},"author":1,"featured_media":0,"comment_status":"open","ping_status":"closed","sticky":false,"template":"","format":"standard","meta":{"colormag_page_container_layout":"default_layout","colormag_page_sidebar_layout":"default_layout","footnotes":""},"categories":[7],"tags":[],"class_list":["post-42779","post","type-post","status-publish","format-standard","hentry","category-attualita"],"_links":{"self":[{"href":"https:\/\/archiviogioia.lavocedelpaese.info\/index.php?rest_route=\/wp\/v2\/posts\/42779","targetHints":{"allow":["GET"]}}],"collection":[{"href":"https:\/\/archiviogioia.lavocedelpaese.info\/index.php?rest_route=\/wp\/v2\/posts"}],"about":[{"href":"https:\/\/archiviogioia.lavocedelpaese.info\/index.php?rest_route=\/wp\/v2\/types\/post"}],"author":[{"embeddable":true,"href":"https:\/\/archiviogioia.lavocedelpaese.info\/index.php?rest_route=\/wp\/v2\/users\/1"}],"replies":[{"embeddable":true,"href":"https:\/\/archiviogioia.lavocedelpaese.info\/index.php?rest_route=%2Fwp%2Fv2%2Fcomments&post=42779"}],"version-history":[{"count":0,"href":"https:\/\/archiviogioia.lavocedelpaese.info\/index.php?rest_route=\/wp\/v2\/posts\/42779\/revisions"}],"wp:attachment":[{"href":"https:\/\/archiviogioia.lavocedelpaese.info\/index.php?rest_route=%2Fwp%2Fv2%2Fmedia&parent=42779"}],"wp:term":[{"taxonomy":"category","embeddable":true,"href":"https:\/\/archiviogioia.lavocedelpaese.info\/index.php?rest_route=%2Fwp%2Fv2%2Fcategories&post=42779"},{"taxonomy":"post_tag","embeddable":true,"href":"https:\/\/archiviogioia.lavocedelpaese.info\/index.php?rest_route=%2Fwp%2Fv2%2Ftags&post=42779"}],"curies":[{"name":"wp","href":"https:\/\/api.w.org\/{rel}","templated":true}]}}