{"id":42793,"date":"2013-08-19T06:33:29","date_gmt":"2013-08-19T06:33:29","guid":{"rendered":"https:\/\/archiviogioia.lavocedelpaese.info\/?p=42793"},"modified":"2013-08-19T06:33:29","modified_gmt":"2013-08-19T06:33:29","slug":"new-volley-gioia-confermata-federica-imperatore-2","status":"publish","type":"post","link":"https:\/\/archiviogioia.lavocedelpaese.info\/?p=42793","title":{"rendered":"NEW VOLLEY GIOIA. CONFERMATA FEDERICA IMPERATORE"},"content":{"rendered":"<p><a title=\"new-volley-altamura di LA VOCE DEL PAESE, su Flickr\" href=\"http:\/\/www.flickr.com\/photos\/91470992@N02\/9545880235\/\"><img loading=\"lazy\" decoding=\"async\" style=\"display: block; margin-left: auto; margin-right: auto;\" src=\"http:\/\/farm4.staticflickr.com\/3755\/9545880235_5e4f5df028.jpg\" alt=\"new-volley-altamura\" width=\"320\" height=\"240\" \/><\/a><\/p>\n<p><!--more--><\/p>\n<p style=\"text-align: justify;\"><a title=\"Imperatore FedericaCUORE (Custom) di LA VOCE DEL PAESE, su Flickr\" href=\"http:\/\/www.flickr.com\/photos\/91470992@N02\/9548668070\/\"><img loading=\"lazy\" decoding=\"async\" style=\"margin: 4px; float: left;\" src=\"http:\/\/farm8.staticflickr.com\/7291\/9548668070_4666341084_n.jpg\" alt=\"Imperatore FedericaCUORE (Custom)\" width=\"243\" height=\"340\" \/><\/a><strong>Si avvicina velocemente il giorno dello start-up del nuovo anno agonistico per la serie C del presidente Giuseppe Cuscito.<\/strong><\/p>\n<p style=\"text-align: justify;\">Per quanto concerne la rosa della serie C, \u00e8 stata <strong>ufficializzata la riconferma di Federica Imperatore<\/strong>, finalizzato a rafforzare il reparto dei posti 3.<\/p>\n<p style=\"text-align: justify;\">Prospettato il programma \u00e8 stata subito raggiunta l\u00b4intesa che lega alla New Volley Gioia la giovane centrale&nbsp;<strong>che<\/strong>, il prossimo anno sportivo, <strong>vestir\u00e0 e difender\u00e0 ancora i colori bianco-azzurri<\/strong> del Gioia.&nbsp;<\/p>\n<p style=\"text-align: justify;\">Sicuramente parliamo di <strong>un\u00b4atleta responsabile e fisicamente molto dotata<\/strong> proveniente da un campionato disputato in crescendo. Ragazza <strong>di sicura garanzia per coach Michele Ironico<\/strong>, che contribuir\u00e0 con le sue potenzialit\u00e0 al raggiungimento degli obiettivi prefissati dalla societ\u00e0.<\/p>\n<p style=\"text-align: justify;\"><i>&#8220;Sono entusiasta di essere qui per il secondo anno consecutivo.<\/i>&nbsp;&#8211; commenta&nbsp;<strong>Federica Imperatore&nbsp;<\/strong>&#8211;&nbsp;<i>Dal primo anno a Gioia ho imparato molto e spero di continuare a crescere per raggiungere gli obiettivi previsti dalla societ\u00e0 e ripetere l\u00b4esperienza dello scorso anno con un finale diverso magari. Ringrazio la societ\u00e0 per l\u00b4opportunit\u00e0 che mi \u00e8 stata data e cercher\u00f2 di fare del mio meglio per la squadra!&#8221;<\/i><\/p>\n<p style=\"text-align: justify;\">Tutta la societ\u00e0 e lo staff tecnico, d\u00e0 il suo pi\u00f9 caloroso bentornato al centrale di Taranto e le augura un anno ricco di soddisfazioni!<\/p>\n<p style=\"text-align: right;\" align=\"right\">Fonte:&nbsp;<strong>ufficio stampa<\/strong><\/p>\n<p>&nbsp;<\/p>\n","protected":false},"excerpt":{"rendered":"","protected":false},"author":1,"featured_media":0,"comment_status":"open","ping_status":"closed","sticky":false,"template":"","format":"standard","meta":{"colormag_page_container_layout":"default_layout","colormag_page_sidebar_layout":"default_layout","footnotes":""},"categories":[5],"tags":[],"class_list":["post-42793","post","type-post","status-publish","format-standard","hentry","category-sport"],"_links":{"self":[{"href":"https:\/\/archiviogioia.lavocedelpaese.info\/index.php?rest_route=\/wp\/v2\/posts\/42793","targetHints":{"allow":["GET"]}}],"collection":[{"href":"https:\/\/archiviogioia.lavocedelpaese.info\/index.php?rest_route=\/wp\/v2\/posts"}],"about":[{"href":"https:\/\/archiviogioia.lavocedelpaese.info\/index.php?rest_route=\/wp\/v2\/types\/post"}],"author":[{"embeddable":true,"href":"https:\/\/archiviogioia.lavocedelpaese.info\/index.php?rest_route=\/wp\/v2\/users\/1"}],"replies":[{"embeddable":true,"href":"https:\/\/archiviogioia.lavocedelpaese.info\/index.php?rest_route=%2Fwp%2Fv2%2Fcomments&post=42793"}],"version-history":[{"count":0,"href":"https:\/\/archiviogioia.lavocedelpaese.info\/index.php?rest_route=\/wp\/v2\/posts\/42793\/revisions"}],"wp:attachment":[{"href":"https:\/\/archiviogioia.lavocedelpaese.info\/index.php?rest_route=%2Fwp%2Fv2%2Fmedia&parent=42793"}],"wp:term":[{"taxonomy":"category","embeddable":true,"href":"https:\/\/archiviogioia.lavocedelpaese.info\/index.php?rest_route=%2Fwp%2Fv2%2Fcategories&post=42793"},{"taxonomy":"post_tag","embeddable":true,"href":"https:\/\/archiviogioia.lavocedelpaese.info\/index.php?rest_route=%2Fwp%2Fv2%2Ftags&post=42793"}],"curies":[{"name":"wp","href":"https:\/\/api.w.org\/{rel}","templated":true}]}}