{"id":42794,"date":"2013-08-20T13:11:39","date_gmt":"2013-08-20T13:11:39","guid":{"rendered":"https:\/\/archiviogioia.lavocedelpaese.info\/?p=42794"},"modified":"2013-08-20T13:11:39","modified_gmt":"2013-08-20T13:11:39","slug":"marco-donatone-su-ra1-con-il-suo-incontenibile-foto","status":"publish","type":"post","link":"https:\/\/archiviogioia.lavocedelpaese.info\/?p=42794","title":{"rendered":"MARCO DONATONE SU RA1 CON IL SUO \u201cIN\u2026CONTE\u2026NIBILE\u201d-foto"},"content":{"rendered":"<p><a title=\"l'&quot;in...conte...nibile&quot; di marco donatone di LA VOCE DEL PAESE, su Flickr\" href=\"http:\/\/www.flickr.com\/photos\/91470992@N02\/9556035914\/\"><img loading=\"lazy\" decoding=\"async\" style=\"display: block; margin-left: auto; margin-right: auto;\" src=\"http:\/\/farm8.staticflickr.com\/7366\/9556035914_7f5eaca850_n.jpg\" alt=\"l'&quot;in...conte...nibile&quot; di marco donatone\" width=\"320\" height=\"240\" \/><\/a><\/p>\n<p><!--more--><\/p>\n<p style=\"text-align: justify;\"><a title=\"l'&quot;in...conte...nibile&quot; di marco donatone di LA VOCE DEL PAESE, su Flickr\" href=\"http:\/\/www.flickr.com\/photos\/91470992@N02\/9553247731\/\"><img loading=\"lazy\" decoding=\"async\" style=\"margin: 4px; float: left;\" src=\"http:\/\/farm8.staticflickr.com\/7446\/9553247731_dec21759b7_n.jpg\" alt=\"l'&quot;in...conte...nibile&quot; di marco donatone\" width=\"255\" height=\"340\" \/><\/a><span><strong>Domenica, 18 agosto 2013, all\u2019Olimpico di Roma<\/strong>, nella sfida di Supercoppa di calcio tra Juventus e Lazio, <strong>c\u2019era anche il gioiese Marco Donatone<\/strong> con la sua bandiera. <strong>Unico tifoso juventino a rappresentare Gioia del Colle nella curva Sud<\/strong>. Una minuscola parte, tra le migliaia di tifosi presenti nello stadio, che <strong>piano piano si fa strada fino a diventare il simbolo di questa grande squadra<\/strong>, che stende senza piet\u00e0 i suoi avversari con un secco e perentorio 4 a 0. <\/span><\/p>\n<p style=\"text-align: justify;\"><span><strong>Una bandiera tra le tante, ma tanto geniale nella sua semplicit\u00e0, da meritare pi\u00f9 volte il primo piano delle telecamere di Rai 1, Sky<\/strong> e non solo. <strong>Uno striscione che inneggia ad un\u2019altra bandiera<\/strong> della lunga storia calcistica della Juve, <strong>Antonio Conte<\/strong>, anche lui <strong>pugliese doc<\/strong>. Ieri calciatore di indiscusse qualit\u00e0, oggi allenatore di una squadra fra le pi\u00f9 vincenti che la storia calcistica annoveri, e non solo italiana.<\/span><\/p>\n<p style=\"text-align: justify;\"><span><strong>Uno striscione apprezzato e ammirato da tutti i tifosi della \u201cVecchia Signora\u201d<\/strong>, presenti dentro e fuori dello stadio con il suo semplice ma beneaugurante \u201c<strong>IN&#8230;CONTE\u2026NIBILE \u2013 Gioia del Colle<\/strong>\u201d, che a risultato acquisito, foriero di altri risultati altrettanto positivi, ha continuato con grande gioia e soddisfazione a sventolare e svettare.<\/span><\/p>\n<p style=\"text-align: justify;\"><span><strong>Ma lasciamo spazio alle parole rilasciateci da Marco<\/strong>, autore di questo striscione, <strong>divenuto in breve tempo il simbolo di tutti i tifosi presenti<\/strong> e assurto agli onori della cronaca sportiva mediatica.<\/span><span><a title=\"l'&quot;in...conte...nibile&quot; di marco donatone di LA VOCE DEL PAESE, su Flickr\" href=\"http:\/\/www.flickr.com\/photos\/91470992@N02\/9556036642\/\"><img loading=\"lazy\" decoding=\"async\" style=\"margin: 4px; float: right;\" src=\"http:\/\/farm4.staticflickr.com\/3826\/9556036642_0e452a3afa_n.jpg\" alt=\"l'&quot;in...conte...nibile&quot; di marco donatone\" width=\"367\" height=\"275\" \/><\/a><\/span><\/p>\n<p style=\"text-align: justify;\"><span>\u201c<strong>La mia \u00e8 una grande passione verso la Juventus<\/strong>, la seguo fin da quando ero bambino, quando mio padre mi portava con lui a vederla a Torino. Da tre anni siamo entrambi abbonati allo Juventus Stadium, e quasi ogni domenica ci spostiamo in tutti gli stadi d&#8217;Italia. <strong>Facciamo parte del gruppo Juventini del Sud<\/strong>, con sede a Bisceglie, e viaggiamo con loro in pullman, furgoni e a volte aerei. Domenica era in programma, a Roma, la finale di Supercoppa tra Lazio e Juve. <strong>Sono partito in pullman alle 11 verso la Capitale<\/strong>, arrivati verso le 16:30 siamo stati controllati dalle forze di polizia al casello autostradale di Roma, e poi via verso lo Stadio Olimpico. Alle 19:30 il nostro ingresso nell\u2019impianto. La partita \u00e8 iniziata alle 21:00. Tra cori per la nostra Juve e sfott\u00f2 verso i laziali inizia la gara e fin da subito la Juve parte forte, supremazia totale. La gara finir\u00e0 4-0 per i bianconeri con successiva premiazione in campo ed alzata della coppa. <strong>All\u201989\u00b0 minuto vengo inquadrato da Rai 1 con il mio stendardo che porto in tutti gli stadi<\/strong>. Altre due volte sono stato ripreso anche da Sky. <strong>Piano piano stiamo diventando famosi<\/strong>. L\u2019idea di quella frase \u00e8 nata di comune accordo <a title=\"l'&quot;in...conte...nibile&quot; di marco donatone di LA VOCE DEL PAESE, su Flickr\" href=\"http:\/\/www.flickr.com\/photos\/91470992@N02\/9556037858\/\"><img loading=\"lazy\" decoding=\"async\" style=\"margin: 4px; float: left;\" src=\"http:\/\/farm3.staticflickr.com\/2884\/9556037858_2f6374f7a6_n.jpg\" alt=\"l'&quot;in...conte...nibile&quot; di marco donatone\" width=\"340\" height=\"176\" \/><\/a> con mio padre. <strong>Ogni volta che lo esibiamo allo stadio si avvicinano tantissime persone per scattare una foto<\/strong>. Adesso siamo pronti per iniziare a macinare km in vista della prima partita in casa di campionato del 31 agosto a Torino. <strong>Alcuni miei amici mi definiscono malato<\/strong>. La mia in effetti \u00e8 una malattia, <strong>non \u00e8 da tutti farsi 1200 km quasi ogni domenica in pullman<\/strong>. La mia \u00e8 una scelta di vita, ho seguito la Juve quando nel 2006 la mandarono in serie B, girandomi gli stadi di Crotone, La Spezia ecc, figuriamoci adesso. <strong>Vorrei ringraziare tutti gli amici di Gioia che si complimentano con me dicendomi<\/strong> <strong>che porto in alto il nome di Gioia del Colle<\/strong>. Sono pronto a tutto pur di seguirla sempre o ovunque. Anche quest\u2019anno sono convinto che faremo un grande campionato e una gran bella figura in Champions. <strong>Fino alla fine, forza Juventus<\/strong>!\u201d<\/span><\/p>\n<p>\n<object data=\"http:\/\/www.flickr.com\/apps\/slideshow\/show.swf?v=124984\" type=\"application\/x-shockwave-flash\" width=\"640\" height=\"480\"><param name=\"flashvars\" value=\"offsite=true&amp;lang=it-it&amp;page_show_url=%2Fphotos%2F91470992%40N02%2Fsets%2F72157635158240300%2Fshow%2F&amp;page_show_back_url=%2Fphotos%2F91470992%40N02%2Fsets%2F72157635158240300%2F&amp;set_id=72157635158240300&amp;jump_to=\" \/><param name=\"movie\" value=\"http:\/\/www.flickr.com\/apps\/slideshow\/show.swf?v=124984\" \/><param name=\"allowFullScreen\" value=\"true\" \/><\/object><\/p>\n","protected":false},"excerpt":{"rendered":"","protected":false},"author":1,"featured_media":0,"comment_status":"open","ping_status":"closed","sticky":false,"template":"","format":"standard","meta":{"colormag_page_container_layout":"default_layout","colormag_page_sidebar_layout":"default_layout","footnotes":""},"categories":[5],"tags":[],"class_list":["post-42794","post","type-post","status-publish","format-standard","hentry","category-sport"],"_links":{"self":[{"href":"https:\/\/archiviogioia.lavocedelpaese.info\/index.php?rest_route=\/wp\/v2\/posts\/42794","targetHints":{"allow":["GET"]}}],"collection":[{"href":"https:\/\/archiviogioia.lavocedelpaese.info\/index.php?rest_route=\/wp\/v2\/posts"}],"about":[{"href":"https:\/\/archiviogioia.lavocedelpaese.info\/index.php?rest_route=\/wp\/v2\/types\/post"}],"author":[{"embeddable":true,"href":"https:\/\/archiviogioia.lavocedelpaese.info\/index.php?rest_route=\/wp\/v2\/users\/1"}],"replies":[{"embeddable":true,"href":"https:\/\/archiviogioia.lavocedelpaese.info\/index.php?rest_route=%2Fwp%2Fv2%2Fcomments&post=42794"}],"version-history":[{"count":0,"href":"https:\/\/archiviogioia.lavocedelpaese.info\/index.php?rest_route=\/wp\/v2\/posts\/42794\/revisions"}],"wp:attachment":[{"href":"https:\/\/archiviogioia.lavocedelpaese.info\/index.php?rest_route=%2Fwp%2Fv2%2Fmedia&parent=42794"}],"wp:term":[{"taxonomy":"category","embeddable":true,"href":"https:\/\/archiviogioia.lavocedelpaese.info\/index.php?rest_route=%2Fwp%2Fv2%2Fcategories&post=42794"},{"taxonomy":"post_tag","embeddable":true,"href":"https:\/\/archiviogioia.lavocedelpaese.info\/index.php?rest_route=%2Fwp%2Fv2%2Ftags&post=42794"}],"curies":[{"name":"wp","href":"https:\/\/api.w.org\/{rel}","templated":true}]}}