{"id":42931,"date":"2013-08-30T20:19:51","date_gmt":"2013-08-30T20:19:51","guid":{"rendered":"https:\/\/archiviogioia.lavocedelpaese.info\/?p=42931"},"modified":"2013-08-30T20:19:51","modified_gmt":"2013-08-30T20:19:51","slug":"porte-dellimperatore-evento-di-livello-nazionale-foto","status":"publish","type":"post","link":"https:\/\/archiviogioia.lavocedelpaese.info\/?p=42931","title":{"rendered":"DA QUESTA SERA SPAZIO ALLE \u201cPORTE DELL\u2019IMPERATORE\u201d-foto"},"content":{"rendered":"<p><a title=\"porte dell'imperatore. conferenza di LA VOCE DEL PAESE, su Flickr\" href=\"http:\/\/www.flickr.com\/photos\/91470992@N02\/9629575047\/\"><img loading=\"lazy\" decoding=\"async\" style=\"display: block; margin-left: auto; margin-right: auto;\" src=\"http:\/\/farm8.staticflickr.com\/7402\/9629575047_3186b4645b_n.jpg\" alt=\"porte dell'imperatore. conferenza\" width=\"320\" height=\"240\" \/><\/a><\/p>\n<p><!--more--><\/p>\n<p style=\"text-align: justify;\"><a title=\"porte dell'imperatore. conferenza di LA VOCE DEL PAESE, su Flickr\" href=\"http:\/\/www.flickr.com\/photos\/91470992@N02\/9629583373\/\"><img loading=\"lazy\" decoding=\"async\" style=\"margin: 4px; float: left;\" src=\"http:\/\/farm4.staticflickr.com\/3759\/9629583373_a4f686a79b_n.jpg\" alt=\"porte dell'imperatore. conferenza\" width=\"340\" height=\"255\" \/><\/a><strong>Apre la serata dedicata alla presentazione delle \u201cPorte dell\u2019Imperatore\u201d<\/strong> &#8211; ospitata nel cuore antico di Gioia, via Petrera, nella cornice del \u201cPanta Rei\u201d -, l\u2019assessore alla Cultura <strong>Piera De Giorgi<\/strong>.<\/p>\n<p style=\"text-align: justify;\">\u201c<strong>Al centro dell\u2019attenzione<\/strong> di questo evento ci sono <strong>fiducia, amore, determinazione<\/strong> nel lavorare in sinergia su un progetto. Nel tempo anche <strong>il modo di stare insieme cambia<\/strong>, si pu\u00f2 collaborare tra istituzioni, <strong>ritrovarci qui con Claudio De Leonardis e Piero Longo lo conferma<\/strong>. La Provincia ha creduto in questo progetto, cos\u00ec come \u00e8 bello che partecipino tante associazioni culturali e musicali. <strong>La sfida cui siamo chiamati \u00e8 dare visibilit\u00e0 e orgoglio al centro storico<\/strong>, <strong>colorarlo, restituirgli vita<\/strong>. I legami tra il passato e il presente vanno rinforzati per rivitalizzare tracce importanti, renderle \u201cattraenti\u201d per i turisti e creare un indotto che ritempri l\u2019economia della citt\u00e0.\u201d<\/p>\n<p style=\"text-align: justify;\"><strong>La parola passa a Mario Pugliese<\/strong>, <strong>presidente di Artensione, uomo e artista del fare<\/strong>,<a title=\"porte dell'imperatore. conferenza di LA VOCE DEL PAESE, su Flickr\" href=\"http:\/\/www.flickr.com\/photos\/91470992@N02\/9629565969\/\"><img loading=\"lazy\" decoding=\"async\" style=\"margin: 4px; float: right;\" src=\"http:\/\/farm3.staticflickr.com\/2822\/9629565969_e80d0f5900_n.jpg\" alt=\"porte dell'imperatore. conferenza\" width=\"340\" height=\"255\" \/><\/a> oltre che del creare, che riesce ad armonizzare le energie di tutti e rendere corale un progetto che altre citt\u00e0 ci invidiano e\u2026 clonano!<\/p>\n<p style=\"text-align: justify;\">\u201c<strong>L\u2019esperienza serve a crescere. L\u2019anno scorso c\u2019\u00e8 stata tanta fatica, quest\u2019anno mi sono divertito<\/strong>. In sintonia con l\u2019Amministrazione e la Provincia abbiamo partecipato al bando, ricevendo fiducia ed <strong>un piccolo finanziamento che ci consente di offrire 200 euro e il rimborso spese agli otto artisti<\/strong>, davvero <strong>un piccolissimo investimento a fronte di opere che arricchiranno non po<\/strong><strong>co il patrimonio artistico della citt\u00e0<\/strong>. Siamo nel centro storico da dieci anni, ci conosciamo eppure non \u00e8 stato facile relazionarsi con i 23 proprietari delle porte dipinte lo scorso anno e far loro comprendere l\u2019importanza del progetto. <strong>Quest\u2019anno sono venuti loro a chiederci di poter dipingere le porte<\/strong><strong> dei locali<\/strong>. Dal lato artistico l\u2019apporto di tutti gli artisti \u00e8 stato prezioso. Quest\u2019anno abbiamo deciso di aprire \u201cle porte\u201d ad un concorso nazionale, per allargare il confronto. All\u2019inizio i bozzetti non erano molti, poi <strong>negli<\/strong><a title=\"porte dell'imperatore. conferenza di LA VOCE DEL PAESE, su Flickr\" href=\"http:\/\/www.flickr.com\/photos\/91470992@N02\/9629555817\/\"><img loading=\"lazy\" decoding=\"async\" style=\"margin: 4px; float: left;\" src=\"http:\/\/farm4.staticflickr.com\/3817\/9629555817_fb0b9543ea_n.jpg\" alt=\"porte dell'imperatore. conferenza\" width=\"340\" height=\"255\" \/><\/a><strong> ultimi giorni ne sono arrivati oltre venti ed \u00e8 stato necessario riunire una commissione per decidere<\/strong>. Gli artisti provengono non solo da Gioia ma <strong>anche da Macerata, Taranto, San<\/strong><strong>teramo, Altamura<\/strong>\u2026\u201d.<\/p>\n<p style=\"text-align: justify;\"><strong>Le novit\u00e0 sono i reading teatrali, il 31 gli amici di AtrebilTeatro, il 1 settembre Laura Colaninno e Fortunato Buttiglione<\/strong> su testi federiciani musicati dal poeta, ed ancora i nostri vicini con il Karaoke. Non ci saranno gruppi musicali ma <strong>nell<\/strong><strong>e vie del centro storico girer\u00e0 \u201cla bann de le fav bianc\u201d<\/strong>, ovviamente non con un repertorio da funerale\u2026 sono tutti giovani musicisti che frequentano il conservatorio e sono bravissimi\u2026 Oggi abbiamo finito di allestire le decorazioni, domani ci godremo la festa!\u201d<\/p>\n<p style=\"text-align: justify;\"><strong>Le decorazioni, foglie di fich<\/strong><strong>i d\u2019india e peperoncini, danzano appese tra i balconi<\/strong>, suggestivo l\u2019accostamento dei colori, l\u2019essenzialit\u00e0 del supporto in legno e spago, <strong>la genialit\u00e0 \u201cscaramantica\u201d dell\u2019allestimento completato da boccacci in vetro legati con fil di ferro, \u201cstabilizzati\u201d con una base di sale grosso<\/strong> e <strong>pronti ad ospitare candele per illuminare le nottate del 31 e 1 settembre<\/strong>.<a title=\"porte dell'imperatore. conferenza di LA VOCE DEL PAESE, su Flickr\" href=\"http:\/\/www.flickr.com\/photos\/91470992@N02\/9629563909\/\"><img loading=\"lazy\" decoding=\"async\" style=\"margin: 4px; float: right;\" src=\"http:\/\/farm4.staticflickr.com\/3833\/9629563909_d3d3705651_n.jpg\" alt=\"porte dell'imperatore. conferenza\" width=\"340\" height=\"255\" \/><\/a><\/p>\n<p style=\"text-align: justify;\">\u201cNon le toglieremo a fine festa &#8211; afferma Mario &#8211; ormai <strong>fanno parte del paesaggio<\/strong>!\u201d<\/p>\n<p style=\"text-align: justify;\">\u201c<strong>A distanza di un anno le opere sono l\u00ec, intatte &#8211; dichiara Claudio De Leonardis<\/strong>, consigliere comunale e provinciale, nonch\u00e9 presidente della Commissione cultura della Provincia di Bari -; <strong>tranne il furto di uno stemma poi restituito<\/strong> (<a href=\"cronaca\/5534-le-porte-dellimperatore-furto-restituito-scudo-foto.html\">LE PORTE DELL\u2019IMPERATORE: FURTO, RESTITUITO SCUDO-foto<\/a>), <strong>non ci sono stati atti vandalici<\/strong>, a conferma che i residenti hanno a cuore le opere. L\u2019idea di base \u00e8 stata portare lavoro e arte a contatto con pi\u00f9 gente possibile, fuori dai luoghi canonici. <strong>E\u2019 questa la soddisfazione principale per un artista<\/strong>. Lo scorso anno a distanza di un mese, alle porte si sono aggiunte le splendide sculture in pietra di Mario Vacca\u2026 <strong>\u00e8 bastata una scintilla per accendere un fuoco\u2026<\/strong> Ringrazio Mario Pugliese per il lavoro puntuale e accurato, anche nel relazionarsi con i proprietari, ne \u00e8 conferma il fatto che di questa iniziativa si sia parlato in tutta la nazione e che artisti di altre regioni a<a title=\"porte dell'imperatore. conferenza di LA VOCE DEL PAESE, su Flickr\" href=\"http:\/\/www.flickr.com\/photos\/91470992@N02\/9632796216\/\"><img loading=\"lazy\" decoding=\"async\" style=\"margin: 4px; float: left;\" src=\"http:\/\/farm8.staticflickr.com\/7358\/9632796216_ae04e5379e_n.jpg\" alt=\"porte dell'imperatore. conferenza\" width=\"340\" height=\"255\" \/><\/a>bbiano partecipato al concorso, uscendo cos\u00ec da una dimensione provinciale\u201d.<\/p>\n<p style=\"text-align: justify;\"><strong>Che le porte siano apprezzate, non vi<\/strong><strong> \u00e8 alcun dubbio<\/strong>, lo conferma un aneddoto raccontato da De Leonardis.<\/p>\n<p style=\"text-align: justify;\">\u201c<strong>L\u2019altro giorno un signore<\/strong>, guardando assorto una delle porte dipinte, <strong>ha esclamato ad alta voce<\/strong>: \u201c<strong>Vale pi\u00f9 la porta del sottano<\/strong>!\u201d e non ho potuto fare a meno di sorridere!\u201d<\/p>\n<p style=\"text-align: justify;\"><strong>Piero Longo<\/strong>, consigliere comunale e presidente del Consiglio provinciale, <strong>nel suo intervento si riconferma \u201cperdutamente innamorato di Gioia!\u201d<\/strong><\/p>\n<p style=\"text-align: justify;\">\u201c<strong>Stasera sono qui per riconoscere il merito di Claudio<\/strong>, senza il cui impegno n\u00e9 la prima n\u00e9 la seconda edizione si sarebbero fatte. <strong>Posso confermare che ha messo in croce l\u2019assessore alla Cultura<\/strong>. E\u2019 fortunato perch\u00e9 ha incontrato un compagno di viaggio innamorato come me della citt\u00e0, Mario Pugliese, fiore all\u2019occhiello per la Provincia e di Gioia\u201d.<a title=\"porte dell'imperatore. conferenza di LA VOCE DEL PAESE, su Flickr\" href=\"http:\/\/www.flickr.com\/photos\/91470992@N02\/9632702800\/\"><img loading=\"lazy\" decoding=\"async\" style=\"margin: 4px; float: right;\" src=\"http:\/\/farm8.staticflickr.com\/7358\/9632702800_8c00b2d278_n.jpg\" alt=\"porte dell'imperatore. conferenza\" width=\"340\" height=\"255\" \/><\/a><\/p>\n<p style=\"text-align: justify;\">\u201c<strong>Oggi, per riuscire nell\u2019intento di promuovere il territorio, occorre fare sistema<\/strong>, al di l\u00e0 delle appartenenze. <strong>Bisognerebbe unire la Festa Federiciana alle Porte per creare un evento che caratterizzi Gioia<\/strong>, altrimenti come far concorrenza ad altre realt\u00e0? Dobbiamo unire iniziative per ottimizzare le risorse e far crescere l\u2019economia locale. Il nostro impegno, per quanto possibile, non verr\u00e0 meno. Ricordo che <strong>il 10 settembre in Piazza D\u2019Andrano la Provincia porter\u00e0 l\u2019Orchestra diretta dal M\u00b0 Morra che eseguir\u00e0 brani napoletani cantati da Mario Rosini<\/strong>\u201d.<\/p>\n<p style=\"text-align: justify;\"><strong>A fine conferenza nelle vie del centro storico alcuni degli artisti verificano le location<\/strong> e proiettano le loro opere sulle porte.<\/p>\n<p style=\"text-align: justify;\"><strong>I residenti si mostrano partecipi e collaborativi<\/strong>, collegano prolunghe alle prese elettriche di casa, osservano dai balconi, suggeriscono soluzioni, confermano di condividere non solo la festa ed il progetto, ma anche piccoli problemi, <strong>divenendo anch\u2019essi protagonisti delle \u201cPorte dell\u2019Imperatore\u201d<\/strong>.<\/p>\n<p>\n<object style=\"display: block; margin-left: auto; margin-right: auto;\" data=\"http:\/\/www.flickr.com\/apps\/slideshow\/show.swf?v=124984\" type=\"application\/x-shockwave-flash\" width=\"640\" height=\"480\"><param name=\"flashvars\" value=\"offsite=true&amp;lang=it-it&amp;page_show_url=%2Fphotos%2F91470992%40N02%2Fsets%2F72157635299827695%2Fshow%2F&amp;page_show_back_url=%2Fphotos%2F91470992%40N02%2Fsets%2F72157635299827695%2F&amp;set_id=72157635299827695&amp;jump_to=\" \/><param name=\"movie\" value=\"http:\/\/www.flickr.com\/apps\/slideshow\/show.swf?v=124984\" \/><param name=\"allowFullScreen\" value=\"true\" \/><\/object><\/p>\n","protected":false},"excerpt":{"rendered":"","protected":false},"author":1,"featured_media":0,"comment_status":"open","ping_status":"closed","sticky":false,"template":"","format":"standard","meta":{"colormag_page_container_layout":"default_layout","colormag_page_sidebar_layout":"default_layout","footnotes":""},"categories":[7],"tags":[],"class_list":["post-42931","post","type-post","status-publish","format-standard","hentry","category-attualita"],"_links":{"self":[{"href":"https:\/\/archiviogioia.lavocedelpaese.info\/index.php?rest_route=\/wp\/v2\/posts\/42931","targetHints":{"allow":["GET"]}}],"collection":[{"href":"https:\/\/archiviogioia.lavocedelpaese.info\/index.php?rest_route=\/wp\/v2\/posts"}],"about":[{"href":"https:\/\/archiviogioia.lavocedelpaese.info\/index.php?rest_route=\/wp\/v2\/types\/post"}],"author":[{"embeddable":true,"href":"https:\/\/archiviogioia.lavocedelpaese.info\/index.php?rest_route=\/wp\/v2\/users\/1"}],"replies":[{"embeddable":true,"href":"https:\/\/archiviogioia.lavocedelpaese.info\/index.php?rest_route=%2Fwp%2Fv2%2Fcomments&post=42931"}],"version-history":[{"count":0,"href":"https:\/\/archiviogioia.lavocedelpaese.info\/index.php?rest_route=\/wp\/v2\/posts\/42931\/revisions"}],"wp:attachment":[{"href":"https:\/\/archiviogioia.lavocedelpaese.info\/index.php?rest_route=%2Fwp%2Fv2%2Fmedia&parent=42931"}],"wp:term":[{"taxonomy":"category","embeddable":true,"href":"https:\/\/archiviogioia.lavocedelpaese.info\/index.php?rest_route=%2Fwp%2Fv2%2Fcategories&post=42931"},{"taxonomy":"post_tag","embeddable":true,"href":"https:\/\/archiviogioia.lavocedelpaese.info\/index.php?rest_route=%2Fwp%2Fv2%2Ftags&post=42931"}],"curies":[{"name":"wp","href":"https:\/\/api.w.org\/{rel}","templated":true}]}}