{"id":42982,"date":"2013-09-03T07:24:39","date_gmt":"2013-09-03T07:24:39","guid":{"rendered":"https:\/\/archiviogioia.lavocedelpaese.info\/?p=42982"},"modified":"2013-09-03T07:24:39","modified_gmt":"2013-09-03T07:24:39","slug":"new-volley-gioia-riprende-ufficialmente-lavventura-2","status":"publish","type":"post","link":"https:\/\/archiviogioia.lavocedelpaese.info\/?p=42982","title":{"rendered":"NEW VOLLEY GIOIA. RIPRENDE L\u2019AVVENTURA SERIE C-foto"},"content":{"rendered":"<p><a title=\"new-volley-gioia-allenamenti di LA VOCE DEL PAESE, su Flickr\" href=\"http:\/\/www.flickr.com\/photos\/91470992@N02\/9669568590\/\"><img loading=\"lazy\" decoding=\"async\" style=\"display: block; margin-left: auto; margin-right: auto;\" src=\"http:\/\/farm6.staticflickr.com\/5511\/9669568590_60cfc5956b.jpg\" alt=\"new-volley-gioia-allenamenti\" width=\"320\" height=\"240\" \/><\/a><\/p>\n<p><!--more--><\/p>\n<p style=\"text-align: justify;\"><a title=\"new volley gioia allenamenti di LA VOCE DEL PAESE, su Flickr\" href=\"http:\/\/www.flickr.com\/photos\/91470992@N02\/9669499490\/\"><img loading=\"lazy\" decoding=\"async\" style=\"margin: 4px; float: left;\" src=\"http:\/\/farm6.staticflickr.com\/5546\/9669499490_8d9aa8e3c7_n.jpg\" alt=\"new volley gioia allenamenti\" width=\"252\" height=\"350\" \/><\/a>Ieri, 2 settembre 2013, <strong>con il primo allenamento<\/strong> sostenuto al Pala Kouznetsov, <strong>\u00e8 iniziata ufficialmente l\u00b4avventura della<\/strong> <strong>New Volley Gioia 2013-2014<\/strong>.<\/p>\n<p style=\"text-align: justify;\"><strong>In campo le ragazze biancoazzurre che prenderanno parte al prossimo campionato di serie C<\/strong>, <strong>guidate dal coach<\/strong> <strong>Michele Ironico<\/strong> e dai due assist-coach <strong>Mimmo Cici<\/strong> e <strong>Danilo Milano<\/strong>.<\/p>\n<p style=\"text-align: justify;\"><strong>La preparazione ha avuto inizio prima in sala pesi<\/strong> e, poi, eseguendo esercizi di potenziamento fisico e aerobico seguiti da brevi esercizi con il pallone rispolverando, cos\u00ec, la tecnica di base. Un allenamento svolto dalle proprie beniamine <strong>sotto lo sguardo attento del proprio staff dirigenziale e dei fedelissimi Ultras<\/strong>, i quali saranno anche quest\u00b4anno protagonisti assoluti di un campionato che si prospetta abbastanza avvincente.<\/p>\n<p style=\"text-align: justify;\">La parola passa al team-manager <strong>Francesco Galatola<\/strong> al suo ventunesimo anno in panchina come dirigente accompagnatore: <i>&#8220;Abbiamo costruito una squadra che \u00e8 un mix giusto tra giocatrici esperte della categoria e giovani promettenti. Di certo un obiettivo principe \u00e8 quello di far crescere le nostre giovani ma, senza tralasciare i traguardi prefissati dalla societ\u00e0&#8221;<\/i><span>.<\/span><\/p>\n<p style=\"text-align: justify;\"><strong>Nei prossimi giorni saranno divulgati gli interi organici<\/strong> dirigenziali e parco giocatrici per la stagione 2013-14.<\/p>\n<p style=\"text-align: right;\">Fonte: <strong>ufficio stampa &#8211; Vincenzo Cuscito<\/strong><\/p>\n<p style=\"text-align: justify;\">Scatti fotografici a cura di <strong>Cataldo Liuzzi<\/strong>.<\/p>\n<p>\n<object style=\"display: block; margin-left: auto; margin-right: auto;\" data=\"http:\/\/www.flickr.com\/apps\/slideshow\/show.swf?v=124984\" type=\"application\/x-shockwave-flash\" width=\"640\" height=\"480\"><param name=\"flashvars\" value=\"offsite=true&amp;lang=it-it&amp;page_show_url=%2Fphotos%2F91470992%40N02%2Fsets%2F72157635373734986%2Fshow%2F&amp;page_show_back_url=%2Fphotos%2F91470992%40N02%2Fsets%2F72157635373734986%2F&amp;set_id=72157635373734986&amp;jump_to=\" \/><param name=\"movie\" value=\"http:\/\/www.flickr.com\/apps\/slideshow\/show.swf?v=124984\" \/><param name=\"allowFullScreen\" value=\"true\" \/><\/object><\/p>\n","protected":false},"excerpt":{"rendered":"","protected":false},"author":1,"featured_media":0,"comment_status":"open","ping_status":"closed","sticky":false,"template":"","format":"standard","meta":{"colormag_page_container_layout":"default_layout","colormag_page_sidebar_layout":"default_layout","footnotes":""},"categories":[5],"tags":[],"class_list":["post-42982","post","type-post","status-publish","format-standard","hentry","category-sport"],"_links":{"self":[{"href":"https:\/\/archiviogioia.lavocedelpaese.info\/index.php?rest_route=\/wp\/v2\/posts\/42982","targetHints":{"allow":["GET"]}}],"collection":[{"href":"https:\/\/archiviogioia.lavocedelpaese.info\/index.php?rest_route=\/wp\/v2\/posts"}],"about":[{"href":"https:\/\/archiviogioia.lavocedelpaese.info\/index.php?rest_route=\/wp\/v2\/types\/post"}],"author":[{"embeddable":true,"href":"https:\/\/archiviogioia.lavocedelpaese.info\/index.php?rest_route=\/wp\/v2\/users\/1"}],"replies":[{"embeddable":true,"href":"https:\/\/archiviogioia.lavocedelpaese.info\/index.php?rest_route=%2Fwp%2Fv2%2Fcomments&post=42982"}],"version-history":[{"count":0,"href":"https:\/\/archiviogioia.lavocedelpaese.info\/index.php?rest_route=\/wp\/v2\/posts\/42982\/revisions"}],"wp:attachment":[{"href":"https:\/\/archiviogioia.lavocedelpaese.info\/index.php?rest_route=%2Fwp%2Fv2%2Fmedia&parent=42982"}],"wp:term":[{"taxonomy":"category","embeddable":true,"href":"https:\/\/archiviogioia.lavocedelpaese.info\/index.php?rest_route=%2Fwp%2Fv2%2Fcategories&post=42982"},{"taxonomy":"post_tag","embeddable":true,"href":"https:\/\/archiviogioia.lavocedelpaese.info\/index.php?rest_route=%2Fwp%2Fv2%2Ftags&post=42982"}],"curies":[{"name":"wp","href":"https:\/\/api.w.org\/{rel}","templated":true}]}}