{"id":43041,"date":"2013-09-08T08:16:27","date_gmt":"2013-09-08T08:16:27","guid":{"rendered":"https:\/\/archiviogioia.lavocedelpaese.info\/?p=43041"},"modified":"2013-09-08T08:16:27","modified_gmt":"2013-09-08T08:16:27","slug":"ippolita-lazazzera-neo-dirigente-ic-losapio-sf-neri","status":"publish","type":"post","link":"https:\/\/archiviogioia.lavocedelpaese.info\/?p=43041","title":{"rendered":"IPPOLITA LAZAZZERA. DIRIGENTE I.C. \u201cLOSAPIO SF NERI\u201d"},"content":{"rendered":"<p><a title=\"ippolita-lazazzera neo dirigente sf neri di LA VOCE DEL PAESE, su Flickr\" href=\"http:\/\/www.flickr.com\/photos\/91470992@N02\/9697190165\/\"><img loading=\"lazy\" decoding=\"async\" style=\"display: block; margin-left: auto; margin-right: auto;\" src=\"http:\/\/farm4.staticflickr.com\/3780\/9697190165_4281c5b476_n.jpg\" alt=\"ippolita-lazazzera neo dirigente sf neri\" width=\"320\" height=\"240\" \/><\/a><\/p>\n<p><!--more--><\/p>\n<p style=\"text-align: justify;\"><a title=\"scuola sf neri di LA VOCE DEL PAESE, su Flickr\" href=\"http:\/\/www.flickr.com\/photos\/91470992@N02\/9697212299\/\"><img loading=\"lazy\" decoding=\"async\" style=\"margin: 4px; float: left;\" src=\"http:\/\/farm4.staticflickr.com\/3805\/9697212299_6ef5377b5c.jpg\" alt=\"scuola sf neri\" width=\"340\" height=\"267\" \/><\/a><strong>Ippolita Lazazzera<\/strong> &#8211; <strong>dal 2 settembre dirigente dell\u2019I.C. \u201cLosapio &#8211; S. Filippo Neri\u201d<\/strong> &#8211; attraverso una lettera pubblicata sul sito dell\u2019istituto <strong>saluta la comunit\u00e0 che l\u2019ha accolta<\/strong> a pochi giorni dalla riapertura della scuola, prevista il 13 settembre.<\/p>\n<p style=\"text-align: justify;\"><strong>Originaria di Santeramo<\/strong> e residente a Cassano Murge, <strong>la giovane dirigente ha raccolto il testimone della dottoressa Anna Grazia De Marzo<\/strong> (<a href=\"attualita\/7949-la-dirigente-anna-grazia-de-marzo-lascia-lic-losapio-sf-neri.html\">DIRIGENTE ANNA GRAZIA DE MARZO LASCIA L\u2019I.C. LOSAPIO-S.F. NERI<\/a>) <strong>e coadiuvata dalle docenti Pina Merenda, Claudia Perrone<\/strong> e dal direttore dei Servizi generali e amministrativi <strong>Mario Greco<\/strong>, <strong>\u00e8 gi\u00e0 al lavoro<\/strong>.<\/p>\n<p style=\"text-align: justify;\"><strong>L\u2019impegno da profondere<\/strong> per dirigere un istituto comprensivo cos\u00ec complesso e articolato, <strong>non sar\u00e0 da poco<\/strong>, anche alla luce delle tante problematiche emerse nel corso della precedente \u201creggenza\u201d.<\/p>\n<p style=\"text-align: justify;\"><strong>Alla dirigente <\/strong>dottoressa Ippolita Lazazzera <strong>il pi\u00f9 cordiale benvenuto da parte di tutta la Redazione<\/strong>.<\/p>\n<p style=\"text-align: center;\">&#8212;&#8212;&#8212;&#8212;&#8212;&#8212;&#8212;&#8212;&#8212;&#8212;&#8212;&#8212;&#8212;&#8212;&#8212;<\/p>\n<p style=\"text-align: justify;\"><span><strong>Lettera aperta<\/strong><\/span><\/p>\n<p style=\"text-align: justify;\">\u201cPorgo i miei saluti a tutti i cittadini del Comune di Gioia del Colle. Con grande onore mi accingo a guidare dal 2 Settembre 2013 l\u2019Istituto Comprensivo \u201cLosapio-San Filippo Neri\u201d col chiaro intento di abbandonare ogni tentazione autoreferenziale per cooperare sinergicamente con le famiglie e il territorio poich\u00e9 la scuola giammai deve intendersi come un hortus conclusus, ma \u201corgano centrale della democrazia [\u2026] completamento del suffragio universale\u201d (Pietro Calamandrei).<\/p>\n<p style=\"text-align: justify;\">Le sfide che la societ\u00e0 complessa ci propone sono innumerevoli, l\u2019Obiettivo dell\u2019UE di \u201crendere i sistemi di istruzione e formazione un punto di riferimento di qualit\u00e0 a livello mondiale\u201d \u00e8 ambizioso, ma possibile solo se la scuola coopera con il contesto territoriale tutto. Un particolare saluto alle famiglie a cui chiedo una partecipazione di ampio respiro all\u2019interno dell\u2019istituzione scolastica come parte attiva e corresponsabile ed una salda alleanza educativa per evitare discrasie e incoerenze negli alunni tra i modelli formativi proposti a scuola e i messaggi educativi sperimentati nell\u2019ambito del contesto familiare. Il pedagogista F. Frabboni supera il concetto di scuola immaginando un \u201cesagono del sistema educativo\u201d (scuola, famiglia, enti locali, associazionismo, mondo del lavoro, chiese) in cui i singoli attori sono elementi ineludibili. Condividendo pienamente tale visione, a tutti questi soggetti chiedo la piena corresponsabilit\u00e0 per formare i cittadini di domani. Nella logica della cooperazione interistituzionale che ci viene richiesta dalle norme, l\u2019Ente locale non \u00e8 semplice erogatore di servizi e risorse, ma si inserisce a pieno titolo in una logica di formazione condivisa con tutti gli altri vertici dell\u2019esagono del sistema educativo descritto da F. Frabboni. Al Sindaco, alla Giunta comunale e al Consiglio, porgendo i miei saluti, chiedo di partecipare attivamente a questa condivisione.<\/p>\n<p style=\"text-align: justify;\">L\u2019arduo compito della scuola \u00e8 tradurre tutti gli stimoli educativi della societ\u00e0 civile, senza lasciarne fuori alcuno, in piste formative; ci\u00f2 significa anche apertura alle energie propositive provenienti dal mondo del volontariato, laico e cattolico, dall\u2019associazionismo territoriale e nazionale, dal mondo del lavoro e dell\u2019imprenditoria. A tutti va il mio saluto e l\u2019invito a guardare al nostro Istituto come ad un referente privilegiato. Infine un saluto speciale ai miei docenti, consapevole che nessuna politica educativa, a qualunque livello venga condotta, nazionale o di singolo istituto, pu\u00f2 prescindere dalla centralit\u00e0 della professione docente e dal conseguente coinvolgimento degli insegnanti nei processi innovativi.<\/p>\n<p style=\"text-align: justify;\">Gi\u00e0 nel 1996 J.Delors ipotizzava lo scenario attuale: \u201cl\u2019importanza del ruolo dell\u2019insegnante in quanto agente del cambiamento, promotore della comprensione e della tolleranza non \u00e8 stata mai cos\u00ec scontata. E, con ogni probabilit\u00e0, lo diventer\u00e0 ancor di pi\u00f9 nel XXI secolo\u201d. A voi chiedo di trasformare la scuola in una comunit\u00e0 riflessiva e di lavoro collaborativo e cooperativo, perseguendo obiettivi ambiziosi di qualit\u00e0 ed eccellenza. Auguro buon anno scolastico a tutti, consapevole che questa mia idea della scuola possa incontrare l\u2019assenso di tutti i soggetti coinvolti nella sfida educativa\u201d.<\/p>\n<div style=\"text-align: right;\" align=\"right\">Il Dirigente Scolastico<\/div>\n<div style=\"text-align: right;\" align=\"right\">Prof.ssa Ippolita LAZAZZERA<\/div>\n<p style=\"text-align: justify;\">&nbsp;<\/p>\n","protected":false},"excerpt":{"rendered":"","protected":false},"author":1,"featured_media":0,"comment_status":"open","ping_status":"closed","sticky":false,"template":"","format":"standard","meta":{"colormag_page_container_layout":"default_layout","colormag_page_sidebar_layout":"default_layout","footnotes":""},"categories":[7],"tags":[],"class_list":["post-43041","post","type-post","status-publish","format-standard","hentry","category-attualita"],"_links":{"self":[{"href":"https:\/\/archiviogioia.lavocedelpaese.info\/index.php?rest_route=\/wp\/v2\/posts\/43041","targetHints":{"allow":["GET"]}}],"collection":[{"href":"https:\/\/archiviogioia.lavocedelpaese.info\/index.php?rest_route=\/wp\/v2\/posts"}],"about":[{"href":"https:\/\/archiviogioia.lavocedelpaese.info\/index.php?rest_route=\/wp\/v2\/types\/post"}],"author":[{"embeddable":true,"href":"https:\/\/archiviogioia.lavocedelpaese.info\/index.php?rest_route=\/wp\/v2\/users\/1"}],"replies":[{"embeddable":true,"href":"https:\/\/archiviogioia.lavocedelpaese.info\/index.php?rest_route=%2Fwp%2Fv2%2Fcomments&post=43041"}],"version-history":[{"count":0,"href":"https:\/\/archiviogioia.lavocedelpaese.info\/index.php?rest_route=\/wp\/v2\/posts\/43041\/revisions"}],"wp:attachment":[{"href":"https:\/\/archiviogioia.lavocedelpaese.info\/index.php?rest_route=%2Fwp%2Fv2%2Fmedia&parent=43041"}],"wp:term":[{"taxonomy":"category","embeddable":true,"href":"https:\/\/archiviogioia.lavocedelpaese.info\/index.php?rest_route=%2Fwp%2Fv2%2Fcategories&post=43041"},{"taxonomy":"post_tag","embeddable":true,"href":"https:\/\/archiviogioia.lavocedelpaese.info\/index.php?rest_route=%2Fwp%2Fv2%2Ftags&post=43041"}],"curies":[{"name":"wp","href":"https:\/\/api.w.org\/{rel}","templated":true}]}}