{"id":43166,"date":"2013-09-19T07:58:54","date_gmt":"2013-09-19T07:58:54","guid":{"rendered":"https:\/\/archiviogioia.lavocedelpaese.info\/?p=43166"},"modified":"2013-09-19T07:58:54","modified_gmt":"2013-09-19T07:58:54","slug":"testimonianza-chiara-loliva-prega-per-la-pace-foto-2","status":"publish","type":"post","link":"https:\/\/archiviogioia.lavocedelpaese.info\/?p=43166","title":{"rendered":"TESTIMONIANZA. CHIARA LOLIVA PREGA PER LA PACE-foto"},"content":{"rendered":"<p><a title=\"preghiera per la pace di LA VOCE DEL PAESE, su Flickr\" href=\"http:\/\/www.flickr.com\/photos\/91470992@N02\/9817023874\/\"><img loading=\"lazy\" decoding=\"async\" style=\"display: block; margin-left: auto; margin-right: auto;\" src=\"http:\/\/farm8.staticflickr.com\/7432\/9817023874_5cd76e4df7_n.jpg\" alt=\"preghiera per la pace\" width=\"320\" height=\"240\" \/><\/a><\/p>\n<p><!--more--><\/p>\n<p style=\"text-align: justify;\"><strong>Di seguito la toccante testimonianza di Chiara Loliva, portavoce dei giovani che hanno partecipato all\u2019incontro di preghiera per la Pace tenutosi il 12 settembre nella Chiesa di Santa Lucia.<\/strong><\/p>\n<p style=\"text-align: center;\" align=\"center\">____________________<\/p>\n<p style=\"text-align: justify;\"><a title=\"preghiera per la pace di LA VOCE DEL PAESE, su Flickr\" href=\"http:\/\/www.flickr.com\/photos\/91470992@N02\/9817025014\/\"><img loading=\"lazy\" decoding=\"async\" style=\"margin: 4px; float: left;\" src=\"http:\/\/farm6.staticflickr.com\/5332\/9817025014_3694c60b95_n.jpg\" alt=\"preghiera per la pace\" width=\"340\" height=\"288\" \/><\/a> La prima bella sorpresa per me, gioved\u00ec scorso, \u00e8 stata vedere vari esponenti persino di partiti politici, notoriamente non credenti,&nbsp; presentarsi sul sagrato della nostra Chiesa di Santa Lucia per una testimonianza di impegno in difesa della pace alle 20, orario di inizio concordato.<\/p>\n<p style=\"text-align: justify;\">Questo mi ha fatto subito \u201ctoccare con mano\u201d la veridicit\u00e0 delle parole del Papa quando ha affermato: \u201cLa pace \u00e8 un bene che supera ogni barriera, perch\u00e9 \u00e8 un bene di tutta l\u2019umanit\u00e0.\u201d<\/p>\n<p style=\"text-align: justify;\">E\u2019 stato anche bello vederli adoperarsi con i giovani della parrocchia del Sacro Cuore nel tentativo di fissare, all\u2019ingresso della chiesa, lo striscione da loro realizzato con le parole multicolori del nostro amato Papa: \u201cSi alzi forte in tutta la terra il grido della Pace!\u201d<\/p>\n<p style=\"text-align: justify;\">Successivamente ha avuto inizio il momento di preghiera, si trattava della liturgia delle ore, i vespri. A presiederla c\u2019era il parroco don Giuseppe Di Corrado affiancato dal seminarista Gianni Marrella, mentre gli intermezzi musicali erano curati dal neonato coro parrocchiale sotto l\u2019umile direzione del valente musicista Tommaso<a title=\"preghiera per la pace di LA VOCE DEL PAESE, su Flickr\" href=\"http:\/\/www.flickr.com\/photos\/91470992@N02\/9817025204\/\"><img loading=\"lazy\" decoding=\"async\" style=\"margin: 4px; float: right;\" src=\"http:\/\/farm3.staticflickr.com\/2867\/9817025204_619f83a8a1_n.jpg\" alt=\"preghiera per la pace\" width=\"340\" height=\"296\" \/><\/a> De Bellis e l\u2019accompagnamento all\u2019organo del giovanissimo e talentuoso Gianni Mastrovito che, lavorando sodo in due soli mesi, hanno saputo creare dal nulla una formazione corale e musicale che ha gi\u00e0 riscosso il consenso di tanti al suo esordio, l\u20198 settembre, in occasione della prima messa celebrata da Don Alessandro D\u2019Angelo.<\/p>\n<p style=\"text-align: justify;\">La preghiera, per volont\u00e0 dello stesso parroco, si \u00e8 svolta con toni sussurrati e ritmo calmo, denso di pause tra antifone e salmi, quasi a voler contrapporre al clamore della violenza e delle armi e alla frenesia dei tempi odierni, il silenzio e il raccoglimento necessari per consentire a ciascuno la meditazione e l\u2019invocazione personale.<\/p>\n<p style=\"text-align: justify;\">Dopo una breve, ma intensa riflessione del nostro don Giuseppe, dietro suo invito si sono avvicendati al microfono gli interventi degli astanti. Il primo a salire sull\u2019altare \u00e8 stato il professor Franco Giannini, seguito dall\u2019avvocato Michele Gaudiomonte, dal professor Enzo Cuscito e dal referente del presidio \u201cDonato Boscia\u201d facente capo all\u2019Associazione Libera di don Luigi Ciotti, Nicola Romanelli.<\/p>\n<p style=\"text-align: justify;\">Mentre Cuscito ha voluto ricordare: \u201cl&#8217;importanza della parola \u201cPace\u201d nell&#8217;essenza del cristianesimo: dai profeti sino al Vangelo, che comincia con le parole dell&#8217;angelo: gloria a Dio nell&#8217;alto dei cieli e Pace in terra&#8230; O le parole di Ges\u00f9:<a title=\"preghiera per la pace di LA VOCE DEL PAESE, su Flickr\" href=\"http:\/\/www.flickr.com\/photos\/91470992@N02\/9817051086\/\"><img loading=\"lazy\" decoding=\"async\" style=\"margin: 4px; float: left;\" src=\"http:\/\/farm4.staticflickr.com\/3734\/9817051086_01d34a5698_n.jpg\" alt=\"preghiera per la pace\" width=\"340\" height=\"191\" \/><\/a> \u201cVi lascio la pace, vi do la mia pace!\u201d<\/p>\n<p style=\"text-align: justify;\">Ma che cosa \u00e8 la Pace in senso cristiano? Ancora le parole di Ges\u00f9: \u201cBeati gli operatori di pace.\u201d Non i pacifisti, ma gli operatori di pace. Quelli che passano dalle parole ai fatti.<\/p>\n<p style=\"text-align: justify;\">E la Pace per i cristiani \u00e8 la giustizia verso gli ultimi, come ricordano i profeti e la parabola del buon samaritano. Senza giustizia non vi pu\u00f2 essere pace\u201d.<\/p>\n<p style=\"text-align: justify;\">Romanelli, invece, partendo da un intervento in tv di Cecilia Strada, ha esordito chiedendo: &#8220;Che differenza c&#8217;\u00e8 tra un bambino ucciso dalle armi chimiche ed un bambino ucciso dalle armi tradizionali?&#8221; questo \u00e8 stato l&#8217;interrogativo\/provocazione &nbsp;lanciato in tv da Cecilia Strada ed in questo interrogativo c&#8217;\u00e8 tutto il grido di papa Francesco &#8220;Mai pi\u00f9 guerra, mai pi\u00f9 morte&#8221;.<a title=\"preghiera per la pace di LA VOCE DEL PAESE, su Flickr\" href=\"http:\/\/www.flickr.com\/photos\/91470992@N02\/9817113013\/\"><img loading=\"lazy\" decoding=\"async\" style=\"margin: 4px; float: right;\" src=\"http:\/\/farm4.staticflickr.com\/3764\/9817113013_c29638f999_n.jpg\" alt=\"preghiera per la pace\" width=\"340\" height=\"254\" \/><\/a><\/p>\n<p style=\"text-align: justify;\">La guerra \u00e8 guerra, non esistono differenze alcune fra guerra umanitaria, guerra dagli obiettivi mirati, guerra punitiva e tutte le altre pi\u00f9 astruse definizioni. La guerra \u00e8 guerra e quindi solo morte e distruzione, soprattutto per i pi\u00f9 deboli e come tale, quindi, va condannata.<\/p>\n<p style=\"text-align: justify;\">L&#8217;aver indetto in tale occasione una giornata mondiale di preghiera e digiuno per la Pace, l&#8217;aver raccolto tante adesioni sia dal mondo politico che associativo, sia dal mondo ateo che religioso esprime in maniera netta, precisa la volont\u00e0 di questo Papa di entrare in modo anche vigoroso nella storia&nbsp;dicendo forte e chiaro il suo \u201cNo!\u201d alla guerra.<\/p>\n<p style=\"text-align: justify;\">Drammatico e scandalosamente vero il Suo interrogativo &#8220;&#8230;forse le guerre servono solamente a vendere armi?&#8221;.<\/p>\n<p style=\"text-align: justify;\">Infine, le&nbsp;numerosissime voci di coloro&nbsp;che si sono uniti alla Sua&nbsp;hanno forse costretto le forze politiche in campo&nbsp;a riconsiderare la via diplomatica come unica strada di risoluzi<a title=\"preghiera per la pace di LA VOCE DEL PAESE, su Flickr\" href=\"http:\/\/www.flickr.com\/photos\/91470992@N02\/9817026334\/\"><img loading=\"lazy\" decoding=\"async\" style=\"margin: 4px; float: left;\" src=\"http:\/\/farm3.staticflickr.com\/2838\/9817026334_450d83c0c7_n.jpg\" alt=\"preghiera per la pace\" width=\"254\" height=\"340\" \/><\/a>one dei conflitti.<\/p>\n<p style=\"text-align: justify;\">Mi \u00e8 sembrato quasi un \u201cOra basta!\u201d gridato dal Papa che ha risvegliato le coscienze dei credenti: tutti a pregare, a ritrovare il gusto ed il &#8220;silenzio&#8221; del pregare insieme con quella fede che &#8220;sposta le montagne&#8221;.<\/p>\n<p style=\"text-align: justify;\">&nbsp;Il momento pi\u00f9 toccante, poi, \u00e8 stato quello delle intercessioni di preghiera lette da rappresentanti di varie parrocchie: Angela Indellicati, Donatella Iacobellis, Rosa Gatti, Franco Giannini, Nicola Romanelli, Francesco Bia.<\/p>\n<p style=\"text-align: justify;\">Preghiere associate a testimonianze dai luoghi di guerra che attestavano tutto l\u2019orrore e l\u2019inutilit\u00e0 di una strage in cui a pagare sono solo gli ultimi, gli indifesi, i miti, immolati come agnelli sacrificali per dissetare il folle desiderio insensato di prestigio e di potere di pochi.<\/p>\n<p style=\"text-align: justify;\">La preghiera si \u00e8 conclusa, quindi, con la benedizione del parroco e il canto finale tratto dalla preghiera semplice di San Francesco: \u201cOh Maestro, dammi tu un cuore grande,\/ che sia goccia di rugiada per il mondo,\/ che sia voce di speranza,\/ che sia un buon mattino\/ per il giorno d&#8217;ogni uomo\/ e con gli ultimi del mondo\/ sia il mio passo lieto nella povert\u00e0.\u201d<\/p>\n<p>Scatti fotografici a cura di <strong>Mario Di Giuseppe<\/strong>.<\/p>\n<p>\n<object data=\"http:\/\/www.flickr.com\/apps\/slideshow\/show.swf?v=124984\" type=\"application\/x-shockwave-flash\" width=\"640\" height=\"480\"><param name=\"flashvars\" value=\"offsite=true&amp;lang=it-it&amp;page_show_url=%2Fphotos%2F91470992%40N02%2Fsets%2F72157635647716966%2Fshow%2F&amp;page_show_back_url=%2Fphotos%2F91470992%40N02%2Fsets%2F72157635647716966%2F&amp;set_id=72157635647716966&amp;jump_to=\" \/><param name=\"movie\" value=\"http:\/\/www.flickr.com\/apps\/slideshow\/show.swf?v=124984\" \/><param name=\"allowFullScreen\" value=\"true\" \/><\/object><\/p>\n","protected":false},"excerpt":{"rendered":"","protected":false},"author":1,"featured_media":0,"comment_status":"open","ping_status":"closed","sticky":false,"template":"","format":"standard","meta":{"colormag_page_container_layout":"default_layout","colormag_page_sidebar_layout":"default_layout","footnotes":""},"categories":[7],"tags":[],"class_list":["post-43166","post","type-post","status-publish","format-standard","hentry","category-attualita"],"_links":{"self":[{"href":"https:\/\/archiviogioia.lavocedelpaese.info\/index.php?rest_route=\/wp\/v2\/posts\/43166","targetHints":{"allow":["GET"]}}],"collection":[{"href":"https:\/\/archiviogioia.lavocedelpaese.info\/index.php?rest_route=\/wp\/v2\/posts"}],"about":[{"href":"https:\/\/archiviogioia.lavocedelpaese.info\/index.php?rest_route=\/wp\/v2\/types\/post"}],"author":[{"embeddable":true,"href":"https:\/\/archiviogioia.lavocedelpaese.info\/index.php?rest_route=\/wp\/v2\/users\/1"}],"replies":[{"embeddable":true,"href":"https:\/\/archiviogioia.lavocedelpaese.info\/index.php?rest_route=%2Fwp%2Fv2%2Fcomments&post=43166"}],"version-history":[{"count":0,"href":"https:\/\/archiviogioia.lavocedelpaese.info\/index.php?rest_route=\/wp\/v2\/posts\/43166\/revisions"}],"wp:attachment":[{"href":"https:\/\/archiviogioia.lavocedelpaese.info\/index.php?rest_route=%2Fwp%2Fv2%2Fmedia&parent=43166"}],"wp:term":[{"taxonomy":"category","embeddable":true,"href":"https:\/\/archiviogioia.lavocedelpaese.info\/index.php?rest_route=%2Fwp%2Fv2%2Fcategories&post=43166"},{"taxonomy":"post_tag","embeddable":true,"href":"https:\/\/archiviogioia.lavocedelpaese.info\/index.php?rest_route=%2Fwp%2Fv2%2Ftags&post=43166"}],"curies":[{"name":"wp","href":"https:\/\/api.w.org\/{rel}","templated":true}]}}