{"id":43370,"date":"2013-10-05T00:10:24","date_gmt":"2013-10-05T00:10:24","guid":{"rendered":"https:\/\/archiviogioia.lavocedelpaese.info\/?p=43370"},"modified":"2013-10-05T00:10:24","modified_gmt":"2013-10-05T00:10:24","slug":"join-offre-scambio-europeo-ad-ankara-per-6-giovani","status":"publish","type":"post","link":"https:\/\/archiviogioia.lavocedelpaese.info\/?p=43370","title":{"rendered":"JOIN OFFRE SCAMBIO EUROPEO AD ANKARA PER 6 GIOVANI"},"content":{"rendered":"<p><a title=\"associazione-join di LA VOCE DEL PAESE, su Flickr\" href=\"http:\/\/www.flickr.com\/photos\/91470992@N02\/10091840436\/\"><img loading=\"lazy\" decoding=\"async\" style=\"display: block; margin-left: auto; margin-right: auto;\" src=\"http:\/\/farm8.staticflickr.com\/7306\/10091840436_2dea6063af_n.jpg\" alt=\"associazione-join\" width=\"320\" height=\"240\" \/><\/a><\/p>\n<p><!--more--><\/p>\n<p style=\"text-align: justify;\"><a title=\"associazione join di LA VOCE DEL PAESE, su Flickr\" href=\"http:\/\/www.flickr.com\/photos\/91470992@N02\/10091848265\/\"><img loading=\"lazy\" decoding=\"async\" style=\"margin: 4px; float: left;\" src=\"http:\/\/farm4.staticflickr.com\/3683\/10091848265_fcf14dc6f3_o.jpg\" alt=\"associazione join\" width=\"320\" height=\"228\" \/><\/a> <strong>L&#8217;Associazione Join, offre la possibilit\u00e0 a 6 giovani di poter partecipare ad uno Scambio<\/strong> Europeo ad Ankara in Turchia, dal 17 al 24 Novembre.<\/p>\n<p style=\"text-align: justify;\"><strong>Nome Progetto:<\/strong> &#8220;We are Young, Active, Employable&#8221;.<\/p>\n<div><strong>Dove:<\/strong> Ankara (Turchia).<\/div>\n<div><strong>Date:<\/strong> dal 17 al 24 novembre.<\/div>\n<div><strong>Partecipanti richiesti:<\/strong> 5+1 leader.<\/div>\n<div><strong>Et\u00e0: <\/strong>17-25 (leader no limiti di et\u00e0).<\/div>\n<p style=\"text-align: justify;\">\u201cWe are Young, Active, Employable\u201d \u00e8 uno scambio Europeo che si svolger\u00e0 nella capitale della Turchia,moderna metropoli urbana punteggiata di memorie della sua variegata storia. Si concentra sul tema della prevenzione della disoccupazione giovanile.<\/p>\n<p><strong>I giovani partecipanti avranno modo di co<\/strong><a title=\"associazione join di LA VOCE DEL PAESE, su Flickr\" href=\"http:\/\/www.flickr.com\/photos\/91470992@N02\/10091727905\/\"><img loading=\"lazy\" decoding=\"async\" style=\"margin: 4px; float: right;\" src=\"http:\/\/farm3.staticflickr.com\/2893\/10091727905_d761df02d8_n.jpg\" alt=\"associazione join\" width=\"350\" height=\"143\" \/><\/a><strong>nfrontarsi<\/strong> e di scoprire le rispettive culture svolgendo attivit\u00e0 di gruppo di vario genere: escursioni, giochi, attivit\u00e0 sportive, workshops e attivit\u00e0 all&#8217;aria aperta.<\/p>\n<p style=\"text-align: justify;\"><strong>Costi:<\/strong> vitto e alloggio per 8 giorni <strong>GRATIS<\/strong>. Viaggio in aereo a\/r rimborsato del 70%. Viene inoltre richiesta una piccola quota di partecipazione.<\/p>\n<p style=\"text-align: justify;\"><strong>Adesioni entro e non oltre il 13 ottobre<\/strong>.<\/p>\n<p style=\"text-align: justify;\"><strong>Inviare CV<\/strong> e lettera motivazionale a <a href=\"&lt;a href=\">info@joinassociation.org<\/a><\/p>\n<p><strong>&nbsp;<\/strong><\/p>\n<p>&nbsp;<\/p>\n","protected":false},"excerpt":{"rendered":"","protected":false},"author":1,"featured_media":0,"comment_status":"open","ping_status":"closed","sticky":false,"template":"","format":"standard","meta":{"colormag_page_container_layout":"default_layout","colormag_page_sidebar_layout":"default_layout","footnotes":""},"categories":[7],"tags":[],"class_list":["post-43370","post","type-post","status-publish","format-standard","hentry","category-attualita"],"_links":{"self":[{"href":"https:\/\/archiviogioia.lavocedelpaese.info\/index.php?rest_route=\/wp\/v2\/posts\/43370","targetHints":{"allow":["GET"]}}],"collection":[{"href":"https:\/\/archiviogioia.lavocedelpaese.info\/index.php?rest_route=\/wp\/v2\/posts"}],"about":[{"href":"https:\/\/archiviogioia.lavocedelpaese.info\/index.php?rest_route=\/wp\/v2\/types\/post"}],"author":[{"embeddable":true,"href":"https:\/\/archiviogioia.lavocedelpaese.info\/index.php?rest_route=\/wp\/v2\/users\/1"}],"replies":[{"embeddable":true,"href":"https:\/\/archiviogioia.lavocedelpaese.info\/index.php?rest_route=%2Fwp%2Fv2%2Fcomments&post=43370"}],"version-history":[{"count":0,"href":"https:\/\/archiviogioia.lavocedelpaese.info\/index.php?rest_route=\/wp\/v2\/posts\/43370\/revisions"}],"wp:attachment":[{"href":"https:\/\/archiviogioia.lavocedelpaese.info\/index.php?rest_route=%2Fwp%2Fv2%2Fmedia&parent=43370"}],"wp:term":[{"taxonomy":"category","embeddable":true,"href":"https:\/\/archiviogioia.lavocedelpaese.info\/index.php?rest_route=%2Fwp%2Fv2%2Fcategories&post=43370"},{"taxonomy":"post_tag","embeddable":true,"href":"https:\/\/archiviogioia.lavocedelpaese.info\/index.php?rest_route=%2Fwp%2Fv2%2Ftags&post=43370"}],"curies":[{"name":"wp","href":"https:\/\/api.w.org\/{rel}","templated":true}]}}