{"id":43489,"date":"2013-10-15T07:47:44","date_gmt":"2013-10-15T07:47:44","guid":{"rendered":"https:\/\/archiviogioia.lavocedelpaese.info\/?p=43489"},"modified":"2013-10-15T07:47:44","modified_gmt":"2013-10-15T07:47:44","slug":"pd-gioia-giovanna-magistro-candidata-alla-segreteria","status":"publish","type":"post","link":"https:\/\/archiviogioia.lavocedelpaese.info\/?p=43489","title":{"rendered":"PD GIOIA. GIOVANNA MAGISTRO CANDIDATA ALLA SEGRETERIA"},"content":{"rendered":"<p><a title=\"vanna magistro di LA VOCE DEL PAESE, su Flickr\" href=\"http:\/\/www.flickr.com\/photos\/91470992@N02\/10290014265\/\"><img loading=\"lazy\" decoding=\"async\" style=\"display: block; margin-left: auto; margin-right: auto;\" src=\"http:\/\/farm4.staticflickr.com\/3798\/10290014265_f46c44be00.jpg\" alt=\"vanna magistro\" width=\"320\" height=\"240\" \/><\/a><\/p>\n<p><!--more--><\/p>\n<p style=\"text-align: justify;\"><a title=\"vanna magistro di LA VOCE DEL PAESE, su Flickr\" href=\"http:\/\/www.flickr.com\/photos\/91470992@N02\/10290131453\/\"><img loading=\"lazy\" decoding=\"async\" style=\"margin: 4px; float: left;\" src=\"http:\/\/farm4.staticflickr.com\/3804\/10290131453_2efcab6d0d_n.jpg\" alt=\"vanna magistro\" width=\"285\" height=\"350\" \/><\/a>\u201cIl Pd pensa ai prossimi appuntamenti,&nbsp;soprattutto&nbsp;congressuali, sicuramente torneremo anche nelle piazze. Le piazze che erano un tempo affollate.&nbsp;<\/p>\n<p style=\"text-align: justify;\"><strong>Non \u00e8 facile candidarsi in questa fase alla segreteria<\/strong> del circolo del Pd di Gioia del Colle. Oggi che&nbsp;abbiamo aperto una riflessione sulla verifica di come ci arriviamo come partito, <strong>dopo soli 15 mesi di amministrazione Povia<\/strong>, e dopo che esponenti del partito stesso prendono le distanze dall&#8217;attuale dirigenza e in parte dalla base.<\/p>\n<p style=\"text-align: justify;\"><strong>Si \u00e8 aperto il solito \u201ccampo dello scontro\u201d<\/strong>, un campo non semplice e dove molti pensano che esistono solo due estremi, SI\u2019-NO, da referendum. Quando invece esistono infinit\u00e0 di sfumature.&nbsp;<\/p>\n<p style=\"text-align: justify;\">Vorrei dire ai miei compagni di partito, tutti indistintamente, che per la politica la protesta \u00e8 sempre un tempo utile. <strong>Ribellarsi \u00e8 un atto doveroso<\/strong> quando si riveste un incarico che richiama una responsabilit\u00e0 pubblica. <strong>E non significa che si vuole aprire una lotta fratricida<\/strong> nel partito o che si fa la guerra a qualcuno.&nbsp;<\/p>\n<p style=\"text-align: justify;\"><strong>Cosa poteva fare il Pd,<\/strong> se non ribellarsi dopo che la linea morbida e della mediazione durata per mesi \u00e8 miserabilmente fallita?<\/p>\n<p style=\"text-align: justify;\"><strong>Molti pensano che siamo usciti dalla maggioranza per la questione delle \u201cpoltrone\u201d. Errato<\/strong>! Non ci interessavano le poltrone perch\u00e9 gi\u00e0 le cinque che avevamo erano difficili da gestire. Uno scatto di dignit\u00e0 per\u00f2 serviva al Pd per ricordare a questa maggioranza e al sindaco Povia (che ha la memoria breve&#8230;)&nbsp;che il Pd non pu\u00f2 e non deve rappresentare un\u2019anima minoritaria per questa amministrazione.&nbsp;<\/p>\n<p style=\"text-align: justify;\"><strong>Vito Antonacci<\/strong>, segretario provinciale uscente del Pd, <strong>lo ha ribadito<\/strong> a toni alti nel suo intervento domenica 13 ottobre. Che non potevamo pi\u00f9 restare l\u00ec e far finta di nulla. <strong>Siamo usciti dalla maggioranza&nbsp;esprimendo&nbsp;un voto unanime come coordinamento<\/strong>.&nbsp;<\/p>\n<p style=\"text-align: justify;\">Un voto <strong>che non pu\u00f2 essere delegittimato<\/strong> solo dai tempi prossimi al Congresso, sia locale sia provinciale. <strong>Perch\u00e9, forse, si spera, un altro&nbsp;segretario&nbsp;possa esprimersi&nbsp;filo-governativo&nbsp;e fedele a Povia<\/strong>. E&#8217; questa la politica che esprime il Pd?<\/p>\n<p style=\"text-align: justify;\">Perch\u00e9 rinnegare i principi del partito e dare spazio ancora alle critiche verso il Pd?<\/p>\n<p style=\"text-align: justify;\"><strong>Un vero segretario e veri uomini e donne di partito lottano<\/strong> per quella bandiera e non la svendono mai a nessuno! Quando il Pd perde voti entriamo in una crisi profonda e ci rompiamo la testa di tante domande. La verit\u00e0 \u00e8 che non servono tutte quelle domande, servono solo le scelte. Scelte coraggiose. Scelte di coerenza.<\/p>\n<p style=\"text-align: justify;\"><strong>Senza Pd niente centrosinistra. E senza centrosinistra la democrazia vacilla<\/strong>. E quando il politico usa il suo potere per sovrapporsi agli altri, ecco che si smarrisce la bussola.&nbsp;<\/p>\n<p style=\"text-align: justify;\">Una famosa dichiarazione di Rino Formica fu \u201c<strong>la politica \u00e8 sangue e merda<\/strong>\u201d. Ma anche un bellissimo processo sociale di costruzione. Ricordiamocelo.<\/p>\n<p style=\"text-align: justify;\"><strong>Con queste premesse mi candido al Congresso come segretaria del circolo Pd di Gioia<\/strong>\u201d.&nbsp;<\/p>\n<p style=\"text-align: right;\" align=\"right\"><strong>Giovanna Magistro<\/strong><\/p>\n<p>&nbsp;<\/p>\n","protected":false},"excerpt":{"rendered":"","protected":false},"author":1,"featured_media":0,"comment_status":"open","ping_status":"closed","sticky":false,"template":"","format":"standard","meta":{"colormag_page_container_layout":"default_layout","colormag_page_sidebar_layout":"default_layout","footnotes":""},"categories":[4],"tags":[],"class_list":["post-43489","post","type-post","status-publish","format-standard","hentry","category-politica"],"_links":{"self":[{"href":"https:\/\/archiviogioia.lavocedelpaese.info\/index.php?rest_route=\/wp\/v2\/posts\/43489","targetHints":{"allow":["GET"]}}],"collection":[{"href":"https:\/\/archiviogioia.lavocedelpaese.info\/index.php?rest_route=\/wp\/v2\/posts"}],"about":[{"href":"https:\/\/archiviogioia.lavocedelpaese.info\/index.php?rest_route=\/wp\/v2\/types\/post"}],"author":[{"embeddable":true,"href":"https:\/\/archiviogioia.lavocedelpaese.info\/index.php?rest_route=\/wp\/v2\/users\/1"}],"replies":[{"embeddable":true,"href":"https:\/\/archiviogioia.lavocedelpaese.info\/index.php?rest_route=%2Fwp%2Fv2%2Fcomments&post=43489"}],"version-history":[{"count":0,"href":"https:\/\/archiviogioia.lavocedelpaese.info\/index.php?rest_route=\/wp\/v2\/posts\/43489\/revisions"}],"wp:attachment":[{"href":"https:\/\/archiviogioia.lavocedelpaese.info\/index.php?rest_route=%2Fwp%2Fv2%2Fmedia&parent=43489"}],"wp:term":[{"taxonomy":"category","embeddable":true,"href":"https:\/\/archiviogioia.lavocedelpaese.info\/index.php?rest_route=%2Fwp%2Fv2%2Fcategories&post=43489"},{"taxonomy":"post_tag","embeddable":true,"href":"https:\/\/archiviogioia.lavocedelpaese.info\/index.php?rest_route=%2Fwp%2Fv2%2Ftags&post=43489"}],"curies":[{"name":"wp","href":"https:\/\/api.w.org\/{rel}","templated":true}]}}