{"id":43499,"date":"2013-10-17T01:07:31","date_gmt":"2013-10-17T01:07:31","guid":{"rendered":"https:\/\/archiviogioia.lavocedelpaese.info\/?p=43499"},"modified":"2013-10-17T01:07:31","modified_gmt":"2013-10-17T01:07:31","slug":"chiude-la-biblioteca-centinaia-di-studenti-allo-sbando","status":"publish","type":"post","link":"https:\/\/archiviogioia.lavocedelpaese.info\/?p=43499","title":{"rendered":"CHIUDE LA BIBLIOTECA. ALLO SBANDO CENTINAIA DI STUDENTI"},"content":{"rendered":"<p><a title=\"biblioteca comunale di LA VOCE DEL PAESE, su Flickr\" href=\"http:\/\/www.flickr.com\/photos\/91470992@N02\/10319932916\/\"><img loading=\"lazy\" decoding=\"async\" style=\"display: block; margin-left: auto; margin-right: auto;\" src=\"http:\/\/farm3.staticflickr.com\/2835\/10319932916_82b3220cc6_n.jpg\" alt=\"biblioteca comunale\" width=\"320\" height=\"240\" \/><\/a><\/p>\n<p><!--more--><\/p>\n<p style=\"text-align: justify;\"><a title=\"biblioteca comunale di LA VOCE DEL PAESE, su Flickr\" href=\"http:\/\/www.flickr.com\/photos\/91470992@N02\/10319894004\/\"><img loading=\"lazy\" decoding=\"async\" style=\"margin: 4px; float: left;\" src=\"http:\/\/farm6.staticflickr.com\/5532\/10319894004_e16d0324cd_n.jpg\" alt=\"biblioteca comunale\" width=\"350\" height=\"233\" \/><\/a><strong>A breve la biblioteca \u201cAngelilli\u201d sar\u00e0 chiusa al pubblico<\/strong> e Gioia perder\u00e0 uno dei servizi pi\u00f9 utili ed apprezzati dall\u2019utenza, <strong>un vero e proprio fiore all\u2019occhiello<\/strong> per l\u2019Amministrazione. Sono stati, infatti, <strong>autorizzati i lavori<\/strong> finanziati con fondi pubblici regionali <strong>per l\u2019istituzione dell\u2019Ufficio Immigrazione<\/strong>, che sar\u00e0 ospitato al secondo piano del palazzo Serino.<\/p>\n<p style=\"text-align: justify;\">A darne notizia sono <strong>gli stessi utenti<\/strong>, alcuni dei quali si sono anche mobilitati e <strong>stanno raccogliendo firme<\/strong>.<\/p>\n<p style=\"text-align: justify;\">\u201cE\u2019 incredibile, <strong>nessuno sa<\/strong> dirci <strong>dove verr\u00e0 spostata la biblioteca<\/strong>, se il servizio sar\u00e0 offerto e con quali modalit\u00e0! Io trascorro interi pomeriggi qui, studio e prendo in prestito buona parte dei testi che utilizzo per gli esami. Non sono sola, in tanti prediligono queste sale accoglienti, calde d\u2019inverno e fresche d\u2019estate. Il pe<a title=\"biblioteca comunale di LA VOCE DEL PAESE, su Flickr\" href=\"http:\/\/www.flickr.com\/photos\/91470992@N02\/10319981975\/\"><img loading=\"lazy\" decoding=\"async\" style=\"margin: 4px; float: right;\" src=\"http:\/\/farm8.staticflickr.com\/7296\/10319981975_fbd11550bc_n.jpg\" alt=\"biblioteca comunale\" width=\"350\" height=\"284\" \/><\/a>rsonale \u00e8 poi gentilissimo, possiamo utilizzare i computer, fare ricerche su Internet, consultare testi introvabili&#8230; <strong>Ci \u00e8 stato detto che il servizio non \u00e8 al momento tra le priorit\u00e0 dell\u2019Amministrazione <\/strong>e che l\u2019utenza \u00e8 subordinata. Stento a crederlo, anche se per la Cultura nessun politico si spende pi\u00f9 di tanto, a differenza di altri settori\u201d.<\/p>\n<p style=\"text-align: justify;\"><strong>Questo quanto dichiarato da G.S. studentessa<\/strong> di Lettere ed affezionata utente della biblioteca Angelilli.<\/p>\n<p style=\"text-align: justify;\"><strong>Tra i dipendenti vige lo stupore, anch\u2019essi non sanno dare risposte<\/strong>.<\/p>\n<p style=\"text-align: justify;\"><strong>In aprile<\/strong> le prime avvisaglie. <strong>Povia tent\u00f2, infatti, di far trasferire le classi del\u2019I.C. Losapio S. F. Neri presso la Carano per prendere possesso dello s<\/strong><strong>tabile ed ospitarvi la Biblioteca<\/strong> insieme ad altri servizi.<\/p>\n<p style=\"text-align: justify;\">L\u2019allora dirigente, dottoressa <strong>Anna Grazia De Marzo<\/strong>, sollecitata dai genitori contrari allo spos<a title=\"biblioteca comunale di LA VOCE DEL PAESE, su Flickr\" href=\"http:\/\/www.flickr.com\/photos\/91470992@N02\/10319913455\/\"><img loading=\"lazy\" decoding=\"async\" style=\"margin: 4px; float: left;\" src=\"http:\/\/farm8.staticflickr.com\/7404\/10319913455_a733e5d7ce_n.jpg\" alt=\"biblioteca comunale\" width=\"350\" height=\"263\" \/><\/a>tamento, <strong>si oppose a questa decisione ed il piano fall\u00ec<\/strong>.<\/p>\n<p style=\"text-align: justify;\"><strong>La Biblioteca ospita oggi cinque dipendenti<\/strong>, due dei quali part-time. Annualmente si registrano <strong>3.500 prenotazioni<\/strong>, ben <strong>40 gli utenti in media registrati al giorno<\/strong> e 80 i prestiti interbibliotecari annui, con un patrimonio di circa <strong>31.000 libri, di cui 4.000 di storia locale<\/strong>.<\/p>\n<p style=\"text-align: justify;\">Grazie a numerose donazioni (Soria, Giordani, Resta, Matarrese, ecc.), si \u00e8 costituito un fondo antico che comprende <strong>circa 650 volumi di medicina, diritto e scienze s<\/strong><strong>ociali, filosofia, letteratura.<\/strong> Molti volumi del fondo antico sono catalogati nell\u2019OPAC del Polo SBN Terra di Bari al quale la biblioteca aderisce e ben 30 volumi storici sono catalogati e consultabili tramite internet su <a href=\"http:\/\/www.internetculturale.it\">www.internetculturale.it<\/a>. <strong>E\u2019 in atto anche un progetto di scambio con altre 14 biblioteche nazionali<\/strong>, che pone la biblioteca gioiese in confronto con realt\u00e0<a title=\"biblioteca comunale di LA VOCE DEL PAESE, su Flickr\" href=\"http:\/\/www.flickr.com\/photos\/91470992@N02\/10319881564\/\"><img loading=\"lazy\" decoding=\"async\" style=\"margin: 4px; float: right;\" src=\"http:\/\/farm6.staticflickr.com\/5538\/10319881564_430c765f12_n.jpg\" alt=\"biblioteca comunale\" width=\"263\" height=\"350\" \/><\/a> prestigiose.<\/p>\n<p style=\"text-align: justify;\"><strong>Ufficio Cultura, Iat, Teatro e Sport fanno capo alla biblioteca e alla sua dirigente Arianna Addabbo<\/strong>.<\/p>\n<p style=\"text-align: justify;\"><strong>Tanta fretta nel dare inizio ai lavori<\/strong> parrebbe dettata &#8211; da voci di corridoio -, dal rischio di perdere i fondi. La ditta cui sono stati appaltati i lavori, reduce da contenziosi, pare sia stata autorizzata dall\u2019ingegner Laruccia con un contratto preliminare e non esecutivo.<\/p>\n<p style=\"text-align: justify;\"><strong>Altro problema quello legato alla sicurezza<\/strong>, in quanto l\u2019eventuale trasferimento della Biblioteca dovrebbe viaggiare insieme al documento di valutazione rischi (duvri).<\/p>\n<p style=\"text-align: justify;\"><strong>La biblioteca<\/strong>, va sottolineato, <strong>svolge anche un ruolo sociale e di sostegno economico per gli studenti impossibilitati ad acquistare testi<\/strong> che possono studiare in tutta tranquillit\u00e0 nelle salette. La stessa ospita <strong>momenti di formazione, laboratori ed eventi culturali di pregio<\/strong> (mostre, presentazione libri, persino recitazioni\u2026)<\/p>\n<p style=\"text-align: justify;\"><strong>Tutto ci\u00f2 avr\u00e0 pur un valore per il mondo politico<\/strong>. Per la comunit\u00e0 lo ha ed \u00e8 anche molto alto e le <strong>centinaia di firme gi\u00e0 raccolte lo attestano<\/strong>.<\/p>\n<p>&nbsp;<\/p>\n","protected":false},"excerpt":{"rendered":"","protected":false},"author":1,"featured_media":0,"comment_status":"open","ping_status":"closed","sticky":false,"template":"","format":"standard","meta":{"colormag_page_container_layout":"default_layout","colormag_page_sidebar_layout":"default_layout","footnotes":""},"categories":[8],"tags":[],"class_list":["post-43499","post","type-post","status-publish","format-standard","hentry","category-cronaca"],"_links":{"self":[{"href":"https:\/\/archiviogioia.lavocedelpaese.info\/index.php?rest_route=\/wp\/v2\/posts\/43499","targetHints":{"allow":["GET"]}}],"collection":[{"href":"https:\/\/archiviogioia.lavocedelpaese.info\/index.php?rest_route=\/wp\/v2\/posts"}],"about":[{"href":"https:\/\/archiviogioia.lavocedelpaese.info\/index.php?rest_route=\/wp\/v2\/types\/post"}],"author":[{"embeddable":true,"href":"https:\/\/archiviogioia.lavocedelpaese.info\/index.php?rest_route=\/wp\/v2\/users\/1"}],"replies":[{"embeddable":true,"href":"https:\/\/archiviogioia.lavocedelpaese.info\/index.php?rest_route=%2Fwp%2Fv2%2Fcomments&post=43499"}],"version-history":[{"count":0,"href":"https:\/\/archiviogioia.lavocedelpaese.info\/index.php?rest_route=\/wp\/v2\/posts\/43499\/revisions"}],"wp:attachment":[{"href":"https:\/\/archiviogioia.lavocedelpaese.info\/index.php?rest_route=%2Fwp%2Fv2%2Fmedia&parent=43499"}],"wp:term":[{"taxonomy":"category","embeddable":true,"href":"https:\/\/archiviogioia.lavocedelpaese.info\/index.php?rest_route=%2Fwp%2Fv2%2Fcategories&post=43499"},{"taxonomy":"post_tag","embeddable":true,"href":"https:\/\/archiviogioia.lavocedelpaese.info\/index.php?rest_route=%2Fwp%2Fv2%2Ftags&post=43499"}],"curies":[{"name":"wp","href":"https:\/\/api.w.org\/{rel}","templated":true}]}}