{"id":43608,"date":"2013-10-27T10:48:33","date_gmt":"2013-10-27T10:48:33","guid":{"rendered":"https:\/\/archiviogioia.lavocedelpaese.info\/?p=43608"},"modified":"2013-10-27T10:48:33","modified_gmt":"2013-10-27T10:48:33","slug":"menuccia-curione-ha-festeggiato-100-anni-di-vita-foto-2","status":"publish","type":"post","link":"https:\/\/archiviogioia.lavocedelpaese.info\/?p=43608","title":{"rendered":"MENUCCIA CURIONE HA FESTEGGIATO 100 ANNI DI VITA-foto"},"content":{"rendered":"<p><a title=\"menuccia curione3 di LA VOCE DEL PAESE, su Flickr\" href=\"http:\/\/www.flickr.com\/photos\/91470992@N02\/10516372066\/\"><img loading=\"lazy\" decoding=\"async\" style=\"display: block; margin-left: auto; margin-right: auto;\" src=\"http:\/\/farm6.staticflickr.com\/5502\/10516372066_8a9e62a750_n.jpg\" alt=\"menuccia curione3\" width=\"320\" height=\"240\" \/><\/a><\/p>\n<p><!--more--><\/p>\n<p style=\"text-align: justify;\"><a title=\"nonna menuccia 100 anni di LA VOCE DEL PAESE, su Flickr\" href=\"http:\/\/www.flickr.com\/photos\/91470992@N02\/10516370736\/\"><img loading=\"lazy\" decoding=\"async\" style=\"margin: 4px; float: left;\" src=\"http:\/\/farm6.staticflickr.com\/5530\/10516370736_379d455079_n.jpg\" alt=\"nonna menuccia 100 anni\" width=\"240\" height=\"320\" \/><\/a> <strong>Menuccia Curione<\/strong>, 100 anni compiuti da poco, con lo sguardo velato, ascolta attenta Chiara, sua nipote. Ne intuisce pi\u00f9 che vederne il volto, sente la sua carezza sulla guancia e manifesta, garrula, la sua gioia. <strong>Chiara Curione<\/strong> \u00e8 da lei ogni giorno, le attenzioni e l\u2019affetto ricevuti da bambina sono vividi nei suoi ricordi, a lei il compito di narrarne le gesta da ch\u00e9 un ictus a 98 anni le ha rubato la voce.<\/p>\n<p style=\"text-align: justify;\">Minuta, un vero scricciolo, seduta composta sul divano, Menuccia sorride, sa di essere al centro dell\u2019attenzione e come pu\u00f2 partecipa all\u2019incontro, alternando una vivacit\u00e0 fanciullesca a momenti di meditazione, quasi stesse ripercorrendo in un deja vu le gioie, i successi e gli affanni che hanno costellato la sua lunga vita.<\/p>\n<p style=\"text-align: justify;\"><strong>Filomena, per tutti Menuccia, nasce il 9 ottobre del 1913<\/strong>. Il suo pap\u00e0, Francesco, \u00e8 un fine ebanista, in guerra scolpir\u00e0 arti in legno per i soldati mutilati. Il destino ha voluto che non restasse in Libia, dove aveva deciso di tentare la fortuna. Tornato a Gioia lavora in bottega con suo figlio Rocco. Marino, il pap\u00e0 della scrittrice Chiara Curione, \u00e8 il fratello minore di Menuccia, vivr\u00e0 a casa di uno zio adottivo, <strong>Paolo Miraglino<\/strong> che lo educher\u00e0 ed avvier\u00e0 agli studi forensi.<\/p>\n<p style=\"text-align: justify;\"><strong>Seppur brillante e di vivace intelligenz<\/strong><a title=\"menuccia  curione1 di LA VOCE DEL PAESE, su Flickr\" href=\"http:\/\/www.flickr.com\/photos\/91470992@N02\/10516577583\/\"><img loading=\"lazy\" decoding=\"async\" style=\"margin: 4px; float: right;\" src=\"http:\/\/farm6.staticflickr.com\/5494\/10516577583_790d18d642_n.jpg\" alt=\"menuccia  curione1\" width=\"320\" height=\"240\" \/><\/a><strong>a, M<\/strong><strong>enuccia dovr\u00e0 obbedire al suo pap\u00e0 e interrompere gli studi <\/strong>dopo le elementari, non essendole consentito frequentare l\u2019avviamento e studiare accanto ai maschietti. Sua sorella Ninetta andr\u00e0 sposa a Milano e dovr\u00e0 esser lei ad accudire i genitori anziani. Allegra, gioiosa, amante del canto, Menuccia non si cruccia ed affronta la vita con serenit\u00e0.<\/p>\n<p style=\"text-align: justify;\">Dalle sorelle Leo apprende i segreti del cucito, divenendo un\u2019ottima sarta; confeziona splendidi abiti per s\u00e9 e la sua famiglia, con raffinato buon gusto. Sono suoi vicini di casa i Cirsella, all\u2019epoca titolari dell\u2019Ufficio postale. Notando l\u2019intelligenza della giovane e la sua innata abilit\u00e0 in matematica, le suggeriscono di prendere il diploma e far l\u2019esame di dattilografia, per poter essere assunta nell\u2019ufficio.<a title=\"menuccia curione2 di LA VOCE DEL PAESE, su Flickr\" href=\"http:\/\/www.flickr.com\/photos\/91470992@N02\/10516575373\/\"><img loading=\"lazy\" decoding=\"async\" style=\"margin: 4px; float: left;\" src=\"http:\/\/farm3.staticflickr.com\/2812\/10516575373_f00904d08a_n.jpg\" alt=\"menuccia curione2\" width=\"350\" height=\"263\" \/><\/a><\/p>\n<p style=\"text-align: justify;\"><strong>La giovane supera brillantemente ogni prova<\/strong> <strong>e viene impiegata nelle Poste<\/strong>.<\/p>\n<p style=\"text-align: justify;\">In estate con sua sorella Ninetta \u00e8 ospite della famiglia Ninni, in campagna. Isabella le attende trepidante, per godere di tanta gioiosa, allegria. Sono infatti molto ricercate le sorelle Curione per il buon carattere e l\u2019innato e contagioso buon umore<\/p>\n<p style=\"text-align: justify;\"><strong>La vita di Menuccia scorre serena, scandita da ritmi tranquilli<\/strong>. Terziaria francescana frequenta Santa Fara, non si concede lussi o divertimenti, sceglie un taglio corto e per i suoi capelli &#8211; confermando di aver innato buon gusto e amar la moda che segue e \u201cdetta\u201d confezionando a mano modelli di alta sartoria, sobri ed eleganti. Gli stessi, perfettamente conservati, sono con c<a title=\"menuccia  curione4 di LA VOCE DEL PAESE, su Flickr\" href=\"http:\/\/www.flickr.com\/photos\/91470992@N02\/10516373726\/\"><img loading=\"lazy\" decoding=\"async\" style=\"margin: 4px; float: right;\" src=\"http:\/\/farm3.staticflickr.com\/2846\/10516373726_59969eb66d_n.jpg\" alt=\"menuccia  curione4\" width=\"320\" height=\"240\" \/><\/a>ura riposti negli armadi, altri sono stati indossati da Chiara durante la presentazione dei suoi libri.<\/p>\n<p style=\"text-align: justify;\">\u201cIo e zia Menuccia abbiamo la stessa taglia, i suoi abiti sembrano confezionati su misura per me. Da piccina io e mio fratello eravamo spessissimo con lei, a casa dei nonni. La mia mamma era di Forenza, in Basilicata. <strong>Spesso raggiungeva i suoi per dare una mano nell\u2019emporio di famiglia. Babbo era un avvocato ed era spesso impegnato<\/strong>, per cui zia Menuccia ci accudiva. Con noi era severa il giusto: pretendeva educazione, seriet\u00e0, attenzione\u2026 Guai a non esser composti, seduti a tavola, teneva tantissimo al galateo e non transigeva. Ma sapeva essere anche tanto affettuosa\u2026 Ci cantava canzoncine e conosceva una infinit\u00e0 di indovinelli. Quando le ponevamo una domanda cui non voleva rispondere direttamente, ricorreva a uno dei mille, inesauribili motti o proverbi, sempre appropriati al contesto. A volte per non lasciarci soli in casa, ci portava con s\u00e9 in ufficio e l\u00ec facevamo i compiti, mentre lei svolgeva il suo lav<a title=\"menuccia  curione di LA VOCE DEL PAESE, su Flickr\" href=\"http:\/\/www.flickr.com\/photos\/91470992@N02\/10516358155\/\"><img loading=\"lazy\" decoding=\"async\" style=\"margin: 4px; float: left;\" src=\"http:\/\/farm6.staticflickr.com\/5533\/10516358155_36a2fd7684_n.jpg\" alt=\"menuccia  curione\" width=\"320\" height=\"240\" \/><\/a>oro.\u201d<\/p>\n<p style=\"text-align: justify;\">\u201c<strong>E\u2019 stata una donna molto bella, sicuramente corteggiata e a suo modo moderna. Amava il suo lavoro ed era molto responsabile<\/strong>. Ha accudito il nonno malato di demenza senile fino all\u2019et\u00e0 di 98 anni e non si \u00e8 mai lamentata. Quando zia Ninetta da San Filippo alla festa del Crocifisso si tratteneva a casa dei nonni &#8211; continua Chiara -, erano spesso insieme affacciate alla finestra di casa, in via Regina Elena. Zia Ninetta amava far valere la sua esperienza di \u201csorella maggiore\u201d, dava consigli non sempre chiesti e dettava legge. Zia Menuccia non protestava, la lasciava dire, ma poi puntualmente faceva quel che aveva deciso di fare. Era metodica e precisa in tutte le sue cose.\u201d<\/p>\n<p style=\"text-align: justify;\"><strong>Tra i ricordi confidati a Chiara, quello del giorno in cui viene dichiarata la seconda guerra mondiale<\/strong>. Mentre tutti, sc<a title=\"menuccia  curione7 di LA VOCE DEL PAESE, su Flickr\" href=\"http:\/\/www.flickr.com\/photos\/91470992@N02\/10516713433\/\"><img loading=\"lazy\" decoding=\"async\" style=\"margin: 4px; float: right;\" src=\"http:\/\/farm8.staticflickr.com\/7368\/10516713433_15a2694a71_n.jpg\" alt=\"menuccia  curione7\" width=\"240\" height=\"320\" \/><\/a>onvolti, si riuniscono in piazza o tornano a casa per stringersi intorno ai loro cari e ascoltare le notizie alla radio, <strong>Menuccia resta sul pos<\/strong><strong>to di lavoro<\/strong>. In quegli anni gli Ebrei confinati a Gioia frequentano l\u2019ufficio postale. Sono educatissimi &#8211; a suo dire -, tanto che spesso, sapendoli sotto custodia, Menuccia chiede agli utenti la cortesia di non lasciarli attendere in coda. La domenica la dedica alla cucina, \u00e8 famoso il suo rag\u00f9 alla bolognese.<\/p>\n<p style=\"text-align: justify;\">Quando <strong>viene nominata dir<\/strong><strong>ettrice dell\u2019Ufficio postale di Castiglione di Intelvi<\/strong>, in provincia di Como, raggiunge quello che per una donna \u00e8 il pi\u00f9 ambito riconoscimento alla carriera, ma non se ne vanta n\u00e9 si disarma. Prepara le sue cose e si reca nel Nord, pronta ad affrontare l\u2019ennesima sfida, da vera donna emancipata.<\/p>\n<p style=\"text-align: justify;\"><strong>Menuccia lavora fino ai 65 anni, quindi si dedica agli anziani genitori e a sua sorella, giunta alla veneranda et\u00e0 di 102 anni<\/strong>. Il 9 ottobre ha assaporato la sua torta, accanto i suoi cari\u2026 ai ricordi non pu\u00f2 dar pi\u00f9 voce, ma il suo affetto e la sua gioia trapelano dal suo sorriso, appena, appena un po\u2019 smarrito.<\/p>\n<p>\n<object data=\"https:\/\/static.googleusercontent.com\/external_content\/picasaweb.googleusercontent.com\/slideshow.swf\" type=\"application\/x-shockwave-flash\" width=\"640\" height=\"480\"><param name=\"flashvars\" value=\"host=picasaweb.google.com&amp;hl=it&amp;feat=flashalbum&amp;RGB=0x000000&amp;feed=https%3A%2F%2Fpicasaweb.google.com%2Fdata%2Ffeed%2Fapi%2Fuser%2F104626251937098962566%2Falbumid%2F5939473500199066961%3Falt%3Drss%26kind%3Dphoto%26hl%3Dit\" \/><param name=\"movie\" value=\"https:\/\/static.googleusercontent.com\/external_content\/picasaweb.googleusercontent.com\/slideshow.swf\" \/><\/object><\/p>\n","protected":false},"excerpt":{"rendered":"","protected":false},"author":1,"featured_media":0,"comment_status":"open","ping_status":"closed","sticky":false,"template":"","format":"standard","meta":{"colormag_page_container_layout":"default_layout","colormag_page_sidebar_layout":"default_layout","footnotes":""},"categories":[8],"tags":[],"class_list":["post-43608","post","type-post","status-publish","format-standard","hentry","category-cronaca"],"_links":{"self":[{"href":"https:\/\/archiviogioia.lavocedelpaese.info\/index.php?rest_route=\/wp\/v2\/posts\/43608","targetHints":{"allow":["GET"]}}],"collection":[{"href":"https:\/\/archiviogioia.lavocedelpaese.info\/index.php?rest_route=\/wp\/v2\/posts"}],"about":[{"href":"https:\/\/archiviogioia.lavocedelpaese.info\/index.php?rest_route=\/wp\/v2\/types\/post"}],"author":[{"embeddable":true,"href":"https:\/\/archiviogioia.lavocedelpaese.info\/index.php?rest_route=\/wp\/v2\/users\/1"}],"replies":[{"embeddable":true,"href":"https:\/\/archiviogioia.lavocedelpaese.info\/index.php?rest_route=%2Fwp%2Fv2%2Fcomments&post=43608"}],"version-history":[{"count":0,"href":"https:\/\/archiviogioia.lavocedelpaese.info\/index.php?rest_route=\/wp\/v2\/posts\/43608\/revisions"}],"wp:attachment":[{"href":"https:\/\/archiviogioia.lavocedelpaese.info\/index.php?rest_route=%2Fwp%2Fv2%2Fmedia&parent=43608"}],"wp:term":[{"taxonomy":"category","embeddable":true,"href":"https:\/\/archiviogioia.lavocedelpaese.info\/index.php?rest_route=%2Fwp%2Fv2%2Fcategories&post=43608"},{"taxonomy":"post_tag","embeddable":true,"href":"https:\/\/archiviogioia.lavocedelpaese.info\/index.php?rest_route=%2Fwp%2Fv2%2Ftags&post=43608"}],"curies":[{"name":"wp","href":"https:\/\/api.w.org\/{rel}","templated":true}]}}