{"id":43622,"date":"2013-10-28T12:29:23","date_gmt":"2013-10-28T12:29:23","guid":{"rendered":"https:\/\/archiviogioia.lavocedelpaese.info\/?p=43622"},"modified":"2013-10-28T12:29:23","modified_gmt":"2013-10-28T12:29:23","slug":"pubblico-rapito-dai-versi-di-rosemary-nicassio-foto-2","status":"publish","type":"post","link":"https:\/\/archiviogioia.lavocedelpaese.info\/?p=43622","title":{"rendered":"PUBBLICO RAPITO DAI VERSI DI ROSEMARY NICASSIO-foto"},"content":{"rendered":"<p><a title=\"rosemary-nicassio di LA VOCE DEL PAESE, su Flickr\" href=\"http:\/\/www.flickr.com\/photos\/91470992@N02\/10535721953\/\"><img loading=\"lazy\" decoding=\"async\" style=\"display: block; margin-left: auto; margin-right: auto;\" src=\"http:\/\/farm8.staticflickr.com\/7358\/10535721953_85ab3e7f97_n.jpg\" alt=\"rosemary-nicassio\" width=\"320\" height=\"240\" \/><\/a><\/p>\n<p><!--more--><\/p>\n<p style=\"margin-bottom: 0.0001pt; text-align: justify; line-height: normal;\"><a title=\"rosemary nicassio di LA VOCE DEL PAESE, su Flickr\" href=\"http:\/\/www.flickr.com\/photos\/91470992@N02\/10535498134\/\"><img loading=\"lazy\" decoding=\"async\" style=\"margin: 4px; float: left;\" src=\"http:\/\/farm6.staticflickr.com\/5492\/10535498134_46955ae24d_n.jpg\" alt=\"rosemary nicassio\" width=\"350\" height=\"234\" \/><\/a> <strong>Si raccontano le storie di amori<\/strong> <strong>persi<\/strong> per sempre \u2026 andati via. Lontano. <strong>Le passioni di una prostituta<\/strong>. Vendute. Si racconta <strong>la vecchiaia<\/strong>: di quel periodo della vita in cui lo sguardo si fa pi\u00f9 acuto. \u201c<i>Provo un senso di bellezza ogni qual volta incontro lo sguardo di un anziano. Lo vedo negli occhi di mio nonno, e in quelli che non ho avuto<\/i> [\u2026]\u201d, in questi termini s<strong>i esprime la poetessa Rosemary Nicassio<\/strong>, durante lo spettacolo \u2018<strong>A piedi nudi<\/strong>\u2019, avutosi nella serata di domenica 20 ottobre, presso il bar\/ristorante Mesalibre, sito in via Giovanni XXIII, 53.<\/p>\n<p style=\"margin-bottom: 0.0001pt; text-align: justify; line-height: normal;\">Rosemary, ventitreenne, <strong>vincitrice del premio \u2018C. Pavese\u2019<\/strong> nell\u2019anno corrente, accompagnata dalla chitarra di <strong>Pietro Verna<\/strong> &#8211; conoscitore esperto del cantautore De Andr\u00e8 &#8211; e dal sax di <strong>Francesco Galizia<\/strong>, incanta il numeroso uditorio con lo splendore delle sue parole. Intenso e intimo il suo rapporto con il cantautore genovese, che \u00e8 l\u2019indiscussa colonna sonora della serata.<\/p>\n<p style=\"margin-bottom: 0.0001pt; text-align: justify; line-height: normal;\">In riguardo la giovane poetessa dichiara: \u201c<i>La musica poliedrica del noto cantautore ha l<\/i><a title=\"rosemary nicassio di LA VOCE DEL PAESE, su Flickr\" href=\"http:\/\/www.flickr.com\/photos\/91470992@N02\/10535456215\/\"><img loading=\"lazy\" decoding=\"async\" style=\"margin: 4px; float: right;\" src=\"http:\/\/farm4.staticflickr.com\/3785\/10535456215_e5d0ccaa4a_n.jpg\" alt=\"rosemary nicassio\" width=\"350\" height=\"234\" \/><\/a><i>a capacit\u00e0 di abbracciare svariate tematiche, e di farlo con grande sensibilit\u00e0. La musica di De Andr\u00e8 orienta, innamora, coinvolge e avvolge [\u2026]. L\u2019intimit\u00e0 tra la tradizione cantautorale e la mia scrittura risiede in una complicit\u00e0 di suoni di emozioni e di sorrisi suscitati dal canto genovese<\/i> [\u2026]\u201d. Attraverso parole e note si arriva ad <strong>una meravigliosa dedica \u2018Alla madre\u2019<\/strong>. Rosemary spera che chiunque possa rispecchiarsi e dedicarla alla propria genitrice: una dedica in versi che dall\u2019individualit\u00e0 aspira all\u2019universalit\u00e0, a quel momento sublime in cui il lettore non pu\u00f2 fare a meno di riconoscersi: \u201c<i>Figlia dei tuoi sofferti gemiti\/ ho vissuto bambina al pianto.\/ Alba di vita<\/i> [\u2026]\/ <i>Stemperi le lacrime<\/i> [\u2026]\/<i>Baciami madre, insegnami la tenacia del vento<\/i> [\u2026]\/ <i>come si ama<\/i> [\u2026]\u201d.<\/p>\n<p style=\"margin-bottom: 0.0001pt; text-align: justify; line-height: normal;\"><strong>Una serata interessante organizzata dall\u2019associazione gioiese \u2018Il Faro\u2019<\/strong> &#8211; associazione autofinanziata nata nel luglio 2012 da un coeso gruppo di persone, che mira alla creazione di un vero e proprio laboratorio teso alla valorizzazione culturale -, <strong>presieduta da Vincenzo Lamanna<\/strong>.<\/p>\n<p style=\"margin-bottom: 0.0001pt; text-align: justify; line-height: normal;\">\u201c<i>La collaborazione con \u2018Il faro\u2019 nas<\/i><a title=\"rosemary nicassio di LA VOCE DEL PAESE, su Flickr\" href=\"http:\/\/www.flickr.com\/photos\/91470992@N02\/10535682513\/\"><img loading=\"lazy\" decoding=\"async\" style=\"margin: 4px; float: left;\" src=\"http:\/\/farm4.staticflickr.com\/3704\/10535682513_c183d3501f_n.jpg\" alt=\"rosemary nicassio\" width=\"350\" height=\"234\" \/><\/a><i>ce da un\u2019idea di Vincenzo Lamanna che, appreso il nostro desiderio di investire nell\u2019arte, ha deciso, coraggiosamente, di donarci una possibilit\u00e0 di ascolto<\/i>\u201d, cos\u00ec Rosemary Nicassio sostiene.<\/p>\n<p style=\"margin-bottom: 0.0001pt; text-align: justify; line-height: normal;\">A tal proposito, in conclusione all\u2019incontro letterario, <strong>il presidente dell\u2019associazione<\/strong> in questione <strong>afferma<\/strong>: \u201cIl mio intento \u00e8 quello di creare fermento culturale \u2026 il mio prossimo obiettivo \u00e8 quello di organizzare al pi\u00f9 presto una serata in sinergia fra vari artisti gioiesi, esponenti di vari correnti artistiche\u201d. Alla domanda sul perch\u00e9 si sia scelta come location il Mesalibre, risponde che <strong>l\u2019associazione sceglie sempre posti diversi per far s\u00ec che la fruizione sia data da persone sempre diverse<\/strong>. E Rosemary aggiunge: \u201c<i>Il Mesalibre \u00e8 un nido artistico molto suggestivo \u2026 disponibilit\u00e0, competenza e <\/i><i>verve spagnola si abbinano diligentemente all\u2019attenzione dell\u2019ascolto<\/i>\u201d. Uno spettacolo \u2018A piedi nudi\u2019 guidato da una grande comunanza di passioni. Uno <strong>spettacolo al quale si augura grande successo<\/strong>, e che sia il primo di un percorso artistico in crescita.<\/p>\n<p style=\"margin-bottom: 0.0001pt; text-align: justify; line-height: normal;\">Spettacolo immortalato dagli scatti di <strong>Mario Di Giuseppe<\/strong> che si ringrazia per la collaborazione.<\/p>\n<p>&nbsp;<br \/>\n<object data=\"https:\/\/static.googleusercontent.com\/external_content\/picasaweb.googleusercontent.com\/slideshow.swf\" type=\"application\/x-shockwave-flash\" width=\"640\" height=\"480\" pluginspage=\"http:\/\/www.macromedia.com\/go\/getflashplayer\"><param name=\"flashvars\" value=\"host=picasaweb.google.com&amp;hl=it&amp;feat=flashalbum&amp;RGB=0x000000&amp;feed=https%3A%2F%2Fpicasaweb.google.com%2Fdata%2Ffeed%2Fapi%2Fuser%2F104626251937098962566%2Falbumid%2F5939793653606948481%3Falt%3Drss%26kind%3Dphoto%26hl%3Dit\" \/><param name=\"movie\" value=\"https:\/\/static.googleusercontent.com\/external_content\/picasaweb.googleusercontent.com\/slideshow.swf\" \/><\/object><\/p>\n","protected":false},"excerpt":{"rendered":"","protected":false},"author":1,"featured_media":0,"comment_status":"open","ping_status":"closed","sticky":false,"template":"","format":"standard","meta":{"colormag_page_container_layout":"default_layout","colormag_page_sidebar_layout":"default_layout","footnotes":""},"categories":[6],"tags":[],"class_list":["post-43622","post","type-post","status-publish","format-standard","hentry","category-cultura"],"_links":{"self":[{"href":"https:\/\/archiviogioia.lavocedelpaese.info\/index.php?rest_route=\/wp\/v2\/posts\/43622","targetHints":{"allow":["GET"]}}],"collection":[{"href":"https:\/\/archiviogioia.lavocedelpaese.info\/index.php?rest_route=\/wp\/v2\/posts"}],"about":[{"href":"https:\/\/archiviogioia.lavocedelpaese.info\/index.php?rest_route=\/wp\/v2\/types\/post"}],"author":[{"embeddable":true,"href":"https:\/\/archiviogioia.lavocedelpaese.info\/index.php?rest_route=\/wp\/v2\/users\/1"}],"replies":[{"embeddable":true,"href":"https:\/\/archiviogioia.lavocedelpaese.info\/index.php?rest_route=%2Fwp%2Fv2%2Fcomments&post=43622"}],"version-history":[{"count":0,"href":"https:\/\/archiviogioia.lavocedelpaese.info\/index.php?rest_route=\/wp\/v2\/posts\/43622\/revisions"}],"wp:attachment":[{"href":"https:\/\/archiviogioia.lavocedelpaese.info\/index.php?rest_route=%2Fwp%2Fv2%2Fmedia&parent=43622"}],"wp:term":[{"taxonomy":"category","embeddable":true,"href":"https:\/\/archiviogioia.lavocedelpaese.info\/index.php?rest_route=%2Fwp%2Fv2%2Fcategories&post=43622"},{"taxonomy":"post_tag","embeddable":true,"href":"https:\/\/archiviogioia.lavocedelpaese.info\/index.php?rest_route=%2Fwp%2Fv2%2Ftags&post=43622"}],"curies":[{"name":"wp","href":"https:\/\/api.w.org\/{rel}","templated":true}]}}