{"id":43826,"date":"2013-11-16T18:20:17","date_gmt":"2013-11-16T18:20:17","guid":{"rendered":"https:\/\/archiviogioia.lavocedelpaese.info\/?p=43826"},"modified":"2013-11-16T18:20:17","modified_gmt":"2013-11-16T18:20:17","slug":"ricciotto-canudo-qun-povero-genio-morto-giovaneq-foto","status":"publish","type":"post","link":"https:\/\/archiviogioia.lavocedelpaese.info\/?p=43826","title":{"rendered":"RICCIOTTO CANUDO &#8220;UN POVERO GENIO MORTO GIOVANE&#8221;-foto"},"content":{"rendered":"<p><a title=\"ricciotto canudo da ieri ad oggi5 di LA VOCE DEL PAESE, su Flickr\" href=\"http:\/\/www.flickr.com\/photos\/91470992@N02\/10891024533\/\"><img loading=\"lazy\" decoding=\"async\" style=\"display: block; margin-left: auto; margin-right: auto;\" src=\"http:\/\/farm8.staticflickr.com\/7315\/10891024533_5bcbf19cb5_n.jpg\" alt=\"ricciotto canudo da ieri ad oggi5\" width=\"320\" height=\"240\" \/><\/a><\/p>\n<p><!--more--><\/p>\n<p style=\"text-align: justify;\"><a title=\"Canudo1 di LA VOCE DEL PAESE, su Flickr\" href=\"http:\/\/www.flickr.com\/photos\/91470992@N02\/10827348456\/\"><img loading=\"lazy\" decoding=\"async\" style=\"margin: 4px; float: left;\" src=\"http:\/\/farm3.staticflickr.com\/2850\/10827348456_3315112cdf.jpg\" alt=\"Canudo1\" width=\"256\" height=\"350\" \/><\/a><strong>Gioved\u00ec 14 novembre<\/strong>, ore 17.00, l&#8217;Auditorium del liceo scientifico ospita molti alunni che, insieme ai loro genitori e a tante altre personalit\u00e0 gioiesi assistono alla <strong>conferenza del prof. Dotoli<\/strong>, \u201c<strong>Ricciotto Canudo da ieri ad oggi<\/strong>\u201d per ricordare il nostro concittadino nel 90\u00b0 anniversario della sua scomparsa, (nato a Gioia del Colle il 2 gennaio 1877 e morto a Parigi il 10 novembre 1923).<\/p>\n<p style=\"text-align: justify;\">Il Dirigente Scolastico, prof. <strong>Rocco Fazio<\/strong>, ha organizzato l\u2019evento non solo perch\u00e9 il Liceo Scientifico, che dirige, porta il nome di questo grande artista, ma anche perch\u00e9 Ricciotto Canudo \u00e8 uno dei grandi nomi della nostra terra che hanno onorato l\u2019Italia in Francia e nel mondo e tale incontro \u00e8 l\u2019occasione per far conoscere la vita di questo grande intellettuale avanguardista agli studenti e alla comunit\u00e0 tutta.<\/p>\n<p style=\"text-align: justify;\">Il Dirigente Rocco Fazio <strong>ringrazia i presenti e si congratula con gli studenti<\/strong> che hanno fatto parte di una delegazione dell&#8217;Istituto che ha presenziato alla manifestazione di luned\u00ec scorso presso il Cineporto della Fiera del Levante; studenti che hanno partecipato attivamente al dibattito e i cui interventi, ben apprezzati dal competente pubblico presente, hanno dato lustro alla nostra Scuola.<\/p>\n<p style=\"text-align: justify;\">La conferenza inizia con la <strong>presentazione di un filmato realizza<\/strong><strong>to da alcuni ragazzi della 5D<\/strong> <strong>del Liceo Scientifico<\/strong>, con la collaborazione di un ragazzo del Liceo Classico: <strong>Vittoriana Lasorella, Vito Morgese, Verdiana Paradiso, Valerio Ronchi, Simona Scorza, Elena Milano, Francesca Girardi e Alberto Manca<\/strong>. \u201cAbbiamo cercato di rappresentare quel personaggio straordinario, francese in Italia e italiano in Francia, che ha raccolto le arti del tempo e dello spazio e le arti mobili in una arte nuova e meravigliosa \u2018il cinema\u2019\u201d, ha detto Vittoriana dopo la presentazione dell\u2019interessante video <strong>Milord<\/strong>, visibile su youtube.<a title=\"ricciotto canudo da ieri ad oggi7 di LA VOCE DEL PAESE, su Flickr\" href=\"http:\/\/www.flickr.com\/photos\/91470992@N02\/10890716635\/\"><img loading=\"lazy\" decoding=\"async\" style=\"margin: 4px; float: right;\" src=\"http:\/\/farm4.staticflickr.com\/3678\/10890716635_74e7be4de1_n.jpg\" alt=\"ricciotto canudo da ieri ad oggi7\" width=\"350\" height=\"263\" \/><\/a><\/p>\n<p style=\"text-align: justify;\">Il nipote del grande artista, l\u2019ing. <strong>Giandonato Disanto<\/strong>, introduce il professor <strong>Giovanni Dotoli<\/strong>, che occupa a Bari la cattedra di Lingua Francese e che ha fatto numerose pubblicazioni, studi ed interessanti ricerche sulla figura di Canudo:<\/p>\n<p style=\"text-align: justify;\"><i><span style=\"color: black; background: none repeat scroll 0% 0% white;\">Pubblicazioni della Fondazione Ricciotto Canudo<\/span><\/i><span style=\"color: black; background: none repeat scroll 0% 0% white;\">;<\/span><\/p>\n<p style=\"text-align: justify;\"><i><span style=\"color: black; background: none repeat scroll 0% 0% white;\">Lo scrittore totale. Saggi su Ricciotto Canudo<\/span><\/i><span style=\"color: black; background: none repeat scroll 0% 0% white;\">;<\/span><\/p>\n<p style=\"text-align: justify;\"><i><span style=\"color: black; background: none repeat scroll 0% 0% white;\">Nascita della modernit\u00e0: Baudelaire, Apollinaire, Canudo, il viaggio dell&#8217;arte;<\/span><\/i><\/p>\n<p style=\"text-align: justify;\"><i><span style=\"color: black; background: none repeat scroll 0% 0% white;\">Ricciotto Canudo ou le cin\u00e9ma comme art, pr\u00e9face de Jean-Louis Leutrat.<\/span><\/i><\/p>\n<p style=\"text-align: justify;\"><strong>L\u2019interesse principale del professore \u00e8 stata l\u2019analisi del flusso emigratorio dei Pugliesi<\/strong> di grande rilievo a Parigi, di tanti intellettuali che hanno contribuito con il loro ingegno a fare grande Parigi, la capitale mondiale dell\u2019arte.<a title=\"ricciotto canudo da ieri ad oggi6 di LA VOCE DEL PAESE, su Flickr\" href=\"http:\/\/www.flickr.com\/photos\/91470992@N02\/10891024273\/\"><img loading=\"lazy\" decoding=\"async\" style=\"margin: 4px; float: left;\" src=\"http:\/\/farm3.staticflickr.com\/2808\/10891024273_a2025f9df1_n.jpg\" alt=\"ricciotto canudo da ieri ad oggi6\" width=\"350\" height=\"263\" \/><\/a><\/p>\n<p style=\"text-align: justify;\">Uno dei cinque romanzi di Canudo, <i><span style=\"color: black; background: none repeat scroll 0% 0% white;\">Les Transplant\u00e9s<\/span><\/i><span style=\"color: black; background: none repeat scroll 0% 0% white;\">, fa riferimento ai pugliesi trapiantati in terra francese, dove portano la nostra grande storia e cita il grande pittore De Nittis, Tommaso Bianco di Fasano, che diventa un fotografo di fama mondiale, Giambattista Rossi, di Foggia, grande musicista. La considerazione che il professore fa \u00e8 che noi meridionali non esaltiamo le nostre virt\u00f9 ed invece dobbiamo guardare con pi\u00f9 atten<\/span><span style=\"color: black; background: none repeat scroll 0% 0% white;\">zione alla nostra storia.<\/span><\/p>\n<p style=\"text-align: justify;\"><strong><span style=\"color: black; background: none repeat scroll 0% 0% white;\">Un altro filone studiato \u00e8 stato quello del \u201cviaggio\u201d<\/span><\/strong><span style=\"color: black; background: none repeat scroll 0% 0% white;\">, cio\u00e8 il viaggio dei francesi in Puglia, che ha prodotto la pubblicazione di 14 volumi su come i francesi hanno visto la Puglia.<\/span><\/p>\n<p style=\"text-align: justify;\"><span style=\"color: black; background: none repeat scroll 0% 0% white;\">E\u2019 stato lo studio su Apollinaire che ha fatto scoprire al Prof. Dotoli la figura di Canudo, personaggio nato a Gioia del Colle, chiamato scherzosamente le barisien. Il professore raccoglie la loro corrispondenza e, per conoscere pi\u00f9 approfonditamente il genio Canudo, avvicina il Preside, <strong>Prof. Fortunato Matarrese<\/strong>, dirigente del liceo classico negli anni \u201960 e grande studioso. La passione cresce e visita tutte le librerie di P<\/span><a title=\"ricciotto canudo da ieri ad oggi4 di LA VOCE DEL PAESE, su Flickr\" href=\"http:\/\/www.flickr.com\/photos\/91470992@N02\/10890717755\/\"><img loading=\"lazy\" decoding=\"async\" style=\"margin: 4px; float: right;\" src=\"http:\/\/farm6.staticflickr.com\/5528\/10890717755_fffc6238c9_n.jpg\" alt=\"ricciotto canudo da ieri ad oggi4\" width=\"350\" height=\"263\" \/><\/a><span style=\"color: black; background: none repeat scroll 0% 0% white;\">arigi, gli antiquariati<\/span><span style=\"color: black; background: none repeat scroll 0% 0% white;\">, in cerca di materiale, manoscritti, immagini di Canudo. Tra le tante cose trova una cartella di 30 lettere dell\u2019ama<\/span><span style=\"color: black; background: none repeat scroll 0% 0% white;\">nte di Canudo.<\/span><\/p>\n<p style=\"text-align: justify;\"><span style=\"color: black; background: none repeat scroll 0% 0% white;\">Il padre di Canudo \u00e8 un direttore dell\u2019Agenzia delle tasse e, perci\u00f2, deve trasferirsi continuamente da una citt\u00e0 ad un\u2019altra, tra cui Palermo, Messina prima di approdare a Gioia del Colle.<\/span><\/p>\n<p style=\"text-align: justify;\"><span style=\"color: black; background: none repeat scroll 0% 0% white;\">Il giovane inquieto, giovanissimo gi\u00e0 scriveva; <i>Piccole anime senza corpo<\/i><\/span><span style=\"color: black; background: none repeat scroll 0% 0% white;\"> \u00e8 un poemetto pub<\/span><span style=\"color: black; background: none repeat scroll 0% 0% white;\">blicato nel 1898 a Castrocaro, il che dimostra l\u2019espansione della sua fama; incontra Prezzolini e Amendola a Firenze, <strong>le sue sono quindi conoscenze letterarie e politiche<\/strong>. Canudo \u00e8 colui che per primo conosce il pittore Marc Shagall e il musicista Stravinsky, ed \u00e8 grande amico di Picasso, Milhaud e Ravel, compositori francesi. A Parigi svolge una funzione importante, utilizzare al massimo la sua capacit\u00e0 umana di mettere insieme gente, di unire le arti che, insieme, concorrono a creare <strong>arte.<\/strong> <strong>Questa capacit\u00e0 di mettere insieme, di creare anche politicamente lo avvicina al socialismo<\/strong>.<\/span><\/p>\n<p style=\"text-align: justify;\"><span style=\"color: black; background: none repeat scroll 0% 0% white;\">Con questa sua idea di sincretismo delle arti, <strong>nessuna arte primeggia sulle altre<\/strong>, anzi ci\u00f2 che le accomuna \u00e8 la ricerca estetica del Bello, del Vero, la stessa ricerca di J. Keats<\/span><a title=\"ricciotto canudo da ieri ad oggi2 di LA VOCE DEL PAESE, su Flickr\" href=\"http:\/\/www.flickr.com\/photos\/91470992@N02\/10891025473\/\"><img loading=\"lazy\" decoding=\"async\" style=\"margin: 4px; float: left;\" src=\"http:\/\/farm6.staticflickr.com\/5533\/10891025473_881c44fec7_n.jpg\" alt=\"ricciotto canudo da ieri ad oggi2\" width=\"350\" height=\"263\" \/><\/a><span style=\"color: black; background: none repeat scroll 0% 0% white;\"> &#8211; <\/span><span style=\"color: black;\"><span style=\"background: none repeat scroll 0% 0% white;\">\u201cBeauty is Truth, Truth Beauty, -that is all ye know on Earth, and all ye need to know\u201d quella bellezza e purezza che Picasso riscontra nell\u2019arte pura, african<\/span><\/span><span style=\"color: black;\"><span style=\"background: none repeat scroll 0% 0% white;\">a.<\/span><\/span><\/p>\n<p style=\"text-align: justify;\"><strong><span style=\"color: black; background: none repeat scroll 0% 0% white;\">Di qui la ricerca della <\/span><\/strong><strong><span style=\"color: black; background: none repeat scroll 0% 0% white;\">settima arte: il<\/span><\/strong><span style=\"color: black; background: none repeat scroll 0% 0% white;\"> <strong>Cinema, <\/strong>arte che \u00e8 quasi magia.<\/span><\/p>\n<p style=\"text-align: justify;\"><strong><span style=\"color: black; background: none repeat scroll 0% 0% white;\">La settima arte nella scala delle sette donne<\/span><\/strong><span style=\"color: black; background: none repeat scroll 0% 0% white;\">. La storia comprende sette arti, tre del tempo, statiche (<strong>Musica, Poesia, Danza<\/strong>) e tre dello spazio, mobili (<strong>Architettura, Scultura e Pittura<\/strong>).<\/span><\/p>\n<p style=\"text-align: justify;\"><span style=\"color: black; background: none repeat scroll 0% 0% white;\">Queste sei arti si uniscono nel Cinema, che diventa la settima arte, ultima della storia, ma che le integra tutte e, come dice Aristotele, ogni opera teatrale produce una catarsi.<\/span><\/p>\n<p style=\"text-align: justify;\"><strong><span style=\"color: black; background: none repeat scroll 0% 0% white;\">Parliamo dunque di un personaggio che \u00e8 di grande attualit\u00e0<\/span><\/strong><span style=\"color: black; background: none repeat scroll 0% 0% white;\"> perch\u00e9 annuncia che tutte le materie sono uguali e che tutte le lingue sono uguali, di un uomo che porta al massimo l\u2019elemento educativo e l\u2019attenzione ai giovani. <strong>Canudo ha dimostrato che l\u2019arte \u00e8 solidale, \u00e8 al servizio degli altri<\/strong> e che tutto viaggia tra tradizione e innovazione. Si vive il present<\/span><a title=\"ricciotto canudo da ieri ad oggi3 di LA VOCE DEL PAESE, su Flickr\" href=\"http:\/\/www.flickr.com\/photos\/91470992@N02\/10890870924\/\"><img loading=\"lazy\" decoding=\"async\" style=\"margin: 4px; float: right;\" src=\"http:\/\/farm4.staticflickr.com\/3672\/10890870924_b761b17bf6_n.jpg\" alt=\"ricciotto canudo da ieri ad oggi3\" width=\"350\" height=\"263\" \/><\/a><span style=\"color: black; background: none repeat scroll 0% 0% white;\">e senza rigettare il passato e lui ha conservato fortemente il patrimonio della sua Puglia, la civilt\u00e0 dei Greci, ha cercato il Bello, l\u2019essenziale e ha proclamato il mito, nella storia di Bianca Lancia legata al castello di Gioia.<\/span><\/p>\n<p style=\"text-align: justify;\"><span style=\"color: black; background: none repeat scroll 0% 0% white;\">Tutto si traduce nell\u2019umanesimo della recente civilt\u00e0 tecnologica<strong>.<\/strong><\/span><\/p>\n<p style=\"text-align: justify;\"><strong><span style=\"color: black; background: none repeat scroll 0% 0% white;\">Il suo motto<\/span><\/strong><span style=\"color: black; background: none repeat scroll 0% 0% white;\"> \u00e8<strong> AD METAM ED ULTRAM<\/strong> e lui ha osato partendo giovanissimo e ha saputo dimostrare a tutti la sua grande genialit\u00e0 e la sua mente eclettica.<\/span><\/p>\n<p style=\"text-align: justify;\"><strong><span style=\"color: black; background: none repeat scroll 0% 0% white;\">Da questa descrizione puntuale \u00e8 emerso l\u2019uomo moderno dell\u2019inizio del secolo scorso<\/span><\/strong><span style=\"color: black; background: none repeat scroll 0% 0% white;\">, l\u2019umanista e l\u2019avanguardista, il cui esempio di vita \u00e8 una grande lezione per i giovani studenti e l\u2019intervento di Niccol\u00f2 Carnevale lo dimostra, il suo pensiero rincorre la nascita del cinema che \u00e8 correlata a quei strumenti che stringiamo tra le mani, strumenti che oggi la scienza produce a ritmo incalzante. La scienza \u00e8 la salvezza dell\u2019uomo, dice il prof. Dotoli. <strong>Canudo<\/strong> <strong>\u00e8 vissuto nel momento della pi\u00f9 rapida tecnologia della storia<\/strong> e ha capito che mettendo insieme le immagini, una sull\u2019altra, queste avrebbero prodotto un movimento, che poi sarebbe stato accompagnato dalla musica ed ecco la fusione delle arti. Il cinema \u00e8 la scienza che fa sognare. \u00c8 umanesimo. La grandezza di Canudo sta nel fatto che fa com<\/span><a title=\"ricciotto canudo da ieri ad oggi di LA VOCE DEL PAESE, su Flickr\" href=\"http:\/\/www.flickr.com\/photos\/91470992@N02\/10890871524\/\"><img loading=\"lazy\" decoding=\"async\" style=\"float: left;\" src=\"http:\/\/farm8.staticflickr.com\/7346\/10890871524_1605eb66e2_n.jpg\" alt=\"ricciotto canudo da ieri ad oggi\" width=\"320\" height=\"240\" \/><\/a><span style=\"color: black; background: none repeat scroll 0% 0% white;\">prendere, a chi si accosta a lui, che la cultura ha una dimensione europea, supera i valichi e i limiti per fondersi in un insieme armonico che annulla le barriere. Europeista, avanguardista, ma soprattutto un umanista, che ha saputo innovare pur rimanendo ancorato al suo passato.<\/span><\/p>\n<p style=\"text-align: justify;\"><strong><span style=\"color: black; background: none repeat scroll 0% 0% white;\">La serata si conclude con la visione di una parte del film <i>La Roue<\/i> d\u2019Abel Gange<\/span><\/strong><span style=\"color: black; background: none repeat scroll 0% 0% white;\"> che il nipote, l\u2019ing. Disanto ha tratto da youtube e il pubblico resta impressionato dalle immagini, dai volti e dalla musica: Uccello di fuoco di Stravinsky; manca del tutto il parlato.<\/span><\/p>\n<p style=\"text-align: justify;\"><strong><span style=\"color: black; background: none repeat scroll 0% 0% white;\">L\u2019ingegnere \u00e8 accompagnato dalla sorella, Maria Colomba<\/span><\/strong><span style=\"color: black; background: none repeat scroll 0% 0% white;\">, che porta lo stesso nome della sorella di Canudo, la cui madre si chiamava Stampacchia. <strong>Sono i nipoti che intendono portare avanti un progetto per la realizzazione di un museo di Ricciotto Canudo<\/strong> presso Villa Stampacchia a Santo Spirito di Bari, mentre a Gioia del Colle rimane solamente la sua targa e il nome del Liceo Scientifico a ricordare la grandezza di un povero genio, morto giovane.<\/span><\/p>\n<p>\n<object data=\"https:\/\/static.googleusercontent.com\/external_content\/picasaweb.googleusercontent.com\/slideshow.swf\" type=\"application\/x-shockwave-flash\" width=\"640\" height=\"480\"><param name=\"flashvars\" value=\"host=picasaweb.google.com&amp;hl=it&amp;feat=flashalbum&amp;RGB=0x000000&amp;feed=https%3A%2F%2Fpicasaweb.google.com%2Fdata%2Ffeed%2Fapi%2Fuser%2F104626251937098962566%2Falbumid%2F5946944337121005121%3Falt%3Drss%26kind%3Dphoto%26hl%3Dit\" \/><param name=\"movie\" value=\"https:\/\/static.googleusercontent.com\/external_content\/picasaweb.googleusercontent.com\/slideshow.swf\" \/><\/object><\/p>\n","protected":false},"excerpt":{"rendered":"","protected":false},"author":1,"featured_media":0,"comment_status":"open","ping_status":"closed","sticky":false,"template":"","format":"standard","meta":{"colormag_page_container_layout":"default_layout","colormag_page_sidebar_layout":"default_layout","footnotes":""},"categories":[4],"tags":[],"class_list":["post-43826","post","type-post","status-publish","format-standard","hentry","category-politica"],"_links":{"self":[{"href":"https:\/\/archiviogioia.lavocedelpaese.info\/index.php?rest_route=\/wp\/v2\/posts\/43826","targetHints":{"allow":["GET"]}}],"collection":[{"href":"https:\/\/archiviogioia.lavocedelpaese.info\/index.php?rest_route=\/wp\/v2\/posts"}],"about":[{"href":"https:\/\/archiviogioia.lavocedelpaese.info\/index.php?rest_route=\/wp\/v2\/types\/post"}],"author":[{"embeddable":true,"href":"https:\/\/archiviogioia.lavocedelpaese.info\/index.php?rest_route=\/wp\/v2\/users\/1"}],"replies":[{"embeddable":true,"href":"https:\/\/archiviogioia.lavocedelpaese.info\/index.php?rest_route=%2Fwp%2Fv2%2Fcomments&post=43826"}],"version-history":[{"count":0,"href":"https:\/\/archiviogioia.lavocedelpaese.info\/index.php?rest_route=\/wp\/v2\/posts\/43826\/revisions"}],"wp:attachment":[{"href":"https:\/\/archiviogioia.lavocedelpaese.info\/index.php?rest_route=%2Fwp%2Fv2%2Fmedia&parent=43826"}],"wp:term":[{"taxonomy":"category","embeddable":true,"href":"https:\/\/archiviogioia.lavocedelpaese.info\/index.php?rest_route=%2Fwp%2Fv2%2Fcategories&post=43826"},{"taxonomy":"post_tag","embeddable":true,"href":"https:\/\/archiviogioia.lavocedelpaese.info\/index.php?rest_route=%2Fwp%2Fv2%2Ftags&post=43826"}],"curies":[{"name":"wp","href":"https:\/\/api.w.org\/{rel}","templated":true}]}}