{"id":43903,"date":"2013-11-21T02:36:20","date_gmt":"2013-11-21T02:36:20","guid":{"rendered":"https:\/\/archiviogioia.lavocedelpaese.info\/?p=43903"},"modified":"2013-11-21T02:36:20","modified_gmt":"2013-11-21T02:36:20","slug":"rassegna-pasquale-castellaneta-oltre-50-artisti-foto-2","status":"publish","type":"post","link":"https:\/\/archiviogioia.lavocedelpaese.info\/?p=43903","title":{"rendered":"OLTRE 50 ARTISTI RASSEGNA \u201cPASQUALE CASTELLANETA\u201d-foto"},"content":{"rendered":"<p><a title=\"mostra-castellaneta di LA VOCE DEL PAESE, su Flickr\" href=\"http:\/\/www.flickr.com\/photos\/91470992@N02\/10971338474\/\"><img loading=\"lazy\" decoding=\"async\" style=\"display: block; margin-left: auto; margin-right: auto;\" src=\"http:\/\/farm6.staticflickr.com\/5536\/10971338474_42114dec81_n.jpg\" alt=\"mostra-castellaneta\" width=\"320\" height=\"240\" \/><\/a><\/p>\n<p><!--more--><\/p>\n<p style=\"margin-bottom: 0.0001pt; text-align: justify; line-height: normal;\"><a title=\"inaugurazione mostra 2 di LA VOCE DEL PAESE, su Flickr\" href=\"http:\/\/www.flickr.com\/photos\/91470992@N02\/10971386633\/\"><img loading=\"lazy\" decoding=\"async\" style=\"margin: 4px; float: left;\" src=\"http:\/\/farm3.staticflickr.com\/2868\/10971386633_cae9d43fba_n.jpg\" alt=\"inaugurazione mostra 2\" width=\"350\" height=\"232\" \/><\/a> <strong>Grande partecipazione e gran lustro per<\/strong> <strong>la Rassegna Nazionale di pittura &#8220;Pasquale Castellaneta\u201d<\/strong>, giunta alla sua seconda edizione, tenutasi fino al 17 novembre nella Sala De Deo. A presentare la serata inaugurale <strong>Giovanni Amodio<\/strong>, critico d\u2019arte. Organizzatore, mattatore e cuore pulsante l\u2019instancabile artista <strong>Umberto Colapinto<\/strong>, in arte Cuber, perfettamente a suo agio nei panni di padrone di casa.<\/p>\n<p style=\"margin-bottom: 0.0001pt; text-align: justify; line-height: normal;\">\u201c<strong>Ho impiegato tantissime energie per quest\u2019evento<\/strong>\u201d, spiega Umberto Colapinto. E aggiunge orgoglioso: \u201cHo riempito diversi <i>bed and breakfast<\/i> gioiesi, poich\u00e9 <strong>gli artisti che hanno partecipato venivano da tutta Italia<\/strong>\u201d.<\/p>\n<p style=\"margin-bottom: 0.0001pt; text-align: justify; line-height: normal;\"><strong>Umberto Colapinto ha voluto una inaugurazione con la I maiuscola<\/strong>, con il classico taglio del nastro con un paio di forbici.<\/p>\n<p style=\"margin-bottom: 0.0001pt; text-align: justify; line-height: normal;\">\u201c<strong>Questa rassegna l\u2019ho de<\/strong><a title=\"inaugurazione mostra castellaneta di LA VOCE DEL PAESE, su Flickr\" href=\"http:\/\/www.flickr.com\/photos\/91470992@N02\/10971322924\/\"><img loading=\"lazy\" decoding=\"async\" style=\"margin: 4px; float: right;\" src=\"http:\/\/farm4.staticflickr.com\/3737\/10971322924_197692c7ba_n.jpg\" alt=\"inaugurazione mostra castellaneta\" width=\"350\" height=\"263\" \/><\/a><strong>dicata al mio amico Pasquale Castellaneta<\/strong>, artista talentuoso che avrebbe potuto dare molto di pi\u00f9, se la vita, le circostanze familiari, il lavoro e la morte prematura per una malattia improvvisa, non glielo avessero impedito. <strong>Era una persona umile, buona e vorrei che rivivesse attraverso questa mostra<\/strong>, che organizzo ormai da due anni.\u201d<\/p>\n<p style=\"margin-bottom: 0.0001pt; text-align: justify; line-height: normal;\"><strong>Un omaggio quindi al suo amico ed all\u2019Arte stessa<\/strong>: \u201cL\u2019anno scorso, alla sua prima edizione, questa rassegna assegnava un premio. Ho tuttavia deciso di non riproporre il concorso, poich\u00e9 qui siamo tutti amici ed era inutile gareggiare tra di noi. Doveva esserci solidariet\u00e0 tra gli artisti, poich\u00e9 <strong>noi artisti ci capiamo, e vediamo il mondo attraverso occhi diversi rispetto agli altri<\/strong>\u201d.<\/p>\n<p style=\"margin-bottom: 0.0001pt; text-align: justify; line-height: normal;\"><strong>Un amico a cui ha voluto dedicare anche una poesia<\/strong>, <strong>definendolo<\/strong> \u201c<strong>un sole spezzato<\/strong>\u201d, come un suo dipinto che accidentalmente si era bagnato e metafora dell\u2019artista stesso.&nbsp;<\/p>\n<p style=\"margin-bottom: 0.0001pt; text-align: justify; line-height: normal;\">Scatti fotografici a cura di <strong>Mario Di Giuseppe<\/strong>.<\/p>\n<p>\n<object data=\"https:\/\/static.googleusercontent.com\/external_content\/picasaweb.googleusercontent.com\/slideshow.swf\" type=\"application\/x-shockwave-flash\" width=\"640\" height=\"480\"><param name=\"flashvars\" value=\"host=picasaweb.google.com&amp;hl=it&amp;feat=flashalbum&amp;RGB=0x000000&amp;feed=https%3A%2F%2Fpicasaweb.google.com%2Fdata%2Ffeed%2Fapi%2Fuser%2F104626251937098962566%2Falbumid%2F5948530281051441969%3Falt%3Drss%26kind%3Dphoto%26hl%3Dit\" \/><param name=\"movie\" value=\"https:\/\/static.googleusercontent.com\/external_content\/picasaweb.googleusercontent.com\/slideshow.swf\" \/><\/object><\/p>\n<p><object data=\"https:\/\/static.googleusercontent.com\/external_content\/picasaweb.googleusercontent.com\/slideshow.swf\" type=\"application\/x-shockwave-flash\" width=\"640\" height=\"480\"><param name=\"flashvars\" value=\"host=picasaweb.google.com&amp;hl=it&amp;feat=flashalbum&amp;RGB=0x000000&amp;feed=https%3A%2F%2Fpicasaweb.google.com%2Fdata%2Ffeed%2Fapi%2Fuser%2F104626251937098962566%2Falbumid%2F5948532781160532017%3Falt%3Drss%26kind%3Dphoto%26hl%3Dit\" \/><param name=\"movie\" value=\"https:\/\/static.googleusercontent.com\/external_content\/picasaweb.googleusercontent.com\/slideshow.swf\" \/><\/object><\/p>\n","protected":false},"excerpt":{"rendered":"","protected":false},"author":1,"featured_media":0,"comment_status":"open","ping_status":"closed","sticky":false,"template":"","format":"standard","meta":{"colormag_page_container_layout":"default_layout","colormag_page_sidebar_layout":"default_layout","footnotes":""},"categories":[7],"tags":[],"class_list":["post-43903","post","type-post","status-publish","format-standard","hentry","category-attualita"],"_links":{"self":[{"href":"https:\/\/archiviogioia.lavocedelpaese.info\/index.php?rest_route=\/wp\/v2\/posts\/43903","targetHints":{"allow":["GET"]}}],"collection":[{"href":"https:\/\/archiviogioia.lavocedelpaese.info\/index.php?rest_route=\/wp\/v2\/posts"}],"about":[{"href":"https:\/\/archiviogioia.lavocedelpaese.info\/index.php?rest_route=\/wp\/v2\/types\/post"}],"author":[{"embeddable":true,"href":"https:\/\/archiviogioia.lavocedelpaese.info\/index.php?rest_route=\/wp\/v2\/users\/1"}],"replies":[{"embeddable":true,"href":"https:\/\/archiviogioia.lavocedelpaese.info\/index.php?rest_route=%2Fwp%2Fv2%2Fcomments&post=43903"}],"version-history":[{"count":0,"href":"https:\/\/archiviogioia.lavocedelpaese.info\/index.php?rest_route=\/wp\/v2\/posts\/43903\/revisions"}],"wp:attachment":[{"href":"https:\/\/archiviogioia.lavocedelpaese.info\/index.php?rest_route=%2Fwp%2Fv2%2Fmedia&parent=43903"}],"wp:term":[{"taxonomy":"category","embeddable":true,"href":"https:\/\/archiviogioia.lavocedelpaese.info\/index.php?rest_route=%2Fwp%2Fv2%2Fcategories&post=43903"},{"taxonomy":"post_tag","embeddable":true,"href":"https:\/\/archiviogioia.lavocedelpaese.info\/index.php?rest_route=%2Fwp%2Fv2%2Ftags&post=43903"}],"curies":[{"name":"wp","href":"https:\/\/api.w.org\/{rel}","templated":true}]}}