{"id":43993,"date":"2013-11-29T20:05:05","date_gmt":"2013-11-29T20:05:05","guid":{"rendered":"https:\/\/archiviogioia.lavocedelpaese.info\/?p=43993"},"modified":"2013-11-29T20:05:05","modified_gmt":"2013-11-29T20:05:05","slug":"la-voce-del-paese-vi-invita-gratis-a-la-traviata-di-verdi","status":"publish","type":"post","link":"https:\/\/archiviogioia.lavocedelpaese.info\/?p=43993","title":{"rendered":"La Voce del Paese vi invita gratis a La Traviata di Verdi"},"content":{"rendered":"<p><img loading=\"lazy\" decoding=\"async\" style=\"display: block; margin-left: auto; margin-right: auto;\" src=\"http:\/\/farm8.staticflickr.com\/7400\/11121329375_724556b81a_z.jpg\" alt=\"x-default\" width=\"320\" height=\"240\" \/><\/p>\n<p><!--more--><\/p>\n<p>&nbsp;<span style=\"font-size: 12px;\">&nbsp;<\/span><\/p>\n<p style=\"margin: 5.75pt 0in 8.65pt;\" align=\"center\"><strong><span style=\"font-size: 10pt; font-family: Verdana, sans-serif;\">Solo per voi, lettori di Gioianet &#8211; Polignanoweb (La Voce del Paese)<\/span><\/strong><span style=\"font-size: 7pt; font-family: Verdana, sans-serif;\"><\/span><\/p>\n<p style=\"margin: 5.75pt 0in 8.65pt;\" align=\"center\"><strong><span style=\"font-size: 10pt; font-family: Verdana, sans-serif;\">biglietti in omaggio (per l&#8217;appuntamento del 7<span style=\"text-decoration: underline;\"> dicembre 2013<span style=\"text-decoration: underline;\">) fino a esaurimento posti<\/span><\/span><\/span><\/strong><span style=\"font-size: 7pt; font-family: Verdana, sans-serif;\"><\/span><\/p>\n<p style=\"margin: 5.75pt 0in 8.65pt; line-height: 8.9pt;\" align=\"center\"><span style=\"font-size: 7pt; font-family: Verdana, sans-serif;\">&nbsp;<\/span><\/p>\n<p style=\"margin: 5.75pt 0in 8.65pt; text-align: center;\"><em><strong><span style=\"font-size: 10pt; font-family: Verdana, sans-serif;\">Per info, contattare il seguente indirizzo email:&nbsp;<\/span><\/strong><strong><span style=\"font-size: 10pt; font-family: Verdana, sans-serif;\"><a href=\"mailto:operalcinema@gmail.com\" target=\"_blank\" rel=\"noopener\">operalcinema@gmail.com<\/a><\/span><\/strong><strong><span style=\"font-size: 10pt; font-family: Verdana, sans-serif;\">&nbsp;, <\/span><\/strong><\/em><\/p>\n<p style=\"margin: 5.75pt 0in 8.65pt; text-align: center;\"><em><strong><span style=\"font-size: 10pt; font-family: Verdana, sans-serif;\">indicando nome, cognome e cinema di riferimento.<\/span><\/strong><\/em><span style=\"font-size: 7pt; font-family: Verdana, sans-serif;\"><\/span><\/p>\n<p style=\"margin: 0in 28.3pt 0.0001pt 28.35pt; text-align: center; line-height: normal;\" align=\"center\"><strong><span style=\"font-size: 12pt; font-family: Tahoma, sans-serif; color: #c00000;\">&nbsp;<\/span><\/strong><\/p>\n<p style=\"margin: 0in 28.3pt 0.0001pt 28.35pt; text-align: center; line-height: normal;\" align=\"center\"><strong><span style=\"font-size: 12pt; font-family: Tahoma, sans-serif; color: #c00000;\">&nbsp;<\/span><\/strong><\/p>\n<p style=\"margin: 0in 28.3pt 0.0001pt 28.35pt; text-align: center; line-height: normal;\" align=\"center\"><strong><span style=\"font-size: 12pt; font-family: Tahoma, sans-serif; color: #c00000;\">IL CAPOLAVORO VERDIANO INAUGURA LA STAGIONE DEL TEATRO ALLA SCALA NEL BICENTENARIO DELLA NASCITA DEL GRANDE COMPOSITORE ITALIANO.<\/span><\/strong><span style=\"color: #222222;\"><\/span><\/p>\n<p style=\"margin: 0in 28.3pt 0.0001pt 28.35pt; text-align: center; line-height: normal;\" align=\"center\"><strong><span style=\"font-size: 12pt; font-family: Tahoma, sans-serif; color: #c00000;\">IN DIRETTA VIA SATELLITE IN OLTRE 150 SALE ITALIANE<\/span><\/strong><span style=\"color: #222222;\"><\/span><\/p>\n<p style=\"margin: 0in 28.3pt 0.0001pt 28.35pt; text-align: center; line-height: normal;\" align=\"center\"><strong><span style=\"font-size: 12pt; font-family: Tahoma, sans-serif; color: #c00000;\">MICROCINEMA DISTRIBUZIONE IN COLLABORAZIONE CON RAI<\/span><\/strong><span style=\"color: #222222;\"><\/span><\/p>\n<p style=\"margin: 0in 28.3pt 0.0001pt 28.35pt; text-align: center; line-height: normal;\" align=\"center\"><strong><span style=\"font-size: 14pt; color: #cc0000;\">&nbsp;<\/span><\/strong><span style=\"color: #222222;\"><\/span><\/p>\n<p style=\"margin: 0in 28.3pt 0.0001pt 28.35pt; text-align: justify; line-height: normal;\"><span style=\"font-family: Tahoma, sans-serif; color: #222222;\">Sabato 7 dicembre, alle 17.30,&nbsp;<strong>La Traviata<\/strong>&nbsp;di Giuseppe Verdi, Prima Opera della stagione 2013\/2014 del Teatro alla Scala di Milano, giunger\u00e0 al cinema &nbsp;<strong>Seven Cineplex di Gioia Del Colle, Multisala Vignola di Polignano a Mare<\/strong> e nel<span style=\"font-family: Tahoma, sans-serif; color: #1d1b11;\">&nbsp;resto d\u2019Italia, in diretta via satellite e in alta definizione, grazie a Microcinema Distribuzione in collaborazione con Rai.<\/span><\/span><\/p>\n<p style=\"margin: 0in 28.3pt 0.0001pt 28.35pt; text-align: justify; line-height: normal;\"><span style=\"color: #222222; font-family: Tahoma, sans-serif; font-size: 12px;\">&nbsp;<\/span><\/p>\n<p style=\"margin: 0in 28.3pt 0.0001pt 28.35pt; text-align: justify; line-height: normal;\"><span style=\"color: #222222; font-family: Tahoma, sans-serif; font-size: 12px;\">La Prima del Teatro alla Scala \u00e8 il terzo attesissimo appuntamento de&nbsp;<\/span><strong style=\"color: #222222; font-family: Tahoma, sans-serif; font-size: 12px;\">La Grande Stagione Live 2013\/2014<\/strong><span style=\"color: #222222; font-family: Tahoma, sans-serif; font-size: 12px;\">&nbsp;di Microcinema, che sta ricevendo un sempre maggiore apprezzamento di pubblico.<\/span><\/p>\n<p style=\"margin: 0in 28.3pt 0.0001pt 28.35pt; text-align: justify; line-height: normal;\"><strong style=\"font-size: 12px;\"><span style=\"font-family: Tahoma, sans-serif; color: #222222;\">&nbsp;<\/span><\/strong><\/p>\n<p style=\"margin: 0in 28.3pt 0.0001pt 28.35pt; text-align: justify; line-height: normal;\"><strong style=\"font-size: 12px;\"><span style=\"font-family: Tahoma, sans-serif; color: #222222;\">La Traviata<\/span><\/strong><span style=\"font-family: Tahoma, sans-serif; color: #222222;\">&nbsp;\u00e8 un\u2019opera in tre atti ispirata alla celebre pi\u00e8ce di Alexandre Dumas figlio (\u00abLa signora delle camelie\u00bb). Bersaglio della censura, il melodramma debutta nel 1853 alla Fenice di Venezia, per consacrarsi poco dopo come uno dei capolavori verdiani. Amata dal pubblico di ogni epoca,&nbsp;<strong>La Traviata&nbsp;<\/strong>ha attraversato tutti i linguaggi artistici: dalla letteratura al cinema, dalla pittura alla tv.&nbsp;<strong>La Traviata<\/strong>&nbsp;\u00e8 un \u201cmust\u201d che da sempre \u201cfa tremar le vene e i polsi\u201d.<\/span><\/p>\n<p style=\"margin: 0in 28.3pt 0.0001pt 28.35pt; text-align: justify; line-height: normal;\"><span style=\"font-family: Tahoma, sans-serif; color: #222222;\">Alla direzione del maestro Daniele Gatti, che negli anni ha mostrato in tutto il mondo, per forza e lirismo, un invidiabile acume verdiano, si affianca la magistrale regia e scenografia di Dmitri Tcherniakov.<span style=\"color: #222222;\"><\/span><\/span><\/p>\n<p style=\"margin: 0in 28.3pt 0.0001pt 28.35pt; text-align: justify; line-height: normal;\"><span style=\"font-family: Tahoma, sans-serif; color: #222222;\">Come noto, per essere Violetta, ci vogliono pi\u00f9 voci e pi\u00f9 anime in un solo cuore di soprano e la tedesca Diana Damrau, la pi\u00f9 famosa Violetta dei nostri tempi, ha la presenza, il carattere e le \u201cvoci\u201d dell\u2019animo per rendere vivo il suo personaggio. Accanto a lei, Piotr Beczala e il grande baritono verdiano \u017deljko Lu\u010di\u0107.<span style=\"color: #222222;\"><\/span><\/span><\/p>\n<p style=\"margin: 0in 28.3pt 0.0001pt 28.35pt; text-align: justify; line-height: normal;\"><span style=\"font-family: Tahoma, sans-serif; color: #222222;\">Microcinema proporr\u00e0 fino a maggio alcune delle Opere pi\u00f9 note ed amate, interpretate da grandi artisti internazionali, per avvicinare il pubblico alla Lirica, contribuendo alla diffusione del patrimonio della tradizione lirica italiana ed internazionale. Un progetto ambizioso che dal 2006 incontra un successo di pubblico sempre in costante crescita.<span style=\"color: #222222;\"><\/span><\/span><\/p>\n<p style=\"margin-bottom: 0.0001pt; text-align: justify; line-height: normal;\"><span style=\"font-family: Tahoma, sans-serif; color: #222222;\">&nbsp;<span style=\"color: #222222;\"><\/span><\/span><\/p>\n<p style=\"margin-bottom: 0.0001pt; text-indent: 28.35pt; line-height: normal;\"><strong><span style=\"font-family: Tahoma, sans-serif; color: #222222;\">Autore: Giuseppe Verdi<\/span><\/strong><span style=\"color: #222222;\"><\/span><\/p>\n<p style=\"margin-bottom: 0.0001pt; text-indent: 28.35pt; line-height: normal;\"><strong><span style=\"font-family: Tahoma, sans-serif; color: #222222;\">Opera in tre atti<\/span><\/strong><span style=\"font-family: Tahoma, sans-serif; color: #222222;\">, cantata in italiano,&nbsp;<strong>Prima del Teatro alla Scala di Milano<\/strong><span style=\"color: #222222;\"><\/span><\/span><\/p>\n<p style=\"margin-bottom: 0.0001pt; text-indent: 28.35pt; line-height: normal;\"><strong><span style=\"font-family: Tahoma, sans-serif; color: #222222;\">Durata:<\/span><\/strong><span style=\"font-family: Tahoma, sans-serif; color: #222222;\">&nbsp;2 ore e 40 minuti (incluso intervallo)<span style=\"color: #222222;\"><\/span><\/span><\/p>\n<p style=\"margin-bottom: 0.0001pt; text-indent: 28.35pt; line-height: normal;\"><strong><span style=\"font-family: Tahoma, sans-serif; color: #222222;\">Direttore:<\/span><\/strong><span style=\"font-family: Tahoma, sans-serif; color: #222222;\">&nbsp; Daniele Gatti<span style=\"color: #222222;\"><\/span><\/span><\/p>\n<p style=\"margin-bottom: 0.0001pt; text-indent: 28.35pt; line-height: normal;\"><strong><span style=\"font-family: Tahoma, sans-serif; color: #222222;\">Regia e scene:<\/span><\/strong><span style=\"font-family: Tahoma, sans-serif; color: #222222;\">&nbsp;Dmitri Tcherniakov<span style=\"color: #222222;\"><\/span><\/span><\/p>\n<p style=\"margin-bottom: 0.0001pt; text-indent: 28.35pt; line-height: normal;\"><strong><span style=\"font-family: Tahoma, sans-serif; color: #222222;\">Cast:<\/span><\/strong><span style=\"font-family: Tahoma, sans-serif; color: #222222;\">&nbsp;Diana Damrau, Piotr Beczala, \u017deljko Lu\u010di\u0107.<span style=\"color: #222222;\"><\/span><\/span><\/p>\n<p style=\"margin-bottom: 0.0001pt; text-indent: 28.35pt; line-height: normal;\"><strong><span style=\"font-family: Tahoma, sans-serif; color: #222222;\">Genere:<\/span><\/strong><span style=\"font-family: Tahoma, sans-serif; color: #222222;\">&nbsp;Opera Lirica<span style=\"color: #222222;\"><\/span><\/span><\/p>\n<p style=\"margin-bottom: 0.0001pt; text-indent: 28.35pt; line-height: normal;\"><strong><span style=\"font-family: Tahoma, sans-serif; color: #222222;\">Uscita:<\/span><\/strong><span style=\"font-family: Tahoma, sans-serif; color: #222222;\">&nbsp;7 Dicembre 2013, h.17:30<span style=\"color: #222222;\"><\/span><\/span><\/p>\n<p style=\"margin-bottom: 0.0001pt; text-align: justify; line-height: normal;\"><strong><span style=\"font-family: Tahoma, sans-serif; color: #222222;\">&nbsp;<\/span><\/strong><span style=\"color: #222222;\"><\/span><\/p>\n<p style=\"margin: 0in 0in 0.0001pt 28.35pt; text-align: justify; line-height: normal;\"><span style=\"color: #222222;\"><span style=\"font-family: Tahoma, sans-serif; color: #1155cc;\"><a href=\"http:\/\/www.grandestagionelive.it\" target=\"_blank\" rel=\"noopener\">www.grandestagionelive.it<\/a><\/span><span style=\"font-family: Tahoma, sans-serif; color: red;\"><br \/> <span style=\"color: #222222;\"><a href=\"http:\/\/www.microcinema.eu\"><span style=\"font-family: Tahoma, sans-serif; color: #1155cc;\">www.microcinema.eu<\/span><\/a><\/span><\/span><\/span><\/p>\n<p style=\"margin: 0in 0in 0.0001pt 28.35pt; text-align: justify; line-height: normal;\"><span style=\"color: #222222;\"><span style=\"font-family: Tahoma, sans-serif; color: red;\"><span style=\"color: #222222;\"><span style=\"font-family: Tahoma, sans-serif; color: #1155cc;\">&nbsp;<\/span><\/span><\/span><\/span><\/p>\n<p style=\"margin: 0in 0in 0.0001pt 28.35pt; text-align: justify; line-height: normal;\"><span style=\"text-decoration: underline; color: #000000;\"><strong><span style=\"font-family: Tahoma, sans-serif;\"><span style=\"font-family: Tahoma, sans-serif; text-decoration: underline;\">QUI LA VIDEO PRESENTAZIONE DELL&#8217;OPERA:<\/span><\/span><\/strong><\/span><\/p>\n<p><iframe loading=\"lazy\" src=\"\/\/www.youtube.com\/embed\/ofto8BPi29I\" width=\"560\" height=\"315\" allowfullscreen=\"allowfullscreen\"><\/iframe><\/p>\n","protected":false},"excerpt":{"rendered":"","protected":false},"author":1,"featured_media":0,"comment_status":"open","ping_status":"closed","sticky":false,"template":"","format":"standard","meta":{"colormag_page_container_layout":"default_layout","colormag_page_sidebar_layout":"default_layout","footnotes":""},"categories":[6],"tags":[],"class_list":["post-43993","post","type-post","status-publish","format-standard","hentry","category-cultura"],"_links":{"self":[{"href":"https:\/\/archiviogioia.lavocedelpaese.info\/index.php?rest_route=\/wp\/v2\/posts\/43993","targetHints":{"allow":["GET"]}}],"collection":[{"href":"https:\/\/archiviogioia.lavocedelpaese.info\/index.php?rest_route=\/wp\/v2\/posts"}],"about":[{"href":"https:\/\/archiviogioia.lavocedelpaese.info\/index.php?rest_route=\/wp\/v2\/types\/post"}],"author":[{"embeddable":true,"href":"https:\/\/archiviogioia.lavocedelpaese.info\/index.php?rest_route=\/wp\/v2\/users\/1"}],"replies":[{"embeddable":true,"href":"https:\/\/archiviogioia.lavocedelpaese.info\/index.php?rest_route=%2Fwp%2Fv2%2Fcomments&post=43993"}],"version-history":[{"count":0,"href":"https:\/\/archiviogioia.lavocedelpaese.info\/index.php?rest_route=\/wp\/v2\/posts\/43993\/revisions"}],"wp:attachment":[{"href":"https:\/\/archiviogioia.lavocedelpaese.info\/index.php?rest_route=%2Fwp%2Fv2%2Fmedia&parent=43993"}],"wp:term":[{"taxonomy":"category","embeddable":true,"href":"https:\/\/archiviogioia.lavocedelpaese.info\/index.php?rest_route=%2Fwp%2Fv2%2Fcategories&post=43993"},{"taxonomy":"post_tag","embeddable":true,"href":"https:\/\/archiviogioia.lavocedelpaese.info\/index.php?rest_route=%2Fwp%2Fv2%2Ftags&post=43993"}],"curies":[{"name":"wp","href":"https:\/\/api.w.org\/{rel}","templated":true}]}}