{"id":44103,"date":"2013-12-07T23:20:13","date_gmt":"2013-12-07T23:20:13","guid":{"rendered":"https:\/\/archiviogioia.lavocedelpaese.info\/?p=44103"},"modified":"2013-12-07T23:20:13","modified_gmt":"2013-12-07T23:20:13","slug":"per-i-20-anni-di-lilt-acquistate-una-stella-di-natale","status":"publish","type":"post","link":"https:\/\/archiviogioia.lavocedelpaese.info\/?p=44103","title":{"rendered":"PER I 20 ANNI DI LILT ACQUISTATE UNA STELLA DI NATALE"},"content":{"rendered":"<p><a title=\"sede lilt gioia di LA VOCE DEL PAESE, su Flickr\" href=\"http:\/\/www.flickr.com\/photos\/91470992@N02\/11262511856\/\"><img loading=\"lazy\" decoding=\"async\" style=\"display: block; margin-left: auto; margin-right: auto;\" src=\"http:\/\/farm6.staticflickr.com\/5523\/11262511856_aaf426e862_n.jpg\" alt=\"sede lilt gioia\" width=\"320\" height=\"240\" \/><\/a><\/p>\n<p><!--more--><\/p>\n<p style=\"text-align: justify;\"><a title=\"sede lilt gioia di LA VOCE DEL PAESE, su Flickr\" href=\"http:\/\/www.flickr.com\/photos\/91470992@N02\/11262508864\/\"><img loading=\"lazy\" decoding=\"async\" style=\"margin: 4px; float: left;\" src=\"http:\/\/farm3.staticflickr.com\/2820\/11262508864_d1b7cb8cda_n.jpg\" alt=\"sede lilt gioia\" width=\"350\" height=\"263\" \/><\/a> <span><strong>Compie 20 anni la Lilt<\/strong> (Lega Italiana per la lotta contro i Tumori) <strong>gioiese<\/strong>, nata nel 1993 e da allora sempre presente sul territorio, con iniziative di pregio e una <strong>mission<\/strong>: <strong>diffondere la cultura della prevenzione<\/strong>.<\/span><\/p>\n<p style=\"text-align: justify;\"><span><strong>Presso la sede in via Celiberti<\/strong>, al civico19, nei giorni 6, 7 e 8 dicembre <strong>si potranno acquistare delle stelle di Natale<\/strong> e cos\u00ec sostenere presidi tanto preziosi per la salute.<\/span><\/p>\n<p style=\"text-align: justify;\"><span>Presso l\u2019ambulatorio ospitato nella sede gioiese, \u00e8 <strong>possibile effettuare visite di prevenzione oncologica dermatologiche, ginecologiche, otorinolaringoiatriche, senologiche e urologiche<\/strong>. Tra gli esami strumentali vi sono l\u2019ecografia e la videodermoscopia, utile diagnostica nella prevenzione dei tumori della pelle.<\/span><\/p>\n<p style=\"text-align: justify;\"><span>L\u2019ambiente dai colori gradevoli, \u00e8 invitante, <strong>dotato di tutti i confort necessari<\/strong> ad un ambulat<\/span><a title=\"sede lilt gioia di LA VOCE DEL PAESE, su Flickr\" href=\"http:\/\/www.flickr.com\/photos\/91470992@N02\/11262481676\/\"><img loading=\"lazy\" decoding=\"async\" style=\"margin: 4px; float: right;\" src=\"http:\/\/farm6.staticflickr.com\/5502\/11262481676_64b5337553_n.jpg\" alt=\"sede lilt gioia\" width=\"350\" height=\"263\" \/><\/a><span>orio che \u00e8 anche sede di associazione.<\/span><\/p>\n<p style=\"text-align: justify;\"><span><strong>Le visite su prenotazione effettuate da specialisti, sono totalmente gratuite per i soci<\/strong>, a fronte di una tessera annuale di 40 euro.<\/span><\/p>\n<p style=\"text-align: justify;\"><span>\u201cTra i nostri servizi &#8211; afferma <strong>Teresa Quattromini Divella<\/strong>, <strong>presidente e fondatrice<\/strong> della Lilt &#8211; vi sono campagne di informazione e sensibilizzazione a corretti stili di vita che vengono effettuate da febbraio nelle scuole. I fondi raccolti grazie alle campagna di solidariet\u00e0 e all\u2019acquisto delle stelle di Natale, hanno ricaduta sul territorio.<\/span><span> <strong>La prevenzione primaria la si fa nelle scuole<\/strong>, \u00e8 importante informare anche i bambini dei danni provocati dal fumo, dalla cattiva alimentazione, dall&#8217;alcool, dall&#8217;esposizione eccessiva al sole\u2026 <strong>Si organizzano anche corsi di dietologia per adulti<\/strong>, &nbsp;e prevenzione secondaria presso i nostri ambulatori, <strong>visite ginecologiche con pap-test<\/strong>, visite senologiche, visite dermatologiche con videodermoscopia e urologiche. Nel corso dei mesi di marzo, maggio, giugno e ottobre aderiamo alle campagne nazionali, offrendo visite gratuite.\u201d<\/span><\/p>\n<p style=\"text-align: justify;\"><span>La crisi si sente anche in questo settore, ma <strong>mai come oggi \u00e8 importante non trascurare la prevenzione<\/strong>, perch\u00e9 una malattia incide fortemente sulla salute e sull\u2019economia di una famiglia, <strong>il prezzo da pagare, in termini anche psicologici, \u00e8 altissimo<\/strong>. Non si \u00e8 mai pronti ad accettare una diagnosi infausta, n\u00e9 ci si pu\u00f2 consentire il lusso di far finta di nulla.<\/span><\/p>\n<p><a title=\"sede lilt gioia di LA VOCE DEL PAESE, su Flickr\" href=\"http:\/\/www.flickr.com\/photos\/91470992@N02\/11262491124\/\"><img loading=\"lazy\" decoding=\"async\" style=\"display: block; margin-left: auto; margin-right: auto; margin-top: 2px;\" src=\"http:\/\/farm4.staticflickr.com\/3768\/11262491124_36ac306d7a_o.jpg\" alt=\"sede lilt gioia\" width=\"660\" height=\"934\" \/><\/a><\/p>\n","protected":false},"excerpt":{"rendered":"","protected":false},"author":1,"featured_media":0,"comment_status":"open","ping_status":"closed","sticky":false,"template":"","format":"standard","meta":{"colormag_page_container_layout":"default_layout","colormag_page_sidebar_layout":"default_layout","footnotes":""},"categories":[7],"tags":[],"class_list":["post-44103","post","type-post","status-publish","format-standard","hentry","category-attualita"],"_links":{"self":[{"href":"https:\/\/archiviogioia.lavocedelpaese.info\/index.php?rest_route=\/wp\/v2\/posts\/44103","targetHints":{"allow":["GET"]}}],"collection":[{"href":"https:\/\/archiviogioia.lavocedelpaese.info\/index.php?rest_route=\/wp\/v2\/posts"}],"about":[{"href":"https:\/\/archiviogioia.lavocedelpaese.info\/index.php?rest_route=\/wp\/v2\/types\/post"}],"author":[{"embeddable":true,"href":"https:\/\/archiviogioia.lavocedelpaese.info\/index.php?rest_route=\/wp\/v2\/users\/1"}],"replies":[{"embeddable":true,"href":"https:\/\/archiviogioia.lavocedelpaese.info\/index.php?rest_route=%2Fwp%2Fv2%2Fcomments&post=44103"}],"version-history":[{"count":0,"href":"https:\/\/archiviogioia.lavocedelpaese.info\/index.php?rest_route=\/wp\/v2\/posts\/44103\/revisions"}],"wp:attachment":[{"href":"https:\/\/archiviogioia.lavocedelpaese.info\/index.php?rest_route=%2Fwp%2Fv2%2Fmedia&parent=44103"}],"wp:term":[{"taxonomy":"category","embeddable":true,"href":"https:\/\/archiviogioia.lavocedelpaese.info\/index.php?rest_route=%2Fwp%2Fv2%2Fcategories&post=44103"},{"taxonomy":"post_tag","embeddable":true,"href":"https:\/\/archiviogioia.lavocedelpaese.info\/index.php?rest_route=%2Fwp%2Fv2%2Ftags&post=44103"}],"curies":[{"name":"wp","href":"https:\/\/api.w.org\/{rel}","templated":true}]}}