{"id":44114,"date":"2013-12-08T19:42:34","date_gmt":"2013-12-08T19:42:34","guid":{"rendered":"https:\/\/archiviogioia.lavocedelpaese.info\/?p=44114"},"modified":"2013-12-08T19:42:34","modified_gmt":"2013-12-08T19:42:34","slug":"il-villaggio-di-babbo-natale-ha-le-ore-contate-2","status":"publish","type":"post","link":"https:\/\/archiviogioia.lavocedelpaese.info\/?p=44114","title":{"rendered":"IL VILLAGGIO DI BABBO NATALE HA LE ORE CONTATE"},"content":{"rendered":"<p><a title=\"villaggio di babbo natale di LA VOCE DEL PAESE, su Flickr\" href=\"http:\/\/www.flickr.com\/photos\/91470992@N02\/11277775713\/\"><img loading=\"lazy\" decoding=\"async\" style=\"display: block; margin-left: auto; margin-right: auto;\" src=\"http:\/\/farm3.staticflickr.com\/2833\/11277775713_cb81e48841_z.jpg\" alt=\"villaggio di babbo natale\" width=\"320\" height=\"240\" \/><\/a><\/p>\n<p><!--more--><\/p>\n<p style=\"text-align: justify;\">&nbsp;<a title=\"IMG_7117 di LA VOCE DEL PAESE, su Flickr\" href=\"http:\/\/www.flickr.com\/photos\/91470992@N02\/11277644035\/\"><img loading=\"lazy\" decoding=\"async\" style=\"margin: 4px; float: left;\" src=\"http:\/\/farm3.staticflickr.com\/2886\/11277644035_b456e5bae1_n.jpg\" alt=\"IMG_7117\" width=\"320\" height=\"240\" \/><\/a><strong>Il 6 dicembre il villaggio di Babbo Natale non solo non \u00e8 stato inaugurato<\/strong>, cos\u00ec <strong>come ventilato<\/strong> dall\u2019assessore competente, <strong>Pippo Colapinto<\/strong>, nel corso della conferenza stampa tenutasi mercoled\u00ec scorso, <strong>ma nemmeno completato<\/strong>.<\/p>\n<p style=\"text-align: justify;\"><strong>Mai fu profeta in tal senso Ninfa Ventimiglia<\/strong> <strong>quando<\/strong>, sempre in occasione della presentazione alla stampa dell\u2019evento, <strong>afferm\u00f2 che<\/strong>: \u201c<strong>Tutto ruota intorno alla casa di Babbo Natale<\/strong>\u2026 <strong>che ancora non c\u2019\u00e8!<\/strong> A questo progetto in associazione stiamo lavorando notte e giorno da mesi &#8211; afferma Ninfa -, oggi non sappiamo neanche quanto sar\u00e0 ampio lo chalet che ospiter\u00e0 la casa di Babbo Natale, e per quanto si possa essere ottimisti, <strong>\u00e8 improbabile che anche impegnandosi 24 ore su 24<\/strong> e chiedendo aiuto agli <a title=\"1489257_10152030926087305_77307565_n di LA VOCE DEL PAESE, su Flickr\" href=\"http:\/\/www.flickr.com\/photos\/91470992@N02\/11277748453\/\"><img loading=\"lazy\" decoding=\"async\" style=\"margin: 4px; float: right;\" src=\"http:\/\/farm8.staticflickr.com\/7368\/11277748453_f0315ac5b7_n.jpg\" alt=\"1489257_10152030926087305_77307565_n\" width=\"263\" height=\"350\" \/><\/a>elfi dal Polo Nord, <strong>si riesca ad esser pronti per il 6 dicembre<\/strong>. E stiamo parlando di concessioni richieste da mesi per un evento che potrebbe attrarre migliaia di visitatori anche dal circondario, per un intero mese. Inoltre, <strong>15 giorni fa sulla stampa locale si \u00e8 anticipato l\u2019arrivo di Babbo Natale in trenino, rovinando l\u2019elemento sorpresa<\/strong>, tanto da costringerci a modificare in corso d\u2019opera il programma\u201d.<\/p>\n<p style=\"text-align: justify;\"><strong>Ma la sua profezia \u00e8 andata ben aldil\u00e0 delle pi\u00f9 negative previsioni<\/strong>. Non solo <strong>non si \u00e8 riusciti a rispettare<\/strong> la data del 6, ma <strong>nemmeno quella di domenica 8<\/strong> (oggi) che tutti davano gi\u00e0 per certa. <strong>L\u2019inaugurazione infatti \u00e8 slittata a marted\u00ec pomeriggio<\/strong>, <strong>10 dicembre<\/strong>, con un <strong>programma<\/strong>, che riportiamo in calce, <strong>parzialmente modificato anche nei contenuti<\/strong>, rispetto a quello iniziale, <strong>grazie alle osservazioni riportate<\/strong> in merito a questo evento <strong>sul settimanale \u201cLa voce del paese\u201d<\/strong>.<\/p>\n<p style=\"text-align: justify;\"><strong>Un programma promo<\/strong><strong>sso da Alessio Milano della Confesercenti<\/strong> che mira a organizzare in Piazza Pinto, sagre, concerti, cabaret e spettacoli vari ad altissimo richiamo turistico. Principale \u201csponsor\u201d dell\u2019iniziativa, <strong>l\u2019impresa \u201cMonti\u201d, che porter\u00e0 nel villaggio le sue gios<\/strong><a title=\"villaggio di babbo natale di LA VOCE DEL PAESE, su Flickr\" href=\"http:\/\/www.flickr.com\/photos\/91470992@N02\/11277766504\/\"><img loading=\"lazy\" decoding=\"async\" style=\"margin: 4px; float: left;\" src=\"http:\/\/farm4.staticflickr.com\/3774\/11277766504_342d3a8707_n.jpg\" alt=\"villaggio di babbo natale\" width=\"320\" height=\"240\" \/><\/a><strong>tre<\/strong>, bruco incluso e che &#8211; a detta dell\u2019assessore al Decoro Pippo Colapinto &#8211; offrir\u00e0 biglietti gratis a bambini segnalati dai Servizi sociali perch\u00e9 indigenti.<\/p>\n<p style=\"text-align: justify;\">In attesa che Babbo Natale\u2026 trovi casa, viene confermato <strong>il Concerto di Natale inaugurale affidato a Cinzia Eramo e ai suoi amici musicisti<\/strong>. E questo \u00e8 di per s\u00e9 di buon auspicio, nella speranza che il Natale renda tutti pi\u00f9 buoni e meno \u201cpolemici.<\/p>\n<p style=\"text-align: justify;\">Anche se, in assenza di contributi pubblici, \u00e8 <strong>logico supporre che molti dei divertimenti proposti avranno un \u201ccosto\u201d<\/strong>.<\/p>\n<h3 style=\"text-align: justify;\" align=\"center\"><span><strong>Programma<\/strong><\/span><\/h3>\n<h4 style=\"text-align: justify;\" align=\"center\"><span><strong>dicembre 2013<\/strong><\/span><\/h4>\n<ul>\n<li><span><strong>10 <\/strong>inaugurazione ore 18.00 con babbo natale <\/span><\/li>\n<li><span><strong>11 <\/strong>spettacolo concerto gospel live \u2013 just a little soul chorus<\/span><\/li>\n<li><span><strong>12<\/strong> concerto cinzia eramo<\/span><\/li>\n<li><span><strong>13<\/strong> selezione gara canora \u201ccanto anch\u2019io\u201d<\/span><\/li>\n<li style=\"text-align: justify;\"><span><strong>14<\/strong> angolo del calzone \u2013 spettacolo a cura della provincia di bari \u2013 <strong>christmas concert band<\/strong> nick the nightfly direttore gabriele comeglio ore 21.00<\/span><\/li>\n<li><span><strong>15 <\/strong>spettacolomusical \u201cla strada incantata\u201d a cura di teatralmentegioia<\/span><\/li>\n<li><span><strong>19<\/strong> <strong>cristina d\u2019avena \u201cospite d\u2019onore\u201d live <\/strong><\/span><\/li>\n<li><span><strong>21<\/strong> gara canora- canto anch\u2019io<\/span><\/li>\n<li><span><strong>22<\/strong> angolo del dolce &#8211; spettacolo cabaret con manuel &amp; manuel<\/span><\/li>\n<li><span><strong>23<\/strong> proiezione film &#8211; ritiro cd gara canora \u201ccanto anch\u2019io\u201d<\/span><\/li>\n<li><span><strong>26<\/strong> omaggio alla nascita di federico ii <\/span><\/li>\n<li><span><strong>28<\/strong> spettacolo cabaret con manuel &amp; manuel <\/span><\/li>\n<li><span><strong>29<\/strong> angolo del cioccolato &#8211; spettacolo cabaret con manuel &amp; manuel<\/span><\/li>\n<li><span><strong>31<\/strong> aperitivo sociale con auguri<\/span><\/li>\n<\/ul>\n<h4 style=\"margin: 0cm 0cm 0.0001pt; text-align: justify; line-height: normal;\"><strong>gennaio 2014<\/strong><\/h4>\n<ul>\n<li><span><strong>4 <\/strong>proiezione film \u201cbenvenuti al centro\u201d <\/span><\/li>\n<li><span><strong>5<\/strong> spettacolo musical &#8220;i doni dell&#8217;arte. epifania e rivelazioni a passi di danza e a suon di canzoni.&#8221; a cura dell\u2019<span style=\"color: black;\"> associazione &#8220;il laboratorio del movimento&#8221; direzione mirella resta<br \/> <\/span><strong>Apertura villaggio giorni non in programma dalle ore 18.00 alle ore 21.00<\/strong><\/span><\/li>\n<\/ul>\n<p>I <strong>Mercatini natalizi<\/strong> si terranno in via Ricciotto Canudo anche nei giorni 15, 22 e 29 dicembre 2013.<\/p>\n<p>&nbsp;<\/p>\n","protected":false},"excerpt":{"rendered":"","protected":false},"author":1,"featured_media":0,"comment_status":"open","ping_status":"closed","sticky":false,"template":"","format":"standard","meta":{"colormag_page_container_layout":"default_layout","colormag_page_sidebar_layout":"default_layout","footnotes":""},"categories":[7],"tags":[],"class_list":["post-44114","post","type-post","status-publish","format-standard","hentry","category-attualita"],"_links":{"self":[{"href":"https:\/\/archiviogioia.lavocedelpaese.info\/index.php?rest_route=\/wp\/v2\/posts\/44114","targetHints":{"allow":["GET"]}}],"collection":[{"href":"https:\/\/archiviogioia.lavocedelpaese.info\/index.php?rest_route=\/wp\/v2\/posts"}],"about":[{"href":"https:\/\/archiviogioia.lavocedelpaese.info\/index.php?rest_route=\/wp\/v2\/types\/post"}],"author":[{"embeddable":true,"href":"https:\/\/archiviogioia.lavocedelpaese.info\/index.php?rest_route=\/wp\/v2\/users\/1"}],"replies":[{"embeddable":true,"href":"https:\/\/archiviogioia.lavocedelpaese.info\/index.php?rest_route=%2Fwp%2Fv2%2Fcomments&post=44114"}],"version-history":[{"count":0,"href":"https:\/\/archiviogioia.lavocedelpaese.info\/index.php?rest_route=\/wp\/v2\/posts\/44114\/revisions"}],"wp:attachment":[{"href":"https:\/\/archiviogioia.lavocedelpaese.info\/index.php?rest_route=%2Fwp%2Fv2%2Fmedia&parent=44114"}],"wp:term":[{"taxonomy":"category","embeddable":true,"href":"https:\/\/archiviogioia.lavocedelpaese.info\/index.php?rest_route=%2Fwp%2Fv2%2Fcategories&post=44114"},{"taxonomy":"post_tag","embeddable":true,"href":"https:\/\/archiviogioia.lavocedelpaese.info\/index.php?rest_route=%2Fwp%2Fv2%2Ftags&post=44114"}],"curies":[{"name":"wp","href":"https:\/\/api.w.org\/{rel}","templated":true}]}}