{"id":44153,"date":"2013-12-12T19:46:32","date_gmt":"2013-12-12T19:46:32","guid":{"rendered":"https:\/\/archiviogioia.lavocedelpaese.info\/?p=44153"},"modified":"2013-12-12T19:46:32","modified_gmt":"2013-12-12T19:46:32","slug":"gioia-del-colle-monta-la-protesta-popolare-sul-web","status":"publish","type":"post","link":"https:\/\/archiviogioia.lavocedelpaese.info\/?p=44153","title":{"rendered":"GIOIA. PROTESTA POPOLARE. MODIFICATA DATA INIZIO"},"content":{"rendered":"<p><a title=\"Protesta-9-dicembre-Bologna di LA VOCE DEL PAESE, su Flickr\" href=\"http:\/\/www.flickr.com\/photos\/91470992@N02\/11343996583\/\"><img loading=\"lazy\" decoding=\"async\" style=\"display: block; margin-left: auto; margin-right: auto;\" src=\"http:\/\/farm8.staticflickr.com\/7320\/11343996583_3429c5022e_z.jpg\" alt=\"Protesta-9-dicembre-Bologna\" width=\"320\" height=\"240\" \/><\/a><\/p>\n<p><!--more--><\/p>\n<p style=\"margin-bottom: 0.0001pt; text-align: justify; line-height: normal;\"><a title=\"protesta 9 dicembre di LA VOCE DEL PAESE, su Flickr\" href=\"http:\/\/www.flickr.com\/photos\/91470992@N02\/11343772985\/\"><img loading=\"lazy\" decoding=\"async\" style=\"margin: 4px; float: left;\" src=\"http:\/\/farm8.staticflickr.com\/7327\/11343772985_abed9f1555_n.jpg\" alt=\"protesta 9 dicembre\" width=\"350\" height=\"263\" \/><\/a><strong>Si comunica che la manifestazione<\/strong>, inizialmente prevista per il giorno 14 dicembre alle ore 9,00 <strong>\u00e8 rinviata a partire dal giorno 17 dicembre<\/strong>, sempre alle ore 9,00 con raduno in Piazza Plebiscito.<\/p>\n<p style=\"margin-bottom: 0.0001pt; text-align: justify; line-height: normal;\">Si rammenta che <strong>il corteo sar\u00e0 del tutto pacifico <\/strong>ed eventuali criticit\u00e0 verranno immediatamente segnalate alle autorit\u00e0 competenti.<\/p>\n<p style=\"margin-bottom: 0.0001pt; text-align: justify; line-height: normal;\"><strong>Il tutto per rispettare quanto previsto dalle Leggi vigenti<\/strong> in materia di manifestazioni.<\/p>\n<p style=\"margin-bottom: 0.0001pt; line-height: normal; text-align: center;\">&#8212;&#8212;&#8212;&#8212;&#8212;&#8212;&#8212;&#8212;&#8212;&#8212;&#8212;&#8211;<\/p>\n<p style=\"text-align: justify;\"><span><strong>Dopo il 9 dicembre anche a Gioia del Colle monta la protesta popolare contro chi ci amministra<\/strong>. Anche qui da noi lo si sta facendo <strong>utilizzando i social network. Face Book, Twitter<\/strong>, la cos\u00ec chiamata \u201c<strong>rete<\/strong>\u201d. Il tutto \u00e8 partito questo pomeriggio con post inserito <strong>da Vincenzo Lamanna<\/strong> sulla sua bacheca fb, che cos\u00ec recitava: \u201c<i>Ecco cosa chiedono coloro che qualche politicante definisce fascisti, ignoranti, ultras, pregiudicati e chi pi\u00f9 ne ha pi\u00f9 ne metta. La verit\u00e0 \u00e8 che il popolo del #9dicembre si \u00e8 rotto di essere preso per i \u201cfondelli\u201d da questa classe politica <\/i><\/span><a title=\"688103_camion-protesta di LA VOCE DEL PAESE, su Flickr\" href=\"http:\/\/www.flickr.com\/photos\/91470992@N02\/11343918426\/\"><img loading=\"lazy\" decoding=\"async\" style=\"margin: 4px; float: right;\" src=\"http:\/\/farm3.staticflickr.com\/2806\/11343918426_75859103cb_n.jpg\" alt=\"688103_camion-protesta\" width=\"350\" height=\"236\" \/><\/a><span><i>di destra, di sinistra e di centro<\/i>\u201d.<\/span><\/p>\n<p style=\"text-align: justify;\"><strong>Da quel momento \u00e8 stata una continua, incessante e motivata partecipazione<\/strong> del popolo della rete che ha accettato l\u2019invito lanciando a sua volta <strong>il guanto di sfida<\/strong>.<\/p>\n<p style=\"text-align: justify;\"><strong>Immediato un ulteriore post di \u201criscontro\u201d alle spontanee manifestazioni di solidariet\u00e0<\/strong> che recitava: \u201c<i>Anche Gioia del Colle vuol protestare contro questo sistema che ci sta distruggendo. Dimostriamo anche noi che la politica nazionale e locale non comprer\u00e0 mai la nostra dignit\u00e0. Anche noi stiamo organizzando una manifestazione contro la politica nazionale e locale in piazza. Partecipate<\/i>\u201d.<\/p>\n<p style=\"text-align: justify;\"><strong>Un post a cui ha fatto seguito una serie infi<\/strong><strong>nita di adesioni e proposte circa le modalit\u00e0, data, ora, luogo<\/strong>, pi\u00f9 idonee per manifestare questo diffuso dissenso. All\u2019unanimit\u00e0 <strong>si \u00e8 deciso per sabato 14 dicembre ore 9.00 in piazza Plebiscito<\/strong>, e di l\u00ec tutti sotto il palazzo municipale per comunicare chiaramente, ma pacificamente, <strong>il dissenso cittadino <\/strong>nei confronti di una classe dirigente ritenuta troppo lontana dalla realt\u00e0 quotidiana.<a title=\"Protesta dei Forconi a Torino di LA VOCE DEL PAESE, su Flickr\" href=\"http:\/\/www.flickr.com\/photos\/91470992@N02\/11343949914\/\"><img loading=\"lazy\" decoding=\"async\" style=\"margin: 4px; float: left;\" src=\"http:\/\/farm3.staticflickr.com\/2840\/11343949914_fff854531f_n.jpg\" alt=\"Protesta dei Forconi a Torino\" width=\"350\" height=\"233\" \/><\/a><\/p>\n<p style=\"text-align: justify;\">Un moto di protesta in cui <strong>in tanti si sono proposti per una buona riuscita dell\u2019iniziativa<\/strong>. Chi <strong>con<\/strong> la realizzazione di <strong>striscioni, cartelloni, mettendo a disposizione persino il proprio furgone<\/strong>. Altri interessandosi personalmente circa il <strong>coinvolgimento delle scuole, o nel divulgare al massimo la stessa iniziativa anche su altri canali, sia personali che sociali<\/strong>: \u201cabbiamo anche <a href=\"https:\/\/www.facebook.com\/hashtag\/protestagioiese\">#protestag<\/a><a href=\"https:\/\/www.facebook.com\/hashtag\/protestagioiese\">ioiese<\/a> su Twitter\u201d, scrive con orgoglio in un suo commento lo stesso Vincenzo Lamanna, il pi\u00f9 attivo e motivato.<\/p>\n<p style=\"text-align: justify;\"><strong>Il dado \u00e8 stato tratto, ora tocca ai cittadini dimostrare, con i fatti<\/strong>, se realmente sono stanchi di questo andazzo, di questa politica, di questi amministratori ritenuti ormai stranieri anche in casa loro.<\/p>\n<p style=\"text-align: justify;\"><a href=\"https:\/\/www.facebook.com\/groups\/236628576513089\/\">https:\/\/www.facebook.com\/groups\/236628576513089\/<\/a><\/p>\n<p>&nbsp;<\/p>\n","protected":false},"excerpt":{"rendered":"","protected":false},"author":1,"featured_media":0,"comment_status":"open","ping_status":"closed","sticky":false,"template":"","format":"standard","meta":{"colormag_page_container_layout":"default_layout","colormag_page_sidebar_layout":"default_layout","footnotes":""},"categories":[8],"tags":[],"class_list":["post-44153","post","type-post","status-publish","format-standard","hentry","category-cronaca"],"_links":{"self":[{"href":"https:\/\/archiviogioia.lavocedelpaese.info\/index.php?rest_route=\/wp\/v2\/posts\/44153","targetHints":{"allow":["GET"]}}],"collection":[{"href":"https:\/\/archiviogioia.lavocedelpaese.info\/index.php?rest_route=\/wp\/v2\/posts"}],"about":[{"href":"https:\/\/archiviogioia.lavocedelpaese.info\/index.php?rest_route=\/wp\/v2\/types\/post"}],"author":[{"embeddable":true,"href":"https:\/\/archiviogioia.lavocedelpaese.info\/index.php?rest_route=\/wp\/v2\/users\/1"}],"replies":[{"embeddable":true,"href":"https:\/\/archiviogioia.lavocedelpaese.info\/index.php?rest_route=%2Fwp%2Fv2%2Fcomments&post=44153"}],"version-history":[{"count":0,"href":"https:\/\/archiviogioia.lavocedelpaese.info\/index.php?rest_route=\/wp\/v2\/posts\/44153\/revisions"}],"wp:attachment":[{"href":"https:\/\/archiviogioia.lavocedelpaese.info\/index.php?rest_route=%2Fwp%2Fv2%2Fmedia&parent=44153"}],"wp:term":[{"taxonomy":"category","embeddable":true,"href":"https:\/\/archiviogioia.lavocedelpaese.info\/index.php?rest_route=%2Fwp%2Fv2%2Fcategories&post=44153"},{"taxonomy":"post_tag","embeddable":true,"href":"https:\/\/archiviogioia.lavocedelpaese.info\/index.php?rest_route=%2Fwp%2Fv2%2Ftags&post=44153"}],"curies":[{"name":"wp","href":"https:\/\/api.w.org\/{rel}","templated":true}]}}