{"id":44192,"date":"2013-12-15T23:56:30","date_gmt":"2013-12-15T23:56:30","guid":{"rendered":"https:\/\/archiviogioia.lavocedelpaese.info\/?p=44192"},"modified":"2013-12-15T23:56:30","modified_gmt":"2013-12-15T23:56:30","slug":"lettera-aperta-di-un-organizzatore-del-9-dicembre","status":"publish","type":"post","link":"https:\/\/archiviogioia.lavocedelpaese.info\/?p=44192","title":{"rendered":"LETTERA APERTA DI UN ORGANIZZATORE DEL \u201c9 DICEMBRE\u201d"},"content":{"rendered":"<p><a title=\"Corteo-Bari. di LA VOCE DEL PAESE, su Flickr\" href=\"http:\/\/www.flickr.com\/photos\/91470992@N02\/11405700316\/\"><img loading=\"lazy\" decoding=\"async\" style=\"display: block; margin-left: auto; margin-right: auto;\" src=\"http:\/\/farm6.staticflickr.com\/5494\/11405700316_47705fc79a_o.jpg\" alt=\"Corteo-Bari.\" width=\"320\" height=\"240\" \/><\/a><\/p>\n<p><!--more--><\/p>\n<p style=\"margin-bottom: 0.0001pt; text-align: justify; line-height: normal;\"><a title=\"9 dicembre protesta popolare di LA VOCE DEL PAESE, su Flickr\" href=\"http:\/\/www.flickr.com\/photos\/91470992@N02\/11396706843\/\"><img loading=\"lazy\" decoding=\"async\" style=\"margin: 4px; float: left;\" src=\"http:\/\/farm6.staticflickr.com\/5517\/11396706843_6706e569ce_n.jpg\" alt=\"9 dicembre protesta popolare\" width=\"350\" height=\"197\" \/><\/a> <span style=\"background: none repeat scroll 0% 0% white;\">\u201c<strong>Dopo giorni di presidi e manifestazioni a Bari<\/strong>, in qualit\u00e0 di coordinatore e responsabile del presidio sulla tangenziale <strong>faccio le seguenti considerazioni<\/strong>.<\/span><\/p>\n<p style=\"margin-bottom: 0.0001pt; text-align: justify; line-height: normal;\"><strong><span style=\"background: none repeat scroll 0% 0% white;\">Il \u201c9 Dicembre\u201d ha unito tante anime che stanno lottando per riconquistare la propria sovranit\u00e0<\/span><\/strong><span style=\"background: none repeat scroll 0% 0% white;\">. Non bisogna definirci Forconi, Fascisti, Comunisti, Estremisti<span>, Ultras, Vagabondi, Criminali e Topini; ma semplicemente liberi cittadini colmi di coraggio. Siamo riusciti a <strong>mettere in moto la protesta ed addirittura la contro protesta<\/strong>, come se ai mondiali si giocasse una partita ITA<\/span><\/span><a title=\"9 dicembre protesta popolare di LA VOCE DEL PAESE, su Flickr\" href=\"http:\/\/www.flickr.com\/photos\/91470992@N02\/11396585106\/\"><img loading=\"lazy\" decoding=\"async\" style=\"margin: 4px; float: right;\" src=\"http:\/\/farm3.staticflickr.com\/2851\/11396585106_e44bc0cd64_n.jpg\" alt=\"9 dicembre protesta popolare\" width=\"275\" height=\"350\" \/><\/a><span style=\"background: none repeat scroll 0% 0% white;\"><span>LIA contro ITALIA.<\/span><\/span><\/p>\n<p style=\"margin-bottom: 0.0001pt; line-height: normal; text-align: justify;\"><span><strong><span style=\"background: none repeat scroll 0% 0% white;\">Grande \u00e8 la collaborazione con le forze dell\u2019ordine<\/span><\/strong><span style=\"background: none repeat scroll 0% 0% white;\">, ma alle stesse chiedo perch\u00e9 la \u201ccontro protesta\u201d, indica<\/span><\/span><span><span style=\"background: none repeat scroll 0% 0% white;\">ta come \u201cantifascista\u201d, sia stata autorizzata nella stessa piazza destin<\/span><\/span><span><span style=\"background: none repeat scroll 0% 0% white;\">ata da giorni alle iniziative del \u201c9 Dicembre\u201d. E\u2019 stato un evidente tentativo di provocare i manifestanti, i quali hanno dimostrato estrema maturit\u00e0 e self-control. Per molto meno gruppi estremi verrebbero alle mani, e invece nulla \u00e8 accaduto. Anzi, i ragazzi del 9 dicembre hanno applaudito nel momento della commemorazione delle vittime della strage di piazza Fontana. Inoltre chiedo agli organizzator<\/span><\/span><span><span style=\"background: none repeat scroll 0% 0% white;\">i della contro protesta: <strong>la lotta al fascismo si fa con le bandiere della CGIL?<\/strong> Alquanto ridicoli.<\/span><\/span><span style=\"background: none repeat scroll 0% 0% white;\"><br \/> <span><strong>La delusione della stampa nel n<\/strong><\/span><\/span><span style=\"background: none repeat scroll 0% 0% white;\"><span><strong>on riportare nessuna immagine di cruenti scontri<\/strong> di piazza \u00e8 stata tangibile, ma ci\u00f2 non l\u2019ha fatta desistere dallo scopo di strumentalizzare. Vari articoli hanno preso il colore politico di un partecipante e hanno dipinto tutta la manifestazione di nero. Mi dispiace ma avete sbagliato bersaglio. Tra le persone pi\u00f9 attive al presidio c\u2019\u00e8 gente che ha lasciato a casa due figli e la moglie incinta di otto mesi. A leggere gli articoli relativi alle infiltrazioni e le dichiarazioni di noti esponenti politici che <strong>ci etichettano come la peggior feccia esistente<\/strong>, a molti dei manifestanti sono salite le lacrime agli occhi e <strong>quel sentimento di rabbia e di voglia di cambiamento si \u00e8 moltiplicato<\/strong>.<\/span><\/span><a title=\"9 dicembre protesta popolare di LA VOCE DEL PAESE, su Flickr\" href=\"http:\/\/www.flickr.com\/photos\/91470992@N02\/11396580565\/\"><img loading=\"lazy\" decoding=\"async\" style=\"margin: 4px; float: left;\" src=\"http:\/\/farm8.staticflickr.com\/7423\/11396580565_80dc762044_n.jpg\" alt=\"9 dicembre protesta popolare\" width=\"350\" height=\"194\" \/><\/a><\/p>\n<p style=\"margin-bottom: 0.0001pt; text-align: justify; line-height: normal;\"><span><span style=\"background: none repeat scroll 0% 0% white;\">A tutti i padri presenti a quella man<\/span><\/span><span><span style=\"background: none repeat scroll 0% 0% white;\">ifestazione <\/span><\/span><span><span style=\"background: none repeat scroll 0% 0% white;\">anti9dicembre dico che non siete degni della patria po<\/span><\/span><span><span style=\"background: none repeat scroll 0% 0% white;\">test\u00e0, in questi giorni <strong>avreste dovuto dare l\u2019esempio di come si lotta per riconquistare la dignit\u00e0<\/strong>. Per voi la lotta era continua ma vi siete smarriti e continuate a svuotarvi la coscienza con la vostra ideologia\u2026 e tutto il resto \u00e8 merda! <strong>Alla vostra dipartita lascerete il nulla ed i vostri figli vi malediranno<\/strong>. Volete da noi un programma, ma quanti programmi vi sono passati sotto il naso?<\/span><\/span><\/p>\n<p style=\"margin-bottom: 0.0001pt; text-align: justify; line-height: normal;\"><span><span style=\"background: none repeat scroll 0% 0% white;\">Nonostante ci\u00f2 <strong>avete il dovere di scendere in piazza per riuscire tutti insieme a cambiare questo paese<\/strong>, se davvero saremo tutti uniti allora il popolo potr\u00e0 essere degno di tale nome, altrimenti rimarremo sudditi\u201d.<\/span><\/span><\/p>\n<p style=\"margin-bottom: 0.0001pt; text-align: right; line-height: normal;\" align=\"right\"><strong><span style=\"background: none repeat scroll 0% 0% white;\">Giuseppe Caponio<\/span><\/strong><\/p>\n<p style=\"text-align: justify;\">&#8220;Il coordinamento 9 dicembre Bari \u00e8 apartitico e composto da persone che condividono una condizione di precariet\u00e0, disoccupazione e sfruttamento senza alcuna barriera ideologica e di nazionalit\u00e0.<\/p>\n<p style=\"text-align: justify;\">Si dissocia completamente dalla proposta di un governo militare, da dichiarazioni di matrice razzista da parte di sigle e\/o singoli interni al coordinamento da cui non si sente rappresentato.<\/p>\n<p style=\"text-align: justify;\">Condivide invece la volont\u00e0 di una lotta contro questa attuale classe dirigente al governo, banche, Equitalia e le politiche di austerity, attraverso blocchi, scioperi e azioni volte a sensibilizzare l&#8217;opinione pubblica, nel rispetto della democrazia, dei principi e dei valori etici della nostra Costituzione.<\/p>\n<p style=\"text-align: justify;\">Il coordinamento 9 dicembre, inoltre, \u00e8 contro ogni forma di violenza&#8221;.<\/p>\n<p style=\"text-align: justify;\"><strong>Per info<\/strong>: +39 347 1508524 &#8211; Coordinatore &#8220;9 Dicembre&#8221; Bari.<\/p>\n<p>&nbsp;<\/p>\n<p style=\"margin: 0cm 0cm 0pt; text-align: justify;\">&nbsp;<\/p>\n<p style=\"margin-bottom: 0.0001pt; line-height: normal; text-align: justify;\" align=\"right\">&nbsp;<\/p>\n<p><a title=\"9 dicembre corteo Bari. di LA VOCE DEL PAESE, su Flickr\" href=\"http:\/\/www.flickr.com\/photos\/91470992@N02\/11405505993\/\"><img loading=\"lazy\" decoding=\"async\" style=\"margin: 2px;\" src=\"http:\/\/farm8.staticflickr.com\/7322\/11405505993_056455f1a0_o.jpg\" alt=\"9 dicembre corteo Bari.\" width=\"660\" height=\"933\" \/><\/a><\/p>\n","protected":false},"excerpt":{"rendered":"","protected":false},"author":1,"featured_media":0,"comment_status":"open","ping_status":"closed","sticky":false,"template":"","format":"standard","meta":{"colormag_page_container_layout":"default_layout","colormag_page_sidebar_layout":"default_layout","footnotes":""},"categories":[8],"tags":[],"class_list":["post-44192","post","type-post","status-publish","format-standard","hentry","category-cronaca"],"_links":{"self":[{"href":"https:\/\/archiviogioia.lavocedelpaese.info\/index.php?rest_route=\/wp\/v2\/posts\/44192","targetHints":{"allow":["GET"]}}],"collection":[{"href":"https:\/\/archiviogioia.lavocedelpaese.info\/index.php?rest_route=\/wp\/v2\/posts"}],"about":[{"href":"https:\/\/archiviogioia.lavocedelpaese.info\/index.php?rest_route=\/wp\/v2\/types\/post"}],"author":[{"embeddable":true,"href":"https:\/\/archiviogioia.lavocedelpaese.info\/index.php?rest_route=\/wp\/v2\/users\/1"}],"replies":[{"embeddable":true,"href":"https:\/\/archiviogioia.lavocedelpaese.info\/index.php?rest_route=%2Fwp%2Fv2%2Fcomments&post=44192"}],"version-history":[{"count":0,"href":"https:\/\/archiviogioia.lavocedelpaese.info\/index.php?rest_route=\/wp\/v2\/posts\/44192\/revisions"}],"wp:attachment":[{"href":"https:\/\/archiviogioia.lavocedelpaese.info\/index.php?rest_route=%2Fwp%2Fv2%2Fmedia&parent=44192"}],"wp:term":[{"taxonomy":"category","embeddable":true,"href":"https:\/\/archiviogioia.lavocedelpaese.info\/index.php?rest_route=%2Fwp%2Fv2%2Fcategories&post=44192"},{"taxonomy":"post_tag","embeddable":true,"href":"https:\/\/archiviogioia.lavocedelpaese.info\/index.php?rest_route=%2Fwp%2Fv2%2Ftags&post=44192"}],"curies":[{"name":"wp","href":"https:\/\/api.w.org\/{rel}","templated":true}]}}