{"id":44223,"date":"2013-12-17T15:17:25","date_gmt":"2013-12-17T15:17:25","guid":{"rendered":"https:\/\/archiviogioia.lavocedelpaese.info\/?p=44223"},"modified":"2013-12-17T15:17:25","modified_gmt":"2013-12-17T15:17:25","slug":"mongelli-qnel-pd-gioiese-affiorano-i-tagliatori-di-testeq","status":"publish","type":"post","link":"https:\/\/archiviogioia.lavocedelpaese.info\/?p=44223","title":{"rendered":"MONGELLI: &#8220;NEL PD GIOIESE AFFIORANO I TAGLIATORI DI TESTE&#8221;"},"content":{"rendered":"<p><a title=\"luigi-mongelli di LA VOCE DEL PAESE, su Flickr\" href=\"http:\/\/www.flickr.com\/photos\/91470992@N02\/11420414613\/\"><img loading=\"lazy\" decoding=\"async\" style=\"display: block; margin-left: auto; margin-right: auto;\" src=\"http:\/\/farm6.staticflickr.com\/5537\/11420414613_b398c9fb41_z.jpg\" alt=\"luigi-mongelli\" width=\"320\" height=\"240\" \/><\/a><\/p>\n<p><!--more--><\/p>\n<p><strong>Riceviamo e pubblichiamo<\/strong>.<\/p>\n<p style=\"text-align: center;\">&#8212;&#8212;&#8212;&#8212;&#8212;&#8212;&#8212;&#8212;&#8212;&#8212;&#8212;&#8212;&#8212;&#8212;&#8212;&#8211;<\/p>\n<p><a title=\"luigi mongelli di LA VOCE DEL PAESE, su Flickr\" href=\"http:\/\/www.flickr.com\/photos\/91470992@N02\/11420263054\/\"><img loading=\"lazy\" decoding=\"async\" style=\"margin: 4px; float: left;\" src=\"http:\/\/farm6.staticflickr.com\/5509\/11420263054_28c1380e57_n.jpg\" alt=\"luigi mongelli\" width=\"350\" height=\"350\" \/><\/a><strong><span style=\"font-size: 12pt; font-family: 'Times New Roman','serif';\">NEL PD GIOIESE AFFIORANO I TAGLIATORI DI TESTE<\/span><\/strong><\/p>\n<p style=\"margin-bottom: 0.0001pt; text-align: justify; line-height: normal;\">\u201cIl Pd di Gioia del Colle \u00e8 finito nelle mani dei &#8220;tagliatori&#8221; di teste. Situazione prevedibile, visto il livore e l&#8217;arroganza di chi ha preso il comando. Un gruppo molto incline al palazzo, dato che si \u00e8 messo gi\u00e0 sugli attenti. Un Pd passato da uomini fedeli al partito (ovviamente sepolcri imbiancati secondo l&#8217;inquilino di palazzo S. Domenico), pronti anche a turarsi il naso quando le scelte non erano condivisibili, a questuanti che pur di mettere in atto il proprio disegno, non si sono fatti scrupoli a pescare nel torbido (o a linciare come hanno fatto l&#8217;altra sera Giovanna Magistro). Tornando ai questuanti, dopo aver girovagato per altri lidi, si ritrovano a guidare un circolo (secondo me si stanno facendo il classico giro sulla giostra), dal quale spesso se la sono data a gambe, perch\u00e9 non potevano coniugare u &#8220;c\u00e9 st\u00e9 pe me&#8221;. E fra i decollati ci sono anch&#8217;io, perch\u00e9 re Erode non vedeva l&#8217;ora di farlo. Infatti, il suo unico desiderio era quello di mettere le mani su una &#8220;creatura&#8221; che gli fu offerta in passato, ma che non accett\u00f2 perch\u00e9 poco tollerante alla condivisione. In pratica, prevalse il suo spirito saccente, nonostante i flop collezionati. Per\u00f2, tornando all&#8217;offerta di guidare il mensile del partito, al di l\u00e0 della condivisione, forse non aveva neppure intravisto (e questo lo affermo da malpensante) il famoso: &#8220;c\u00e8 st\u00e9 pe me. Quindi, per far felice qualche compagno di viaggio di Erode, aggiungo: &#8220;u m\u00e0le i\u00e9re ng\u00f9:rpe&#8221;.<\/p>\n<p style=\"margin-bottom: 0.0001pt; text-align: justify; line-height: normal;\">Tuttavia \u00e8 vero pure che dopo aver visto quello che ha combinato Renzi l\u2019altro ieri al Quirinale, c&#8217;\u00e8 da dire che l&#8217;arroganza di questi ragazzi non lascia presagire buone nuove per questo nostro bistrattato Pd. Partito che non mi stava bene neppure quando alla calma serafica e competente di Romano Prodi o all&#8217;onest\u00e0 e alla preparazione di Bersani, faceva da sfondo l&#8217;ineffabile D&#8217;Alema. Tornando a Gioia, al nostro Circolo e s<a title=\"luigi mongelli di LA VOCE DEL PAESE, su Flickr\" href=\"http:\/\/www.flickr.com\/photos\/91470992@N02\/11420396193\/\"><img loading=\"lazy\" decoding=\"async\" style=\"margin: 4px; float: right;\" src=\"http:\/\/farm3.staticflickr.com\/2829\/11420396193_931b40b7e3_n.jpg\" alt=\"luigi mongelli\" width=\"350\" height=\"294\" \/><\/a>oprattutto al Pd, che ora probabilmente finir\u00e0 per essere allocato in una dependance stabilita da &#8220;palazzinari&#8221; in carica, visto i trascorsi di Erode rischia proprio grosso, perch\u00e9 come si dice sempre a Gioia potrebbe durare &#8220;tr\u00e9 di che nest\u00e0rze&#8221; (tre giorni con avantieri). Poi, circa le verit\u00e0 scritte o non scritte, le mie riflessioni le ho fatte ed anche a voce alta. Infatti, l&#8217;editoriale che mi ha portato alla decapitazione \u00e8 quello sottostante, dove ho stigmatizzato in lungo e in largo episodi squallidi che si sono verificati non solo in precedenza, ma anche l&#8217;8 dicembre scorso. Quindi, per dirla alla Bertolt Brecht: &#8221; Chi non conosce la verit\u00e0 \u00e8 uno sciocco, ma chi, conoscendola, la chiama bugia, \u00e8 un delinquente&#8221;. Intanto lasciatemi rivolgere un grazie ai lettori di Gioiademocratica che in questi anni mi hanno sopportato, ai quali non sempre sar\u00f2 sembrato condivisibile. Ai tanti giovani e amici che ho tentato di coinvolgere in questa bella avventura, anche a chi alla fine ha finito per condividere le idee di Erode. A questi e a tutti dico: so di avere un brutto carattere, ma un fatto \u00e8 certo, ho sempre difeso coloro i quali non amano mettersi proni. Mentre a chi alla fine ha fatto una scelta diversa dalla mia, pur rispettandola, dico: restate seta, quindi non affiancatevi alla lana (perch\u00e9 nun \u00e8 neppure lana, ma cianciume, avrebbe detto il poeta romanesco Gaetano Fofi). Quindi occhi a voi, perch\u00e9 quello che hanno riservato a me, nell&#8217;immediato lo riserveranno a voi. Personalmente, sono sereno ed anche pronto a battagliare. Non mi manca il coraggio, anzi episodi del genere mi fortificano ancora di pi\u00f9, perch\u00e9 oltre a farmi andare a testa alta mi fanno capire che non ho tradito i consigli di mia nonna che spesso mi ripeteva: &#8220;tratt ch\u00ecde m\u00e8gghie de te e fange i spese da s\u00f3pe.<\/p>\n<p style=\"margin-bottom: 0.0001pt; text-align: right; line-height: normal;\" align=\"right\"><span><strong>Andrea Luigi MONGELLI<\/strong><\/span><\/p>\n<p style=\"margin-bottom: 0.0001pt; text-align: justify; line-height: normal;\"><strong>P.S. <\/strong>fino a questo momento non hanno avuto neppure l\u2019educazione di informarmi\u201d.<\/p>\n","protected":false},"excerpt":{"rendered":"","protected":false},"author":1,"featured_media":0,"comment_status":"open","ping_status":"closed","sticky":false,"template":"","format":"standard","meta":{"colormag_page_container_layout":"default_layout","colormag_page_sidebar_layout":"default_layout","footnotes":""},"categories":[4],"tags":[],"class_list":["post-44223","post","type-post","status-publish","format-standard","hentry","category-politica"],"_links":{"self":[{"href":"https:\/\/archiviogioia.lavocedelpaese.info\/index.php?rest_route=\/wp\/v2\/posts\/44223","targetHints":{"allow":["GET"]}}],"collection":[{"href":"https:\/\/archiviogioia.lavocedelpaese.info\/index.php?rest_route=\/wp\/v2\/posts"}],"about":[{"href":"https:\/\/archiviogioia.lavocedelpaese.info\/index.php?rest_route=\/wp\/v2\/types\/post"}],"author":[{"embeddable":true,"href":"https:\/\/archiviogioia.lavocedelpaese.info\/index.php?rest_route=\/wp\/v2\/users\/1"}],"replies":[{"embeddable":true,"href":"https:\/\/archiviogioia.lavocedelpaese.info\/index.php?rest_route=%2Fwp%2Fv2%2Fcomments&post=44223"}],"version-history":[{"count":0,"href":"https:\/\/archiviogioia.lavocedelpaese.info\/index.php?rest_route=\/wp\/v2\/posts\/44223\/revisions"}],"wp:attachment":[{"href":"https:\/\/archiviogioia.lavocedelpaese.info\/index.php?rest_route=%2Fwp%2Fv2%2Fmedia&parent=44223"}],"wp:term":[{"taxonomy":"category","embeddable":true,"href":"https:\/\/archiviogioia.lavocedelpaese.info\/index.php?rest_route=%2Fwp%2Fv2%2Fcategories&post=44223"},{"taxonomy":"post_tag","embeddable":true,"href":"https:\/\/archiviogioia.lavocedelpaese.info\/index.php?rest_route=%2Fwp%2Fv2%2Ftags&post=44223"}],"curies":[{"name":"wp","href":"https:\/\/api.w.org\/{rel}","templated":true}]}}