{"id":44291,"date":"2013-12-23T10:03:34","date_gmt":"2013-12-23T10:03:34","guid":{"rendered":"https:\/\/archiviogioia.lavocedelpaese.info\/?p=44291"},"modified":"2013-12-23T10:03:34","modified_gmt":"2013-12-23T10:03:34","slug":"contributo-canile-8000-in-meno-ai-volontari-finiti-dove-2","status":"publish","type":"post","link":"https:\/\/archiviogioia.lavocedelpaese.info\/?p=44291","title":{"rendered":"CONTRIBUTO CANILE. 8.000 \u20ac IN MENO. DOVE  SONO FINITI?"},"content":{"rendered":"<p><a title=\"canile_degrado di LA VOCE DEL PAESE, su Flickr\" href=\"http:\/\/www.flickr.com\/photos\/91470992@N02\/11515367606\/\"><img loading=\"lazy\" decoding=\"async\" style=\"display: block; margin-left: auto; margin-right: auto;\" src=\"http:\/\/farm6.staticflickr.com\/5498\/11515367606_d39b80e7ab_z.jpg\" alt=\"canile_degrado\" width=\"320\" height=\"240\" \/><\/a><\/p>\n<p><!--more--><\/p>\n<p style=\"text-align: justify;\"><a title=\"canile_allagato di LA VOCE DEL PAESE, su Flickr\" href=\"http:\/\/www.flickr.com\/photos\/91470992@N02\/11515392363\/\"><img loading=\"lazy\" decoding=\"async\" style=\"margin: 4px; float: left;\" src=\"http:\/\/farm3.staticflickr.com\/2876\/11515392363_26a90162a4_n.jpg\" alt=\"canile_allagato\" width=\"370\" height=\"278\" \/><\/a> A quanto \u00e8 dato vedere <strong>del canile di Gioia del Colle sembra importare solo ai pochi volontari<\/strong> e ai loro amici, che con tanta abnegazione e fatica <strong>da anni lo portano avanti alla meno peggio<\/strong>. Con le loro sole forze <strong>\u201caccudiscono\u201d oltre 500 randagi<\/strong>, presenti <strong>in un canile rifugio al limite della capienza, oltre che della decenza<\/strong>.<\/p>\n<p style=\"text-align: justify;\">Ma nonostante questa situazione, ben conosciuta da chi doveva intervenire, si \u00e8 pensato bene di spendere <strong>centinaia di migliaia di euro di soldi pubblici<\/strong>, e altri ne sono stati stanziati recentemente, <strong>per un canile sanitario che da mesi \u00e8 chiuso<\/strong> e a dire il vero ha funzionato solo per un breve periodo, poche ore la settimana, ma sempre a ritmi e numeri ridotti.<\/p>\n<p style=\"text-align: justify;\"><strong>Oggi<\/strong>, dopo quanto abbiamo avuto modo di constatare consultando l\u2019Albo Pretorio on-line, <strong>si direbbe che gli stessi volontari siano considerati l\u2019ultima <\/strong><a title=\"canile_allagato_3 di LA VOCE DEL PAESE, su Flickr\" href=\"http:\/\/www.flickr.com\/photos\/91470992@N02\/11515305514\/\"><img loading=\"lazy\" decoding=\"async\" style=\"margin: 4px; float: right;\" src=\"http:\/\/farm4.staticflickr.com\/3790\/11515305514_037db66895_n.jpg\" alt=\"canile_allagato_3\" width=\"370\" height=\"278\" \/><\/a><strong>ruota del carro<\/strong>, <strong>e che qualcuno, l\u00ec sul palazzo, non sappia far<\/strong><strong>e di conto<\/strong> (ce lo auguriamo vivamente) se \u00e8 vero, come \u00e8 vero, abbiamo controllato pi\u00f9 volte, che <strong>manchino all\u2019appello 4 mila euro rispetto a quanto calcolato ed erogato<\/strong> con l\u2019ultima Determinazione di spesa, la n. 1091 del 12\/12\/2013.<\/p>\n<p style=\"text-align: justify;\">Una determinazione <strong>con cui si \u00e8 provveduto a saldare quanto dovuto dal mese di settembre fino a fine dicembre<\/strong>. Un conto di semplicit\u00e0 estrema, di cui il conto non parrebbe\u2026 totnare!<\/p>\n<p style=\"text-align: justify;\">Proviamo a rifarlo: <strong>il compenso mensile concordato era di 7.000 euro<\/strong>, che per 4 mesi fanno 28.000. <strong>Da cui dover detrarre 4.000 euro dati in acconto<\/strong> con determinazione n. 251 del 27.09.2013, <strong>pi\u00f9 altri 4.000<\/strong> (1000 per ogni mese) <strong>a fronte di un precedente debito dilazionato in rate mensili di 1000<\/strong> euro, cos\u00ec come concordato tra il creditore e il Comune, da detra<a title=\"canile comunale di LA VOCE DEL PAESE, su Flickr\" href=\"http:\/\/www.flickr.com\/photos\/91470992@N02\/11515389283\/\"><img loading=\"lazy\" decoding=\"async\" style=\"margin: 4px; float: left;\" src=\"http:\/\/farm4.staticflickr.com\/3779\/11515389283_b4ba6f06ae_n.jpg\" alt=\"canile comunale\" width=\"370\" height=\"278\" \/><\/a>rre \u201cdal previsto contributo mensile attualmente fissato nell\u2019importo di \u20ac. 7.000,00, a partire <strong>da gennaio 2013 fino a tutto agosto 2014<\/strong>.<\/p>\n<p style=\"text-align: justify;\"><strong>Se la matematica non \u00e8 una opinione, il risultato \u00e8 20.000<\/strong> euro, cio\u00e8 quanto dovuto ai volontari per il loro lavoro e per il pagamento delle spese sostenute (6000&#215;4 meno 4000 di anticipo=20.000))<\/p>\n<p style=\"text-align: justify;\">Ma, ironia della sorte, <strong>l\u2019amministratore di turno sembrerebbe sia riuscito a sbagliare anche questo conto<\/strong>. A favore di chi? Dell\u2019Ente comunale, ovviamente, e <strong>di ben 4.000 euro<\/strong>, visto che si determinato \u201c<strong>di liquidare e pagare <\/strong><strong>la somma di \u20ac. 16.000,00<\/strong>, a favore dell\u2019A.D.C.R. per il servizio di assistenza dei cani randagi a saldo del mese di SETTEMBRE 2013 e mesi di OTTOBRE \u2013 NOVEMBRE &#8211; DICEMBRE 2013\u201d, <strong>dopo per\u00f2 aver nuovamente detratto \u201cla somma di \u20ac. 4.000,00<\/strong> a valere quale scomputo parziale della somma anticipata dal Comune di Gioia del Colle a f<a title=\"canile---recinto-allagato di LA VOCE DEL PAESE, su Flickr\" href=\"http:\/\/www.flickr.com\/photos\/91470992@N02\/11515364546\/\"><img loading=\"lazy\" decoding=\"async\" style=\"margin: 4px; float: right;\" src=\"http:\/\/farm6.staticflickr.com\/5486\/11515364546_d1d01470ce_n.jpg\" alt=\"canile---recinto-allagato\" width=\"370\" height=\"278\" \/><\/a>avore della ditta Murgia Veterinaria srl, in esecuzione della deliberazione G.M. n. 126\/2012 e della determinazione del sottoscritto n. 1085\/421 del 19.12.2012\u201d.<\/p>\n<p style=\"text-align: justify;\"><strong>Ma se erano stati gi\u00e0 det<\/strong><strong>ratti \u201calla fonte\u201d<\/strong> (7000-1000=6000), perch\u00e9 ricalcolarli nuovamente a fine conteggio?<\/p>\n<p style=\"text-align: justify;\"><strong>Un errore, a quanto sembrerebbe, non isolato<\/strong>, ma perdurante nel tempo che parte, <strong>dai documenti in nostro possesso, fin dal mese di maggio 2013<\/strong>. A conti fatti, quindi, <strong>mancherebbero all\u2019appello altri 4.000 euro<\/strong> <strong>che<\/strong> non ci risulta siano stati inseriti nei bonifici indicati nelle varie determinazioni in questione, che uniti ai 4000 della determina in oggetto, <strong>portano a un totale di ben 8 mila euro in meno e cio\u00e8 a discapito dei gestori del canile. Come mai? Di chi sono le responsabilit\u00e0?<\/strong> Possibile che nessuno se ne sia accorto, o c\u2019erano altri debiti da onorare non evidenziati?<\/p>\n<p style=\"text-align: justify;\">Per scaricare la <strong>Determina di set\/dic.<\/strong>, <a href=\"https:\/\/archiviogioia.lavocedelpaese.info\/wp-content\/uploads\/2013\/12\/canile20131091d.pdf\">clicca qui<\/a>.<\/p>\n<div style=\"text-align: left;\" align=\"left\"><span><a href=\"politica\/1063-risposte-sul-canile-la-messa-a-norma-e-in-dirittura-darrivo.html\"><span style=\"text-decoration: none;\">RISPOSTE SUL CANILE: \u201cLA MESSA A NORMA E\u2019 IN DIRITTURA D\u2019ARRIVO\u201d<\/span><\/a><\/span><\/div>\n<div style=\"text-align: left;\" align=\"left\"><span><a href=\"politica\/1751-inaugurato-il-canile-sanitario-tra-diffidenze-e-perplessita.html\"><span style=\"text-decoration: none;\">INAUGURATO IL CANILE SANITARIO TRA DIFFIDENZE E PERPLESSITA\u2019<\/span><\/a><\/span><\/div>\n<div style=\"text-align: left;\" align=\"left\"><span><a href=\"politica\/1808-canile-comunale-in-stato-di-abbandono-chiude-foto-.html\"><span style=\"text-decoration: none;\">CANILE COMUNALE, IN STATO DI ABBANDONO, CHIUDE? -foto-<\/span><\/a><\/span><\/div>\n<div style=\"text-align: left;\" align=\"left\"><span><a href=\"cronaca\/4957-nuove-ombre-sul-canile-comunale-e-nessuno-interviene-foto-.html\"><span style=\"text-decoration: none;\">OMBRE SUL CANILE COMUNALE E NESSUNO INTERVIENE-foto <\/span><\/a><\/span><\/div>\n<p>&nbsp;<\/p>\n","protected":false},"excerpt":{"rendered":"","protected":false},"author":1,"featured_media":0,"comment_status":"open","ping_status":"closed","sticky":false,"template":"","format":"standard","meta":{"colormag_page_container_layout":"default_layout","colormag_page_sidebar_layout":"default_layout","footnotes":""},"categories":[4],"tags":[],"class_list":["post-44291","post","type-post","status-publish","format-standard","hentry","category-politica"],"_links":{"self":[{"href":"https:\/\/archiviogioia.lavocedelpaese.info\/index.php?rest_route=\/wp\/v2\/posts\/44291","targetHints":{"allow":["GET"]}}],"collection":[{"href":"https:\/\/archiviogioia.lavocedelpaese.info\/index.php?rest_route=\/wp\/v2\/posts"}],"about":[{"href":"https:\/\/archiviogioia.lavocedelpaese.info\/index.php?rest_route=\/wp\/v2\/types\/post"}],"author":[{"embeddable":true,"href":"https:\/\/archiviogioia.lavocedelpaese.info\/index.php?rest_route=\/wp\/v2\/users\/1"}],"replies":[{"embeddable":true,"href":"https:\/\/archiviogioia.lavocedelpaese.info\/index.php?rest_route=%2Fwp%2Fv2%2Fcomments&post=44291"}],"version-history":[{"count":0,"href":"https:\/\/archiviogioia.lavocedelpaese.info\/index.php?rest_route=\/wp\/v2\/posts\/44291\/revisions"}],"wp:attachment":[{"href":"https:\/\/archiviogioia.lavocedelpaese.info\/index.php?rest_route=%2Fwp%2Fv2%2Fmedia&parent=44291"}],"wp:term":[{"taxonomy":"category","embeddable":true,"href":"https:\/\/archiviogioia.lavocedelpaese.info\/index.php?rest_route=%2Fwp%2Fv2%2Fcategories&post=44291"},{"taxonomy":"post_tag","embeddable":true,"href":"https:\/\/archiviogioia.lavocedelpaese.info\/index.php?rest_route=%2Fwp%2Fv2%2Ftags&post=44291"}],"curies":[{"name":"wp","href":"https:\/\/api.w.org\/{rel}","templated":true}]}}