{"id":44312,"date":"2013-12-27T07:02:58","date_gmt":"2013-12-27T07:02:58","guid":{"rendered":"https:\/\/archiviogioia.lavocedelpaese.info\/?p=44312"},"modified":"2013-12-27T07:02:58","modified_gmt":"2013-12-27T07:02:58","slug":"partita-la-xvi-edizione-del-presepe-vivente","status":"publish","type":"post","link":"https:\/\/archiviogioia.lavocedelpaese.info\/?p=44312","title":{"rendered":"PARTITA LA XVI EDIZIONE DEL PRESEPE VIVENTE"},"content":{"rendered":"<p><a title=\"presepe-vivente di LA VOCE DEL PAESE, su Flickr\" href=\"http:\/\/www.flickr.com\/photos\/91470992@N02\/11590895986\/\"><img loading=\"lazy\" decoding=\"async\" style=\"display: block; margin-left: auto; margin-right: auto;\" src=\"http:\/\/farm4.staticflickr.com\/3765\/11590895986_6d55293314_n.jpg\" alt=\"presepe-vivente\" width=\"320\" height=\"240\" \/><\/a><\/p>\n<p><!--more--><\/p>\n<p style=\"text-align: justify;\"><a title=\"presepe vivente immacolata di LA VOCE DEL PAESE, su Flickr\" href=\"http:\/\/www.flickr.com\/photos\/91470992@N02\/11590401524\/\"><img loading=\"lazy\" decoding=\"async\" style=\"margin: 4px; float: left;\" src=\"http:\/\/farm6.staticflickr.com\/5491\/11590401524_60f47cbb06.jpg\" alt=\"presepe vivente immacolata\" width=\"350\" height=\"467\" \/><\/a><span>Conto alla rovescia per la<strong> XVI edizione del presepe vivente<\/strong>, ospitata nel cuore della citt\u00e0, con ingresso in via Rossini, a ridosso del Teatro comunale <strong>nei giorni 27, 28 e 29 dicembre<\/strong> ed <strong>organizzata dal gruppo giovanile della Parrocchia della Chiesa Madre<\/strong>.<\/span><\/p>\n<p style=\"text-align: justify;\"><strong><span>L&#8217;inaugurazione si terr\u00e0 il 27 dicembre alle ore 19<\/span><\/strong><span>, mentre nei successivi giorni <strong>le visite partiranno dalle ore 18<\/strong>. <\/span><\/p>\n<p style=\"text-align: justify;\"><span>Il <strong>tema scelto<\/strong> quest&#8217;anno si ispira a tre parole pronunciate da Papa Francesco I: &#8220;<strong>Camminare, Edificare, Confessare<\/strong>&#8220;.<\/span><\/p>\n<p style=\"text-align: justify;\"><strong><span>Un percorso guidato<\/span><\/strong><span> che partir\u00e0 dall&#8217;Antico Testamento (basato sul tema del \u2018Camminare\u2019) per poi soffermarsi sulla Nativit\u00e0 (\u2018Edificare\u2019) per infine esplorare la storia della Chiesa nei suoi santi sul tema del \u2018Confessare\u2019. <\/span><\/p>\n<p style=\"text-align: justify;\"><strong><span>Sottotitolo<\/span><\/strong><span> al tema, la domanda provocatoria di Thomas Eliot &#8220;<i>E&#8217; l&#8217;umanit\u00e0 che ha abbandonato la Chiesa o \u00e8 la Chiesa che ha abbandonato l&#8217;umanit\u00e0?<\/i>&#8220;. <\/span><\/p>\n<p style=\"text-align: justify;\"><strong><span>Sar\u00e0 il percorso a suscitare risposte tra i visitatori<\/span><\/strong><span>. <\/span><\/p>\n<p>&nbsp;<\/p>\n","protected":false},"excerpt":{"rendered":"","protected":false},"author":1,"featured_media":0,"comment_status":"open","ping_status":"closed","sticky":false,"template":"","format":"standard","meta":{"colormag_page_container_layout":"default_layout","colormag_page_sidebar_layout":"default_layout","footnotes":""},"categories":[7],"tags":[],"class_list":["post-44312","post","type-post","status-publish","format-standard","hentry","category-attualita"],"_links":{"self":[{"href":"https:\/\/archiviogioia.lavocedelpaese.info\/index.php?rest_route=\/wp\/v2\/posts\/44312","targetHints":{"allow":["GET"]}}],"collection":[{"href":"https:\/\/archiviogioia.lavocedelpaese.info\/index.php?rest_route=\/wp\/v2\/posts"}],"about":[{"href":"https:\/\/archiviogioia.lavocedelpaese.info\/index.php?rest_route=\/wp\/v2\/types\/post"}],"author":[{"embeddable":true,"href":"https:\/\/archiviogioia.lavocedelpaese.info\/index.php?rest_route=\/wp\/v2\/users\/1"}],"replies":[{"embeddable":true,"href":"https:\/\/archiviogioia.lavocedelpaese.info\/index.php?rest_route=%2Fwp%2Fv2%2Fcomments&post=44312"}],"version-history":[{"count":0,"href":"https:\/\/archiviogioia.lavocedelpaese.info\/index.php?rest_route=\/wp\/v2\/posts\/44312\/revisions"}],"wp:attachment":[{"href":"https:\/\/archiviogioia.lavocedelpaese.info\/index.php?rest_route=%2Fwp%2Fv2%2Fmedia&parent=44312"}],"wp:term":[{"taxonomy":"category","embeddable":true,"href":"https:\/\/archiviogioia.lavocedelpaese.info\/index.php?rest_route=%2Fwp%2Fv2%2Fcategories&post=44312"},{"taxonomy":"post_tag","embeddable":true,"href":"https:\/\/archiviogioia.lavocedelpaese.info\/index.php?rest_route=%2Fwp%2Fv2%2Ftags&post=44312"}],"curies":[{"name":"wp","href":"https:\/\/api.w.org\/{rel}","templated":true}]}}