{"id":44327,"date":"2013-12-29T09:32:34","date_gmt":"2013-12-29T09:32:34","guid":{"rendered":"https:\/\/archiviogioia.lavocedelpaese.info\/?p=44327"},"modified":"2013-12-29T09:32:34","modified_gmt":"2013-12-29T09:32:34","slug":"gioia-assassinio-francesca-milano-ultimi-sviluppi","status":"publish","type":"post","link":"https:\/\/archiviogioia.lavocedelpaese.info\/?p=44327","title":{"rendered":"GIOIA. ASSASSINIO FRANCESCA MILANO. ULTIMI SVILUPPI"},"content":{"rendered":"<p><a title=\"omicidio-francesca-milano di LA VOCE DEL PAESE, su Flickr\" href=\"http:\/\/www.flickr.com\/photos\/91470992@N02\/11630077535\/\"><img loading=\"lazy\" decoding=\"async\" style=\"display: block; margin-left: auto; margin-right: auto;\" src=\"http:\/\/farm4.staticflickr.com\/3739\/11630077535_f136322abf_z.jpg\" alt=\"omicidio-francesca-milano\" width=\"320\" height=\"240\" \/><\/a><\/p>\n<p><!--more--><\/p>\n<p style=\"margin-bottom: 0.0001pt; text-align: justify; line-height: normal;\"><a title=\"francesca-milano di LA VOCE DEL PAESE, su Flickr\" href=\"http:\/\/www.flickr.com\/photos\/91470992@N02\/11631508664\/\"><img loading=\"lazy\" decoding=\"async\" style=\"margin: 4px; float: left;\" src=\"http:\/\/farm4.staticflickr.com\/3732\/11631508664_f82c6ab708_n.jpg\" alt=\"francesca-milano\" width=\"256\" height=\"350\" \/><\/a><strong>Ultimi sviluppi sulla vicenda dell\u2019assassinio di Francesca Milano<\/strong>, la 42enne gioiese separata e madre di due figlie Lucia ed Anna, di 23 e 17 anni, <strong>vittima del suo ex, Nunzio Proscia<\/strong>, 40 anni, giardiniere incensurato, da circa dieci anni suo compagno.<\/p>\n<p style=\"margin-bottom: 0.0001pt; text-align: justify; line-height: normal;\"><strong>Dopo un iniziale \u201cvuoto di memoria\u201d<\/strong>, nel corso dell\u2019interrogatorio durato circa sette ore, <strong>l\u2019uomo ha confessato e condotto gli investigatori nel luogo in cui aveva lasciato il corpo senza vita<\/strong> della donna, un\u2019oasi di verde in contrada Tafuri, nel comune di Castella in provincia di Taranto.<\/p>\n<p style=\"text-align: justify;\"><strong>La lite tra i due \u00e8 scoppiata gioved\u00ec, 26 dicembre, intorno alle ore 22.30<\/strong> nel parcheggio della sala Bingo. Qui Francesca Milano era giunta con alcuni amici.&nbsp;&nbsp;<\/p>\n<p style=\"margin-bottom: 0.0001pt; text-align: justify; line-height: normal;\"><strong>Stando alla ricostruzione dei fatti, Nunzio Proscia avrebbe scoperto<\/strong> che la donna si era recata a Putignano. L\u2019ha raggiunta alla guida di un furgoncino preso in prestito, \u00e8 entrato all\u2019interno della sala, quindi le ha chiesto di uscire. <strong>La discussione si \u00e8 protratta e animata<\/strong> al punto che la donna, per sfuggire alla violenza dell\u2019uomo, si \u00e8 rifugiata nella sua auto, una Y10. <strong>Il Proscia<\/strong> non si \u00e8 arreso, ha sferrato un pugno al finestrino, quindi \u00e8 riuscito ad introdursi nell\u2019auto. <strong>Perdendo d<\/strong><strong>el tutto il controllo<\/strong> e non accettando di essere stato lasciato, <strong>ha afferrato la donna p<\/strong><a title=\"delitto a gioia francesca milano di LA VOCE DEL PAESE, su Flickr\" href=\"http:\/\/www.flickr.com\/photos\/91470992@N02\/11630250753\/\"><img loading=\"lazy\" decoding=\"async\" style=\"margin: 4px; float: right;\" src=\"http:\/\/farm4.staticflickr.com\/3830\/11630250753_dc873006f8_n.jpg\" alt=\"delitto a gioia francesca milano\" width=\"350\" height=\"232\" \/><\/a><strong>er la gola<\/strong>, uccidendola in pochi minuti.<\/p>\n<p style=\"margin-bottom: 0.0001pt; text-align: justify; line-height: normal;\">Stando sempre alle dichiarazioni dell\u2019omicida, <strong>ha avvicinato il furgoncino all\u2019auto<\/strong>, ha spostato il corpo senza vita della donna e lo ha coperto con un telo.<\/p>\n<p style=\"margin-bottom: 0.0001pt; text-align: justify; line-height: normal;\"><strong>Il parcheggio in quel momento era av<\/strong><strong>volto nel buio<\/strong>, nessuno ha notato nulla.<\/p>\n<p style=\"margin-bottom: 0.0001pt; text-align: justify; line-height: normal;\"><strong>Dopo la mezzanotte ha raggiunto contrada Tafuri, nel tarantino<\/strong>. Con sangue freddo ha indossato una tuta, ha tolto alla vittima alcuni indumenti, tra cui la borsa, ha portato il corpo tra i cespugli e lo ha coperto di foglie e rami.<\/p>\n<p style=\"margin-bottom: 0.0001pt; text-align: justify; line-height: normal;\"><strong>Un imprevisto ha costretto <\/strong><strong>l\u2019omic<\/strong><strong>ida a fermarsi lungo la via del ritorno<\/strong>. Gli pneumatici del furgoncino sono slittati nel fango. Due uomini di passaggio a bordo della loro auto, vedendo Proscia impantanato, lo hanno aiutato, spingendo il m<a title=\"delitto a gioia francesca milano di LA VOCE DEL PAESE, su Flickr\" href=\"http:\/\/www.flickr.com\/photos\/91470992@N02\/11630785936\/\"><img loading=\"lazy\" decoding=\"async\" style=\"margin: 4px; float: left;\" src=\"http:\/\/farm6.staticflickr.com\/5549\/11630785936_5cb751f526_n.jpg\" alt=\"delitto a gioia francesca milano\" width=\"350\" height=\"232\" \/><\/a>ezzo.<\/p>\n<p style=\"margin-bottom: 0.0001pt; text-align: justify; line-height: normal;\"><strong>Dopo essersi sbarazzato deg<\/strong><strong>li indumenti<\/strong>, tuta e coperta incluse, gettandoli tra i rifiuti in campagna, l\u2019uomo <strong>\u00e8 tornato a casa<\/strong>.<\/p>\n<p style=\"margin-bottom: 0.0001pt; text-align: justify; line-height: normal;\"><strong>La mattina del venerd\u00ec le figlie della vittima<\/strong>, non vedendola rincasare, hanno denunciato la sua scomparsa e le indagini sono subito partite.<\/p>\n<p style=\"margin-bottom: 0.0001pt; text-align: justify; line-height: normal;\"><strong>A scatenare le ire del Proscia il nuovo profilo facebook della Milano<\/strong>, attraverso cui la donna aveva tentato di sottrarsi allo stalking di cui era vittima da quando <strong>ave<\/strong><strong>va comunicato al suo ex l\u2019intenzione<\/strong> di non volerlo pi\u00f9 vedere. A tradire la sua identit\u00e0 &#8211; Veronica Milano &#8211; le foto delle sue figlie.<\/p>\n<p style=\"margin-bottom: 0.0001pt; text-align: justify; line-height: normal;\"><strong>Nel primo pomeriggio la presenza di un elicottero delle forze dell\u2019Ordine<\/strong> che ha pi\u00f9 volte sorvolato Gioia, <strong>ha allertato i cittadini<\/strong>, mentre nella notte, i<a title=\"delitto a gioia francesca milano di LA VOCE DEL PAESE, su Flickr\" href=\"http:\/\/www.flickr.com\/photos\/91470992@N02\/11630014105\/\"><img loading=\"lazy\" decoding=\"async\" style=\"margin: 4px; float: right;\" src=\"http:\/\/farm6.staticflickr.com\/5545\/11630014105_62cba10ddf_n.jpg\" alt=\"delitto a gioia francesca milano\" width=\"350\" height=\"232\" \/><\/a>ntorno all\u2019una, la conferma del tragico evento nei pressi della Caserma dei Carabinieri.<\/p>\n<p style=\"margin-bottom: 0.0001pt; text-align: justify; line-height: normal;\"><strong>Uno dei casi di \u201cfemminicidio\u201d che andr\u00e0 ad unirsi al lungo elenco<\/strong> che in questo anno ha insanguinato la nazione, <strong>il primo, da ch\u00e8 \u00e8 stato coniato questo termine, in citt\u00e0<\/strong>. Hanno partecipato alle indagini il reparto operativo provinciale e locale dei Carabinieri e il nucleo investigativo provinciale.<\/p>\n<p style=\"margin-bottom: 0.0001pt; text-align: justify; line-height: normal;\"><strong>I funerali avranno luogo marted\u00ec 31<\/strong> alle ore 16.00, partendo da Via Noci 20 per la parrocchia dell\u2019Immacolata.<\/p>\n<p><a href=\"http:\/\/www.rai.tv\/dl\/RaiTV\/programmi\/media\/ContentItem-1bb48b4a-427c-4c55-9ff6-4873eb97ce57-tg1.html\">http:\/\/www.rai.tv\/dl\/RaiTV\/programmi\/media\/ContentItem-1bb48b4a-427c-4c55-9ff6-4873eb97ce57-tg1.html<\/a>&nbsp;<\/p>\n","protected":false},"excerpt":{"rendered":"","protected":false},"author":1,"featured_media":0,"comment_status":"open","ping_status":"closed","sticky":false,"template":"","format":"standard","meta":{"colormag_page_container_layout":"default_layout","colormag_page_sidebar_layout":"default_layout","footnotes":""},"categories":[8],"tags":[],"class_list":["post-44327","post","type-post","status-publish","format-standard","hentry","category-cronaca"],"_links":{"self":[{"href":"https:\/\/archiviogioia.lavocedelpaese.info\/index.php?rest_route=\/wp\/v2\/posts\/44327","targetHints":{"allow":["GET"]}}],"collection":[{"href":"https:\/\/archiviogioia.lavocedelpaese.info\/index.php?rest_route=\/wp\/v2\/posts"}],"about":[{"href":"https:\/\/archiviogioia.lavocedelpaese.info\/index.php?rest_route=\/wp\/v2\/types\/post"}],"author":[{"embeddable":true,"href":"https:\/\/archiviogioia.lavocedelpaese.info\/index.php?rest_route=\/wp\/v2\/users\/1"}],"replies":[{"embeddable":true,"href":"https:\/\/archiviogioia.lavocedelpaese.info\/index.php?rest_route=%2Fwp%2Fv2%2Fcomments&post=44327"}],"version-history":[{"count":0,"href":"https:\/\/archiviogioia.lavocedelpaese.info\/index.php?rest_route=\/wp\/v2\/posts\/44327\/revisions"}],"wp:attachment":[{"href":"https:\/\/archiviogioia.lavocedelpaese.info\/index.php?rest_route=%2Fwp%2Fv2%2Fmedia&parent=44327"}],"wp:term":[{"taxonomy":"category","embeddable":true,"href":"https:\/\/archiviogioia.lavocedelpaese.info\/index.php?rest_route=%2Fwp%2Fv2%2Fcategories&post=44327"},{"taxonomy":"post_tag","embeddable":true,"href":"https:\/\/archiviogioia.lavocedelpaese.info\/index.php?rest_route=%2Fwp%2Fv2%2Ftags&post=44327"}],"curies":[{"name":"wp","href":"https:\/\/api.w.org\/{rel}","templated":true}]}}