{"id":44365,"date":"2014-01-02T09:10:31","date_gmt":"2014-01-02T09:10:31","guid":{"rendered":"https:\/\/archiviogioia.lavocedelpaese.info\/?p=44365"},"modified":"2014-01-02T09:10:31","modified_gmt":"2014-01-02T09:10:31","slug":"nel-paese-dei-buchi-in-arrivo-la-casa-dellacqua","status":"publish","type":"post","link":"https:\/\/archiviogioia.lavocedelpaese.info\/?p=44365","title":{"rendered":"NEL PAESE DEI \u201cBUCHI\u201d IN ARRIVO LA CASA DELL\u2019ACQUA"},"content":{"rendered":"<p><a title=\"Casa-Acqua di LA VOCE DEL PAESE, su Flickr\" href=\"http:\/\/www.flickr.com\/photos\/91470992@N02\/11714638636\/\"><img loading=\"lazy\" decoding=\"async\" style=\"display: block; margin-left: auto; margin-right: auto;\" src=\"http:\/\/farm3.staticflickr.com\/2832\/11714638636_8a5a7a863d_z.jpg\" alt=\"Casa-Acqua\" width=\"320\" height=\"240\" \/><\/a><\/p>\n<p><!--more--><\/p>\n<p style=\"margin-bottom: 0.0001pt; text-align: justify; line-height: normal;\"><a title=\"giardini paolo VI di LA VOCE DEL PAESE, su Flickr\" href=\"http:\/\/www.flickr.com\/photos\/91470992@N02\/11714679216\/\"><img loading=\"lazy\" decoding=\"async\" style=\"margin: 4px; float: left;\" src=\"http:\/\/farm3.staticflickr.com\/2884\/11714679216_5229867302_n.jpg\" alt=\"giardini paolo VI\" width=\"380\" height=\"285\" \/><\/a> <strong>Con determina n.1001<\/strong> del 14\/11\/2013 a fronte di una presunta <strong>spesa \u201cviva\u201d di \u20ac 2.600,00<\/strong> i.v.a.compresa &#8211; \u201c2.000,00 per la realizzazione della platea di sostegno e delle opere necessarie ad addurre, in prossimit\u00e0 del manufatto, il carico dell\u2019acqua e l\u2019energia elettrica, nonch\u00e9 presumibili \u20ac 600,00 per l\u2019installazione dei contatori di energia elettrica ed acqua intestati al fornitore\u201d -, <strong>il Comune ha concesso alla societ\u00e0 ANYAQUAE S.R.L.<\/strong> Unipersonale, di Brescia la possibilit\u00e0 di gestire per suo conto, <strong>presso i giardini di Paolo VI<\/strong> (pi\u00f9 in l\u00e0 anche in altre zone della citt\u00e0), \u201c<strong>il servizio di fornitura e gestione di impianti di erogazione d\u2019acqua pubblica<\/strong> naturale refrigerata e frizzante refrigerata, dotato delle pi\u00f9 avanzate tecnologie e caratterizzato da un innovativo inserimento nel contesto ambientale\u201d.<\/p>\n<p style=\"margin-bottom: 0.0001pt; text-align: justify; line-height: normal;\">\u201cLa proposta tecnico-economica\u201d prevede la fornitura di una casa dell\u2019acqua, \u201c<strong>per un periodo di 6 anni rinnovabili<\/strong>\u201d, senza apparenti costi e responsa<a title=\"case dell'acqua di LA VOCE DEL PAESE, su Flickr\" href=\"http:\/\/www.flickr.com\/photos\/91470992@N02\/11714594996\/\"><img loading=\"lazy\" decoding=\"async\" style=\"margin: 4px; float: right;\" src=\"http:\/\/farm4.staticflickr.com\/3718\/11714594996_9db6a14e07_n.jpg\" alt=\"case dell'acqua\" width=\"400\" height=\"269\" \/><\/a>bilit\u00e0 per il Comune.<\/p>\n<p style=\"margin-bottom: 0.0001pt; text-align: justify; line-height: normal;\">Infatti la societ\u00e0 installer\u00e0 a proprie spese un <strong>prefabbricato (casa dell\u2019acqu<\/strong><strong>a), comprendente l\u2019impianto di filtrazione, refrigerazione<\/strong><strong>, gasatura e erogazione<\/strong>; si accoller\u00e0, inoltre, la manutenzione ordinaria e straordinaria, la fornitura d\u2019acqua, di energia elettrica e ricarica di CO2 per tutta la durata del contratto.<\/p>\n<p style=\"margin-bottom: 0.0001pt; text-align: justify; line-height: normal;\"><strong>A fronte di tanto impegno<\/strong> (anche economico), <strong>unico \u201cguadagno\u201d quello riveniente da minimo 25 sponsor annuali<\/strong>. Solo nel caso la societ\u00e0 <strong>non riuscisse a trovarli, potr\u00e0 tenere per s\u00e9 l\u2019intero incasso giornaliero (5 centesimi per litro di acqua)<\/strong>, altrimenti devoluto all\u2019Amministrazione.<\/p>\n<p style=\"margin-bottom: 0.0001pt; text-align: justify; line-height: normal;\"><strong>In sintesi<\/strong>: <strong>spesa una tantum per il Comune di 2.600,00 euro<\/strong>, per la societ\u00e0 comodato d\u2019<a title=\"case dell'acqua di LA VOCE DEL PAESE, su Flickr\" href=\"http:\/\/www.flickr.com\/photos\/91470992@N02\/11714081313\/\"><img loading=\"lazy\" decoding=\"async\" style=\"margin: 4px; float: left;\" src=\"http:\/\/farm8.staticflickr.com\/7384\/11714081313_15185342d6.jpg\" alt=\"case dell'acqua\" width=\"227\" height=\"320\" \/><\/a>uso gratuito <strong>per sei anni, nessuna tassa \u201ccomunale relativa alla struttura e alla programmazione pubblicitaria su video o affissioni<\/strong>\u201d, in cambio di \u201cspazi video gratuiti per la comunicazione istituzionale\u201d dell\u2019Ente e acqua venduta a 5 centesimi il litro, il cui ricavato andr\u00e0 alla ANYAQUAE S.R.L. se non trover\u00e0 \u201cun congruo numero di sponsor\u201d.<\/p>\n<p style=\"margin-bottom: 0.0001pt; text-align: justify; line-height: normal;\">Dopo quanto letto, <strong>sorge spontanea una domanda<\/strong>: <strong>un\u2019azienda privata pu\u00f2 erogare acqua al pubblico?<\/strong> La stessa acqua gi\u00e0 erogata ai gioiesi dall\u2019Acquedotto Pugliese, ritenuta ottima sin dalle fonti e sottoposta in pi\u00f9 punti del territorio a severi controlli? E, in questo caso,la depurazione della ditta in cosa consiste? E\u2019 davvero necessaria?<\/p>\n<p style=\"margin-bottom: 0.0001pt; text-align: justify; line-height: normal;\"><strong>Un\u2019impresa che si spera non si riveli<\/strong> &#8211; leggendo tra le postille contrattuali \u2013 <strong>il classico \u201cbuco nell\u2019acqua, oltre che a perdere\u201d!<\/strong><\/p>\n<p style=\"margin-bottom: 0.0001pt; text-align: justify; line-height: normal;\">Ironia della sorte,<strong> in altre localit\u00e0 a noi vicine<\/strong>, c&#8217;\u00e8 un partito,<strong> il Pd<\/strong>, che<strong> si oppone a questa scelta. Mentre a Gioia, di contro, la avalla con&nbsp; il suo assessore e parte dei suoi consiglieri<\/strong>. (<a href=\"http:\/\/www.pdvalenzano.it\/2013\/09\/20\/il-buco-nellacqua-della-giunta-lomoro\/\">http:\/\/www.pdvalenzano.it\/2013\/09\/20\/il-buco-nellacqua-della-giunta-lomoro\/<\/a>)<strong><br \/><\/strong><\/p>\n<p style=\"margin-bottom: 0.0001pt; text-align: justify; line-height: normal;\">Per scaricare la <strong>Determina<\/strong>, <a href=\"https:\/\/archiviogioia.lavocedelpaese.info\/wp-content\/uploads\/2014\/01\/acqua-refrigerata20131001d.pdf\">clicca qui<\/a>.<\/p>\n<p>&nbsp;<\/p>\n","protected":false},"excerpt":{"rendered":"","protected":false},"author":1,"featured_media":0,"comment_status":"open","ping_status":"closed","sticky":false,"template":"","format":"standard","meta":{"colormag_page_container_layout":"default_layout","colormag_page_sidebar_layout":"default_layout","footnotes":""},"categories":[4],"tags":[],"class_list":["post-44365","post","type-post","status-publish","format-standard","hentry","category-politica"],"_links":{"self":[{"href":"https:\/\/archiviogioia.lavocedelpaese.info\/index.php?rest_route=\/wp\/v2\/posts\/44365","targetHints":{"allow":["GET"]}}],"collection":[{"href":"https:\/\/archiviogioia.lavocedelpaese.info\/index.php?rest_route=\/wp\/v2\/posts"}],"about":[{"href":"https:\/\/archiviogioia.lavocedelpaese.info\/index.php?rest_route=\/wp\/v2\/types\/post"}],"author":[{"embeddable":true,"href":"https:\/\/archiviogioia.lavocedelpaese.info\/index.php?rest_route=\/wp\/v2\/users\/1"}],"replies":[{"embeddable":true,"href":"https:\/\/archiviogioia.lavocedelpaese.info\/index.php?rest_route=%2Fwp%2Fv2%2Fcomments&post=44365"}],"version-history":[{"count":0,"href":"https:\/\/archiviogioia.lavocedelpaese.info\/index.php?rest_route=\/wp\/v2\/posts\/44365\/revisions"}],"wp:attachment":[{"href":"https:\/\/archiviogioia.lavocedelpaese.info\/index.php?rest_route=%2Fwp%2Fv2%2Fmedia&parent=44365"}],"wp:term":[{"taxonomy":"category","embeddable":true,"href":"https:\/\/archiviogioia.lavocedelpaese.info\/index.php?rest_route=%2Fwp%2Fv2%2Fcategories&post=44365"},{"taxonomy":"post_tag","embeddable":true,"href":"https:\/\/archiviogioia.lavocedelpaese.info\/index.php?rest_route=%2Fwp%2Fv2%2Ftags&post=44365"}],"curies":[{"name":"wp","href":"https:\/\/api.w.org\/{rel}","templated":true}]}}