{"id":44368,"date":"2014-01-02T11:41:56","date_gmt":"2014-01-02T11:41:56","guid":{"rendered":"https:\/\/archiviogioia.lavocedelpaese.info\/?p=44368"},"modified":"2014-01-02T11:41:56","modified_gmt":"2014-01-02T11:41:56","slug":"viabilita-una-citta-che-si-muove-a-due-velocita-foto","status":"publish","type":"post","link":"https:\/\/archiviogioia.lavocedelpaese.info\/?p=44368","title":{"rendered":"VIABILIT\u00c0. UNA CITT\u00c0 CHE SI MUOVE A DUE VELOCIT\u00c0-foto"},"content":{"rendered":"<p><a title=\"interventi viabilit\u00e0 masi di LA VOCE DEL PAESE, su Flickr\" href=\"http:\/\/www.flickr.com\/photos\/91470992@N02\/11716624094\/\"><img loading=\"lazy\" decoding=\"async\" style=\"display: block; margin-left: auto; margin-right: auto;\" src=\"http:\/\/farm6.staticflickr.com\/5482\/11716624094_01e69fc167_z.jpg\" alt=\"interventi viabilit\u00e0 masi\" width=\"320\" height=\"240\" \/><\/a><\/p>\n<p><!--more--><\/p>\n<p style=\"margin-bottom: 0.0001pt; text-align: justify; line-height: normal;\"><a title=\"interventi viabilit\u00e0 masi di LA VOCE DEL PAESE, su Flickr\" href=\"http:\/\/www.flickr.com\/photos\/91470992@N02\/11716577944\/\"><img loading=\"lazy\" decoding=\"async\" style=\"margin: 4px; float: left;\" src=\"http:\/\/farm6.staticflickr.com\/5548\/11716577944_ef335943e3_z.jpg\" alt=\"interventi viabilit\u00e0 masi\" width=\"370\" height=\"278\" \/><\/a> <strong>Conforta la premura con cui si \u00e8 provveduto a porre rimedio<\/strong> <strong>a quanto denunciato<\/strong> nella lettera a firma di <strong>Donato Colacicco<\/strong> pubblicata sul n. 13 de \u201cLa voce del paese\u201d del 6 dicembre, in merito alle auto pericolosamente parcheggiate su via \u201cFederico II\u201d &#8211; ex Statale 100 &#8211; in prossimit\u00e0 dei palazzi costruiti di fronte all\u2019Ospedale \u201cParadiso\u201d.<\/p>\n<p style=\"margin-bottom: 0.0001pt; text-align: justify; line-height: normal;\"><strong>Il complesso al momento praticamente disabitato<\/strong>, per vicende varie e di compravendita, <strong>\u00e8 sta<\/strong><strong>to prontamente dotato di dossi per rallentare la velocit\u00e0<\/strong> (stranamente non evidenziati da opportuna segnaletica), <strong>strisce pedonali con catarifrangenti<\/strong> (autentica novit\u00e0 rispetto alle altre zone di Gioia), <strong>segnaletica verticale di divieto di sosta<\/strong> e presenza di attraversamenti pedonali, oltre che ad una bitumazione nuova di zecca, e tutto questo <strong>in tempi record<\/strong>.<\/p>\n<p style=\"margin-bottom: 0.0001pt; text-align: justify; line-height: normal;\"><strong>A poca distanza, nei pressi dell\u2019ospedale, frequentatissimo da famiglie e studenti,<\/strong><a title=\"interventi viabilit\u00e0 masi di LA VOCE DEL PAESE, su Flickr\" href=\"http:\/\/www.flickr.com\/photos\/91470992@N02\/11716942366\/\"><img loading=\"lazy\" decoding=\"async\" style=\"margin: 4px; float: right;\" src=\"http:\/\/farm6.staticflickr.com\/5483\/11716942366_f651a95fd9_n.jpg\" alt=\"interventi viabilit\u00e0 masi\" width=\"370\" height=\"279\" \/><\/a><strong> si pu\u00f2 invece notare il degrado<\/strong> del manto stradale, con buche, strisce pedonali sbiadite, quasi invisibili, e marciapiedi dissestati.<\/p>\n<p style=\"margin-bottom: 0.0001pt; text-align: justify; line-height: normal;\"><strong>L\u2019attenzione nei confronti della citt\u00e0 parrebbe andare a due velocit\u00e0<\/strong>: <strong>in direttissima laddove ci siano appalti e abitazioni legati a politici<\/strong>, vedasi quanto su scritto e in via Fellini, unica strada gioiese asfaltata alla perfezione, <strong>alla moviola nei luoghi frequentati dalla maggior parte dei cittadini<\/strong>.<\/p>\n<p style=\"text-align: justify;\">\u201c<strong>L\u2019altro giorno mi stavo reca<\/strong><strong>ndo a far spesa e sono inciampata<\/strong>, ero nella strada che costeggia la scuola Mazzini, vicino al fioraio. <strong>Con le ginocchia dolenti e sanguinanti ho raggiunto la farmacia<\/strong> Favale per farmi medicare. Lo stesso dottore mi ha raccontato di essere reduce da una caduta\u2026 <strong>ma \u00e8 mai possibile che le strade siano ridotte in questo mod<\/strong><strong>o<\/strong> e non ci s<a title=\"buche stradali di LA VOCE DEL PAESE, su Flickr\" href=\"http:\/\/www.flickr.com\/photos\/91470992@N02\/11717100825\/\"><img loading=\"lazy\" decoding=\"async\" style=\"margin: 4px; float: left;\" src=\"http:\/\/farm6.staticflickr.com\/5480\/11717100825_98fdfa44b8_n.jpg\" alt=\"buche stradali\" width=\"370\" height=\"278\" \/><\/a>i possa camminare? <strong>Vedendo le sedie in ferro davanti al Liceo<\/strong> mi sono chiesta: <strong>perch\u00e9 spendere soldi per certi obbrobri e non riparare le buche?<\/strong> Ma chi ci governa si rende conto di come \u00e8 ridotta Gioia? \u201d<\/p>\n<p style=\"margin-bottom: 0.0001pt; text-align: justify; line-height: normal;\"><strong>Questo quanto denunciato da Francesca Capodiferro<\/strong> nei giorni scorsi, per la seconda volta a GioiaNet (<a href=\"cronaca\/7719-buche-e-marciapiedi-killer-mietono-nuove-vittime.html\">BUCHE E MARCIAPIEDI KILLER MIETONO NUOVE VITTIME<\/a>).<\/p>\n<p style=\"margin-bottom: 0.0001pt; text-align: justify; line-height: normal;\"><strong>Sarebbe interessante com<\/strong><strong>prendere quali siano i criteri di urgenza adottati dall\u2019U.T.C.<\/strong>, <strong>oltre che i costi<\/strong>, in questi casi e soprattutto, alla luce delle spese autorizzate dopo l\u2019approvazione del fatidico bilancio, per altre opere forse meno urgenti, <strong>e come l\u2019Amministrazione intende risolvere il problema \u201cbuche\u201d<\/strong>, ancor pi\u00f9 numerose rispetto all\u2019anno scorso, <strong>nonostante le migliaia di euro spese<\/strong>.<\/p>\n<p>\n<object data=\"https:\/\/static.googleusercontent.com\/external_content\/picasaweb.googleusercontent.com\/slideshow.swf\" type=\"application\/x-shockwave-flash\" width=\"640\" height=\"480\"><param name=\"flashvars\" value=\"host=picasaweb.google.com&amp;hl=it&amp;feat=flashalbum&amp;RGB=0x000000&amp;feed=https%3A%2F%2Fpicasaweb.google.com%2Fdata%2Ffeed%2Fapi%2Fuser%2F104626251937098962566%2Falbumid%2F5964416037254402929%3Falt%3Drss%26kind%3Dphoto%26hl%3Dit\" \/><param name=\"movie\" value=\"https:\/\/static.googleusercontent.com\/external_content\/picasaweb.googleusercontent.com\/slideshow.swf\" \/><\/object><\/p>\n","protected":false},"excerpt":{"rendered":"","protected":false},"author":1,"featured_media":0,"comment_status":"open","ping_status":"closed","sticky":false,"template":"","format":"standard","meta":{"colormag_page_container_layout":"default_layout","colormag_page_sidebar_layout":"default_layout","footnotes":""},"categories":[4],"tags":[],"class_list":["post-44368","post","type-post","status-publish","format-standard","hentry","category-politica"],"_links":{"self":[{"href":"https:\/\/archiviogioia.lavocedelpaese.info\/index.php?rest_route=\/wp\/v2\/posts\/44368","targetHints":{"allow":["GET"]}}],"collection":[{"href":"https:\/\/archiviogioia.lavocedelpaese.info\/index.php?rest_route=\/wp\/v2\/posts"}],"about":[{"href":"https:\/\/archiviogioia.lavocedelpaese.info\/index.php?rest_route=\/wp\/v2\/types\/post"}],"author":[{"embeddable":true,"href":"https:\/\/archiviogioia.lavocedelpaese.info\/index.php?rest_route=\/wp\/v2\/users\/1"}],"replies":[{"embeddable":true,"href":"https:\/\/archiviogioia.lavocedelpaese.info\/index.php?rest_route=%2Fwp%2Fv2%2Fcomments&post=44368"}],"version-history":[{"count":0,"href":"https:\/\/archiviogioia.lavocedelpaese.info\/index.php?rest_route=\/wp\/v2\/posts\/44368\/revisions"}],"wp:attachment":[{"href":"https:\/\/archiviogioia.lavocedelpaese.info\/index.php?rest_route=%2Fwp%2Fv2%2Fmedia&parent=44368"}],"wp:term":[{"taxonomy":"category","embeddable":true,"href":"https:\/\/archiviogioia.lavocedelpaese.info\/index.php?rest_route=%2Fwp%2Fv2%2Fcategories&post=44368"},{"taxonomy":"post_tag","embeddable":true,"href":"https:\/\/archiviogioia.lavocedelpaese.info\/index.php?rest_route=%2Fwp%2Fv2%2Ftags&post=44368"}],"curies":[{"name":"wp","href":"https:\/\/api.w.org\/{rel}","templated":true}]}}