{"id":44387,"date":"2014-01-04T07:01:18","date_gmt":"2014-01-04T07:01:18","guid":{"rendered":"https:\/\/archiviogioia.lavocedelpaese.info\/?p=44387"},"modified":"2014-01-04T07:01:18","modified_gmt":"2014-01-04T07:01:18","slug":"ottimo-risultato-per-il-presepe-vivente-2013-foto-2","status":"publish","type":"post","link":"https:\/\/archiviogioia.lavocedelpaese.info\/?p=44387","title":{"rendered":"OTTIMO RISULTATO PER IL PRESEPE VIVENTE 2013-foto"},"content":{"rendered":"<p><a title=\"presepe-vivente-e-vescovo di LA VOCE DEL PAESE, su Flickr\" href=\"http:\/\/www.flickr.com\/photos\/91470992@N02\/11757876886\/\"><img loading=\"lazy\" decoding=\"async\" style=\"display: block; margin-left: auto; margin-right: auto;\" src=\"http:\/\/farm3.staticflickr.com\/2850\/11757876886_08e1b4bdd1_n.jpg\" alt=\"presepe-vivente-e-vescovo\" width=\"320\" height=\"240\" \/><\/a><\/p>\n<p><!--more--><\/p>\n<p style=\"margin-bottom: 0.0001pt; text-align: justify; line-height: normal;\"><a title=\"presepe vivente10 di LA VOCE DEL PAESE, su Flickr\" href=\"http:\/\/www.flickr.com\/photos\/91470992@N02\/11757214123\/\"><img loading=\"lazy\" decoding=\"async\" style=\"margin: 4px; float: left;\" src=\"http:\/\/farm3.staticflickr.com\/2831\/11757214123_18157a8697_n.jpg\" alt=\"presepe vivente10\" width=\"350\" height=\"197\" \/><\/a> Circa 2000 i visitatori recatisi in visita al presepe vivente giunto alla sua XVI edizione, organizzato dalla comunit\u00e0 parrocchiale <strong>della Chiesa Madre<\/strong> e inaugurato il 27 dicembre con la benedizione del parroco <strong>Don Tonino Posa<\/strong> e il saluto istituzionale del vice sindaco <strong>Filippo Donvito<\/strong>. Ad accompagnare il primo gruppo la guida <strong>Gabriella Tritto<\/strong> che ha subito presentato il tema di quest\u2019anno \u201cCamminare, edificare e confessare\u201d che allude alle parole di <strong>Papa Francesco<\/strong> che auspica la scoperta e la solidificazione del rapporto fedele-Dio attraverso un lungo cammino di preghiera, solidariet\u00e0 verso l\u2019altro e quindi edificazione di una chiesa che non deve essere di mattoni ma di persone, perch\u00e9 la Chiesa, come giustamente ha sottolineato la guida \u201csiamo tutti noi\u201d; compito centrale del cristiano sar\u00e0 dunque non professare individualmente la propria fede ma arricchire la propria c<a title=\"presepe vivente7 di LA VOCE DEL PAESE, su Flickr\" href=\"http:\/\/www.flickr.com\/photos\/91470992@N02\/11756981935\/\"><img loading=\"lazy\" decoding=\"async\" style=\"margin: 4px; float: right;\" src=\"http:\/\/farm4.staticflickr.com\/3724\/11756981935_19e98bd56b_n.jpg\" alt=\"presepe vivente7\" width=\"350\" height=\"197\" \/><\/a>omunit\u00e0 con l\u2019evangelizzazione, la testimonianza, da qui il terzo punto del \u201cconfessare\u201d.<\/p>\n<p style=\"margin-bottom: 0.0001pt; text-align: justify; line-height: normal;\">Alle parole del papa segue la domanda di un noto scrittore <strong>Thomas Eliot<\/strong> \u201cE\u2019 la chiesa che ha abbandonato l\u2019umanit\u00e0 o \u00e8 l\u2019uomo che ha abbandonato la chiesa?\u201d Una domanda quanto mai attuale in questo periodo in cui sembra che il rapporto con Dio stia passando in secondo piano se non proprio scomparendo del tutto.<\/p>\n<p style=\"margin-bottom: 0.0001pt; text-align: justify; line-height: normal;\">Ma il presepe, come ha subito introdotto Gabriella, \u201c<strong>non vuole dare risposte n\u00e9 le d\u00e0,<\/strong> vuole solo offrire uno <strong>spunto di riflessione<\/strong> su quello che da una parte \u00e8 il suggerimento del Papa e dall\u2019altra&nbsp; quella che si rivela come realt\u00e0 contemporanea: l\u2019allontanamento dalla nostra fede. Sia la chiesa che l\u2019umanit\u00e0 siamo noi\u201d dice la guida, dunque l\u2019uomo che si allontana da Dio, si allontana<a title=\"presepe vivente9 di LA VOCE DEL PAESE, su Flickr\" href=\"http:\/\/www.flickr.com\/photos\/91470992@N02\/11756973315\/\"><img loading=\"lazy\" decoding=\"async\" style=\"margin: 4px; float: left;\" src=\"http:\/\/farm6.staticflickr.com\/5529\/11756973315_86022e1d43_n.jpg\" alt=\"presepe vivente9\" width=\"350\" height=\"197\" \/><\/a> da se stesso perdendo la sua identit\u00e0, giungendo ad un nichilismo totale. Per evitare questo epilogo che ci inabisserebbe nel vuoto dell\u2019inesistenza del reale, ecco le prime scene tratte dall\u2019antico testamento che ci fanno riflettere sul giusto cammino da intraprendere per riscoprire la bellezza della nostra fede e l\u2019amicizia iniziata con Dio sin dall\u2019 origine dei tempi.<\/p>\n<p style=\"margin-bottom: 0.0001pt; text-align: justify; line-height: normal;\">Nella prima scena Giacobbe sogna<strong> una scala<\/strong> <strong>che arriva in cielo<\/strong> poi ascolta la voce di Dio che benedice la terra dove ora lui sta riposando e gli promette che lo custodir\u00e0 sempre. Giacobbe felice si alza e dice: \u201cVeramente c\u2019\u00e8 il signore in questo luogo e io non lo sapevo. Questa \u00e8 proprio la casa di Dio e la porta del cielo\u201d. La scala rappresenta la metafora del nostro cammino verso il Signore, che non \u00e8 facile ma nemmeno impossibile. &#8220;Un camm<a title=\"presepe vivente8 di LA VOCE DEL PAESE, su Flickr\" href=\"http:\/\/www.flickr.com\/photos\/91470992@N02\/11757728276\/\"><img loading=\"lazy\" decoding=\"async\" style=\"margin: 4px; float: right;\" src=\"http:\/\/farm3.staticflickr.com\/2880\/11757728276_186e4a847b_n.jpg\" alt=\"presepe vivente8\" width=\"350\" height=\"197\" \/><\/a>ino fatto di preghiera e aiuto verso i pi\u00f9 bisognosi\u201d ha spiegato la guida.<\/p>\n<p style=\"text-align: justify;\">La seconda scena \u00e8 tratta dall\u2019episodio di <strong>Mos\u00e8 e il serpente di rami<\/strong>: alcuni ebrei sono riversi a terra morti altri piangono, terrorizzati dai serpenti. Mos\u00e8 \u00e8 inginocchiato e prega guardando verso il cielo: Dio gli chiede di mettere un serpente di rame sul bastone, avvertendolo che chiunque lo guarder\u00e0 e sar\u00e0 morso vivr\u00e0. &#8220;Il popolo si era ribellato contro Dio, cedendo al peccato, anche noi vaghiamo nel deserto quando escludiamo dalla nostra vita Ges\u00f9 &#8211; ha commentato Gabriella &#8211; \u00e8 significativo che Dio si serva proprio del simbolo del peccato, appunto il serpente per permettere al popolo la salvezza dopo aver riconosciuto il proprio peccato.&#8221; Nella terza scena Ciro re di<a title=\"presepe vivente6 di LA VOCE DEL PAESE, su Flickr\" href=\"http:\/\/www.flickr.com\/photos\/91470992@N02\/11757383384\/\"><img loading=\"lazy\" decoding=\"async\" style=\"margin: 4px; float: left;\" src=\"http:\/\/farm6.staticflickr.com\/5478\/11757383384_f5375af20d_n.jpg\" alt=\"presepe vivente6\" width=\"350\" height=\"197\" \/><\/a> Persia permette agli ebrei di ritornare in patria per ricostruire a Gerusalemme il tempio del Signore raso al suolo da Nabucodonosor.&nbsp;&nbsp;&nbsp;<\/p>\n<p style=\"margin-bottom: 0.0001pt; text-align: justify; line-height: normal;\">Nella scena in cui ci appare il re Ciro seduto sul suo trono circondato da due servi ci viene cos\u00ec illustrata dalla guida: \u201c<strong>Il periodo che stiamo vivendo assomiglia molto a quelle rovine<\/strong>, a vizi come superbia e avarizia che ci allontanano da Dio, ma lui fiducioso non si stanca mai di aspettarci perch\u00e9 ci ama\u201d.<\/p>\n<p style=\"margin-bottom: 0.0001pt; line-height: normal; text-align: justify;\">Dopo la scena del mercato il momento centrale del percorso \u00e8 ovviamente quello della Nativit\u00e0 rappresentata in una cantina dove <strong>insieme a Giuseppe e Maria e al piccolo nascituro, i re magi e due bellissimi angeli<\/strong> annunciano<a title=\"presepe vivente3 di LA VOCE DEL PAESE, su Flickr\" href=\"http:\/\/www.flickr.com\/photos\/91470992@N02\/11756995345\/\"><img loading=\"lazy\" decoding=\"async\" style=\"margin: 4px; float: right;\" src=\"http:\/\/farm4.staticflickr.com\/3791\/11756995345_d4cf6bac96_n.jpg\" alt=\"presepe vivente3\" width=\"350\" height=\"197\" \/><\/a> solari la nascita del Figlio di Dio. In questo cammino verso Dio, \u00e8 proprio il signore a raggiungerci e a posare la prima pietra per l\u2019edificazione della sua chiesa: Ges\u00f9. \u201cEd \u00e8 da lui che dobbiamo ripartire per edificare la comunit\u00e0 cristiana\u201d ha aggiunto la guida. In un percorso dove si parla di edificazione di una chiesa non poteva mancare la persona alla quale proprio Ges\u00f9 aveva affidato il compito di erigere la sua Chiesa, il primo Papa: Pietro che nella scena tratta dagli atti degli apostoli, d\u00e0 vita ad una vera e propria prima catechesi in cui ricorda Ges\u00f9 che si era mostrato figlio di Dio proprio attraverso i suoi miracoli, morto e risorto ed ora invita apostoli e tutti il suo uditorio a battezzarsi in nome di quella fede che auspica di trasmettere a pi\u00f9 gente attraverso l\u2019evangelizzazione, importante compito di ciascun c<a title=\"presepe vivente4 di LA VOCE DEL PAESE, su Flickr\" href=\"http:\/\/www.flickr.com\/photos\/91470992@N02\/11757742976\/\"><img loading=\"lazy\" decoding=\"async\" style=\"margin: 4px; float: left;\" src=\"http:\/\/farm8.staticflickr.com\/7326\/11757742976_398968332d_n.jpg\" alt=\"presepe vivente4\" width=\"350\" height=\"197\" \/><\/a>ristiano proprio come fine dell\u2019edificazione della Chiesa.<\/p>\n<p style=\"margin-bottom: 0.0001pt; text-align: justify; line-height: normal;\">Commenta Gabriella \u201c<strong>Pietro \u00e8 morto per difendere la nostra fede<\/strong>, a noi non viene chiesto l\u2019estremo sacrificio, eppure sembra che ce ne vergogniamo o comunque lo viviamo come un fatto privato, distaccato dalla nostra vita. Non dobbiamo dimenticare che abbiamo ricevuto tutti attraverso la Confermazione, il mandato di annunciare il vangelo, <strong>sforziamoci di farlo in ogni aspetto della nostra vita<\/strong>\u201d.<\/p>\n<p style=\"text-align: justify;\">La scena che segue racconta \u201c<strong>I martiri di Abitene<\/strong>\u201d. Nel 303-304 l\u2019imperatore Diocleziano aveva ordinato un efferata e terribile persecuzione contro i cristiani facendo bruciare testi e luoghi sacri e proibendo la celebrazione eucaristica. Ad Abitene una comunit\u00e0 di quarantanove uomini si rifiutano di seguire gli ordini<a title=\"presepe vivente5 di LA VOCE DEL PAESE, su Flickr\" href=\"http:\/\/www.flickr.com\/photos\/91470992@N02\/11756988245\/\"><img loading=\"lazy\" decoding=\"async\" style=\"margin: 4px; float: right;\" src=\"http:\/\/farm3.staticflickr.com\/2894\/11756988245_a70fb19e57_n.jpg\" alt=\"presepe vivente5\" width=\"350\" height=\"197\" \/><\/a> dell\u2019imperatore e continuano a celebrare i riti domenicali \u201cperch\u00e9 noi cristiani senza ala domenica non possiamo vivere&#8221;, rispondono i cristiani al proconsole Anulino che insieme ad un altro proconsole e ad un giudice li aveva imprigionati e sottoposti a giudizio. Il giudizio espresso dal giudice decreta la morte persino di bambini. <strong>La persecuzione e il martirio di cristiani ai tempi di Diocleziano si rivela quanto mai attuale oggi<\/strong> in paesi dove le minoranze cristiane vengono barbaramente uccise.&nbsp;<\/p>\n<p style=\"margin-bottom: 0.0001pt; text-align: justify; line-height: normal;\">\u201cNoi siamo fortunati perch\u00e9 viviamo in un paese libero dove la fede pu\u00f2 essere liberamente professata, dobbiamo continuare a viverla nello stesso modo in cui la vivevano quei cristiani, uniti come una famiglia nel nome del Signore\u201d ha commentato Gabriella. La scena a nostro modo di vedere pi\u00f9 commovente e toccante \u00e8 quella finale: il video testamento di Shahbaz Bhatti, ministro delle minoranze pakistano, unico cattolico presente nel governo che si \u00e8 sempre battuto per la libert\u00e0 religiosa e per le minoranze religiose di cui in Pakistan<a title=\"presepe vivente2 di LA VOCE DEL PAESE, su Flickr\" href=\"http:\/\/www.flickr.com\/photos\/91470992@N02\/11756999655\/\"><img loading=\"lazy\" decoding=\"async\" style=\"margin: 4px; float: left;\" src=\"http:\/\/farm6.staticflickr.com\/5520\/11756999655_a073ecfd63_n.jpg\" alt=\"presepe vivente2\" width=\"350\" height=\"197\" \/><\/a> fa parte il cristianesimo. \u201cVoglio solo un posto ai piedi di Ges\u00f9. Voglio che la mia vita, il mio carattere, le mie azioni parlino di me e dicano che sto seguendo Ges\u00f9\u201d, dice il ministro nella sua intervista. <strong>Bhatti \u00e8 un martire contemporaneo: \u00e8 stato ucciso da un commando islamico il 2 marzo del 2011<\/strong>.<\/p>\n<p style=\"margin-bottom: 0.0001pt; text-align: justify; line-height: normal;\">Il viaggio del presepe termina con <strong>l\u2019augurio di avere coraggio di professare la propria fede<\/strong>, camminando alla presenza del signore, edificando la sua Chiesa, guardando la Sua croce, e confessare la propria fede. La <strong>sobriet\u00e0 dell\u2019allestimento generale di questa edizione del presepe<\/strong> \u00e8 assolutamente attinente al forte messaggio &#8211; che auspica arrivi a tutti- che richiama le parole di un Pontefice che grazie alla sua testimonianza, alla sua semplicit\u00e0, continua ad avvicinare anche ai meno credenti al Signore.<\/p>\n<p style=\"margin-bottom: 0.0001pt; text-align: justify; line-height: normal;\"><strong>I nostri vivissimi complimenti a tutto lo staff del Presepe Vivente per l\u2019ottimo lavoro realizzato<\/strong> anche quest\u2019anno e per averci permesso ancora una volta di vivere l\u2019incredibile magia che allora vissero solo i pastori: oggi quel Bambino ancora una volta nasce per dirci ancora a gran voce: <strong>Ti voglio bene, Seguimi<\/strong>!<\/p>\n<p style=\"margin-bottom: 0.0001pt; text-align: justify; line-height: normal;\">(scatti fotografici a cura dell&#8217;immancabile collaboratore <strong>Mario Di Giuseppe<\/strong>)<\/p>\n<p>\n<object data=\"https:\/\/static.googleusercontent.com\/external_content\/picasaweb.googleusercontent.com\/slideshow.swf\" type=\"application\/x-shockwave-flash\" width=\"640\" height=\"480\"><param name=\"flashvars\" value=\"host=picasaweb.google.com&amp;hl=it&amp;feat=flashalbum&amp;RGB=0x000000&amp;feed=https%3A%2F%2Fpicasaweb.google.com%2Fdata%2Ffeed%2Fapi%2Fuser%2F104626251937098962566%2Falbumid%2F5964269165821658577%3Falt%3Drss%26kind%3Dphoto%26hl%3Dit\" \/><param name=\"movie\" value=\"https:\/\/static.googleusercontent.com\/external_content\/picasaweb.googleusercontent.com\/slideshow.swf\" \/><\/object><\/p>\n","protected":false},"excerpt":{"rendered":"","protected":false},"author":1,"featured_media":0,"comment_status":"open","ping_status":"closed","sticky":false,"template":"","format":"standard","meta":{"colormag_page_container_layout":"default_layout","colormag_page_sidebar_layout":"default_layout","footnotes":""},"categories":[7],"tags":[],"class_list":["post-44387","post","type-post","status-publish","format-standard","hentry","category-attualita"],"_links":{"self":[{"href":"https:\/\/archiviogioia.lavocedelpaese.info\/index.php?rest_route=\/wp\/v2\/posts\/44387","targetHints":{"allow":["GET"]}}],"collection":[{"href":"https:\/\/archiviogioia.lavocedelpaese.info\/index.php?rest_route=\/wp\/v2\/posts"}],"about":[{"href":"https:\/\/archiviogioia.lavocedelpaese.info\/index.php?rest_route=\/wp\/v2\/types\/post"}],"author":[{"embeddable":true,"href":"https:\/\/archiviogioia.lavocedelpaese.info\/index.php?rest_route=\/wp\/v2\/users\/1"}],"replies":[{"embeddable":true,"href":"https:\/\/archiviogioia.lavocedelpaese.info\/index.php?rest_route=%2Fwp%2Fv2%2Fcomments&post=44387"}],"version-history":[{"count":0,"href":"https:\/\/archiviogioia.lavocedelpaese.info\/index.php?rest_route=\/wp\/v2\/posts\/44387\/revisions"}],"wp:attachment":[{"href":"https:\/\/archiviogioia.lavocedelpaese.info\/index.php?rest_route=%2Fwp%2Fv2%2Fmedia&parent=44387"}],"wp:term":[{"taxonomy":"category","embeddable":true,"href":"https:\/\/archiviogioia.lavocedelpaese.info\/index.php?rest_route=%2Fwp%2Fv2%2Fcategories&post=44387"},{"taxonomy":"post_tag","embeddable":true,"href":"https:\/\/archiviogioia.lavocedelpaese.info\/index.php?rest_route=%2Fwp%2Fv2%2Ftags&post=44387"}],"curies":[{"name":"wp","href":"https:\/\/api.w.org\/{rel}","templated":true}]}}